{"id":34540,"date":"2018-02-02T12:13:51","date_gmt":"2018-02-02T11:13:51","guid":{"rendered":"http:\/\/www.fedaiisf.it\/?p=34540"},"modified":"2018-02-02T19:11:30","modified_gmt":"2018-02-02T18:11:30","slug":"caso-amazon-controllo-distanza-controllo-distanza-degli-isf","status":"publish","type":"post","link":"https:\/\/www.fedaiisf.it\/en\/caso-amazon-controllo-distanza-controllo-distanza-degli-isf\/","title":{"rendered":"The Amazon case and remote control. And the remote control of the ISF?"},"content":{"rendered":"<p>La recente vicenda del braccialetto di controllo per i lavoratori di Amazon, ha posto all\u2019attenzione del pubblico il problema del controllo dei lavoratori con mezzi elettronici.<\/p>\n<p>Noi, come Informatori scientifici, avevamo sollevato il problema ancora prima che venisse emanato il \u201cjobs act\u201d, quando se ne ipotizzavano le norme. Abbiamo in varie occasioni condannato la modifica dell\u2019art. 4 dello statuto dei lavoratori che avrebbe permesso il controllo a distanza.<\/p>\n<p><a href=\"http:\/\/www.fedaiisf.it\/wp-content\/uploads\/2015\/06\/jobs.act_.jpg\"><img loading=\"lazy\" decoding=\"async\" class=\"wp-image-19661 alignright\" src=\"http:\/\/www.fedaiisf.it\/wp-content\/uploads\/2015\/06\/jobs.act_.jpg\" alt=\"\" width=\"347\" height=\"194\" \/><\/a>Nel Decreto Legislativo del 14 settembre 2015, n.151, recante \u201cDisposizioni di razionalizzazione e semplificazione delle procedure e degli adempimenti a carico di cittadini e imprese e altre disposizioni in materia di rapporto di lavoro e pari opportunit\u00e0\u201c, all\u2019<a href=\"http:\/\/www.gazzettaufficiale.it\/atto\/serie_generale\/caricaArticolo?art.progressivo=0&amp;art.idArticolo=23&amp;art.versione=1&amp;art.codiceRedazionale=15G00164&amp;art.dataPubblicazioneGazzetta=2015-09-23&amp;art.idGruppo=5&amp;art.idSottoArticolo1=10&amp;art.idSottoArticolo=1&amp;art.flagTipoArticolo=0#art\" target=\"_blank\" rel=\"noopener\">article 23<\/a>, a modifica dell\u2019art. 4 della legge 20 maggio 1970, n.300, si legge:<\/p>\n<p>\u201c<em>Gli impianti audiovisivi e gli altri strumenti dai quali derivi anche la possibilit\u00e0 di controllo a distanza dell\u2019attivit\u00e0 dei lavoratori possono essere impiegati esclusivamente per esigenze organizzative e produttive, per la sicurezza del lavoro e per la tutela del patrimonio aziendale e possono essere installati previo accordo collettivo stipulato dalla rappresentanza sindacale unitaria o dalle rappresentanze sindacali aziendali. In alternativa, nel caso di imprese con unit\u00e0 produttive ubicate in diverse province della stessa regione ovvero in pi\u00f9 regioni, tale accordo pu\u00f2 essere stipulato dalle associazioni sindacali comparativamente pi\u00f9 rappresentative sul piano nazionale. In mancanza di accordo gli impianti e gli strumenti di cui al periodo precedente possono essere installati previa autorizzazione della Direzione territoriale del lavoro o, in alternativa, nel caso di imprese con unit\u00e0 produttive dislocate negli ambiti di competenza di pi\u00f9 Direzioni territoriali del lavoro, del Ministero del lavoro e delle politiche sociali<\/em>\u201c.<\/p>\n<p>Segue il passaggio, secondo comma, al centro della querelle, in cui si precisa che <strong>tale disposizione<\/strong><\/p>\n<p><em>&#8220;<strong>non si applica agli strumenti utilizzati dal lavoratore per rendere la prestazione lavorativa<\/strong> e agli strumenti di registrazione degli accessi e delle presenze\u201c. <\/em>Il testo continua disponendo che \u201c<strong>the information<\/strong><em><strong>\u00a0raccolte ai sensi del primo e del secondo comma sono utilizzabili a tutti i fini connessi al rapporto di lavoro<\/strong> a condizione che sia data al lavoratore adeguata informazione delle modalit\u00e0 d\u2019uso degli strumenti e di effettuazione dei controlli e nel rispetto di quanto disposto dal decreto legislativo 30 giugno 2003, n. 196<\/em>\u201c.<\/p>\n<p><a href=\"http:\/\/www.fedaiisf.it\/wp-content\/uploads\/2015\/10\/controllo-JOBS-ACT.jpg\"><img loading=\"lazy\" decoding=\"async\" class=\"wp-image-22143 alignleft\" src=\"http:\/\/www.fedaiisf.it\/wp-content\/uploads\/2015\/10\/controllo-JOBS-ACT-300x139.jpg\" alt=\"\" width=\"376\" height=\"174\" srcset=\"https:\/\/www.fedaiisf.it\/wp-content\/uploads\/2015\/10\/controllo-JOBS-ACT-300x139.jpg 300w, https:\/\/www.fedaiisf.it\/wp-content\/uploads\/2015\/10\/controllo-JOBS-ACT-1024x474.jpg 1024w, https:\/\/www.fedaiisf.it\/wp-content\/uploads\/2015\/10\/controllo-JOBS-ACT-768x356.jpg 768w, https:\/\/www.fedaiisf.it\/wp-content\/uploads\/2015\/10\/controllo-JOBS-ACT-1536x711.jpg 1536w, https:\/\/www.fedaiisf.it\/wp-content\/uploads\/2015\/10\/controllo-JOBS-ACT.jpg 1997w\" sizes=\"auto, (max-width: 376px) 100vw, 376px\" \/><\/a>Il secondo comma quindi concede libert\u00e0 di adozione degli strumenti da parte del datore di lavoro se utilizzati dal lavoratore per rendere la prestazione lavorativa. Il comma non contiene alcun riferimento alla necessit\u00e0 dello strumento per rendere la prestazione lavorativa: da qui si pu\u00f2 aprire un mondo interpretativo non indifferente.<br \/>\n\u00c8 la parte datoriale che decide come il lavoro deve essere espletato, gestito, organizzato. Ed \u00e8 sempre il datore di lavoro che individua le modalit\u00e0 con le quali il lavoratore deve rendere la prestazione lavorativa: da questo deriva una apparente libert\u00e0 di inserire strumenti quali GPS, biometria e tutti gli strumenti di natura tecnologica dai quali possa derivare un controllo a distanza, atti a rendere la prestazione lavorativa (magari non indispensabili, ma funzionali alla &#8220;normalizzazione&#8221;, semplificando od ottimizzando aspetti di organizzazione e produzione). Non solo, ma con i mezzi elettronici, smartphone e tablet, si pu\u00f2 anche controllare cosa viene detto nell\u2019ambiente circostante lo strumento, gentilmente concesso dall\u2019azienda.<br \/>\nLe conseguenze per gli ISF possono essere devastanti, l\u2019implicito controllo illegale del marketing totale, l\u2019autonomia della gestione del lavoro dell\u2019ISF, garantita dal contratto, un inutile orpello.<\/p>\n<p>Le aziende, grazie alla controriforma Poletti con la modifica all\u2019art. 4 dello Statuto dei Lavoratori, possono quindi spiare legalmente e tranquillamente con gli smartphone, i tablets o i computer i propri dipendenti senza il consenso di alcuno. E con i dati cos\u00ec raccolti possono licenziare. Almeno a Google, Facebook, ecc. abbiamo pi\u00f9 o meno coscientemente dato un consenso, alle aziende spione non serve neanche quello!<\/p>\n<p>Sul caso Amazon, alle accuse che rimandano alla riforma del lavoro risponde il Ministro Poletti, che bolla come falsi i riferimenti al Jobs Act: &#8220;<em>La norma non ha liberalizzato i controlli<\/em>&#8220;, si legge in una nota, &#8220;<em>ma ha fatto chiarezza circa il concetto di &#8216;strumenti di controllo a distanza&#8217; ed i limiti di utilizzabilit\u00e0 dei dati raccolti attraverso questi dispositivi, in linea con le indicazioni che il Garante della Privacy ha fornito negli ultimi anni<\/em>&#8220;.<br \/>\nOra, il perito agrario Poletti o non conosce la legge che ha fatto o mente spudoratamente, tertium non datur.<\/p>\n<p>Redazione &#8211; 02\/02\/2018<\/p>\n<p>Related news: <a href=\"http:\/\/www.fedaiisf.it\/en\/il-controllo-a-distanza-dellambiente-intorno-al-cellulare\/\" target=\"_blank\" rel=\"noopener\">Remote control of the environment around the mobile phone or ipad<\/a><\/p>\n<p><a href=\"http:\/\/www.fedaiisf.it\/en\/lo-snami-abruzzo-vieta-luso-di-tablet-e-smartphone-agli-isf\/\" target=\"_blank\" rel=\"noopener\">SNAMI Abruzzo prohibits the use of tablets and smartphones for ISFs<\/a><\/p>\n<hr \/>\n<h2 class=\"articolo_titolo\">Un braccialetto elettronico ai polsi dei dipendenti<\/h2>\n<div class=\"articolo_autore\"><a href=\"http:\/\/www.rassegna.it\/articoli\/amazon-un-braccialetto-elettronico-ai-polsi-dei-dipendenti\" target=\"_blank\" rel=\"noopener\">01 febbraio 2018 &#8211; rassegna.it<\/a><\/div>\n<div class=\"articolo_contenuto\">\n<div><\/div>\n<div class=\"articolo_sommario\"><em>Amazon brevetta un sistema in grado di inviare vibrazioni a chi commette errori nelle consegne. Nessuna indicazione, per ora sull&#8217;utilizzo. Camusso: notizia che si commenta da sola. Il ministro Poletti: in Italia c&#8217;\u00e8 una legge e si rispetta<\/em><\/div>\n<div class=\"articolo_testo\" data-advertorial=\"NO\">\n<div id=\"articolo_slide\" class=\"articolo_slide\">\n<div class=\"sliderContainer slider_articolo_1 clearfix\" data-size=\"560,359\" data-template=\"4\" data-gellery-id=\"368859\">\n<div id=\"full-width-slider\" class=\"royalSlider heroSlider rsMinW rsHor rsWebkit3d\">\n<div class=\"rsOverflow\">\n<div class=\"rsContainer\">\n<div class=\"rsSlide\">\n<div class=\"rsContent\"><img loading=\"lazy\" decoding=\"async\" class=\"rsImg rsMainSlideImage aligncenter\" src=\"http:\/\/files.rassegna.it\/userdata\/sites\/rassegnait\/images\/foto\/w560-h359\/2018\/02\/piotr-cichosz-414542_7761.jpg\" alt=\"\" width=\"445\" height=\"285\" \/><\/div>\n<\/div>\n<\/div>\n<\/div>\n<\/div>\n<\/div>\n<\/div>\n<div class=\"articolo_testo-content\">\n<p>Ottimizzare il lavoro nei magazzini in cui si evadono gli ordini online con<strong>braccialetti \u201cintelligenti\u201d per i dipendenti <\/strong>in grado di monitorarne le attivit\u00e0. \u00c8 l&#8217;idea brevettata da Amazon per velocizzare le operazioni di consegna. Lo riporta il sito <em>GeekWire<\/em>. Il sistema pensato dal colosso di Seattle si basa su braccialetti connessi all&#8217;inventario e agli ordini, in grado di controllare con precisione se le mani dei dipendenti si stanno muovendo nel posto giusto. Insomma, sapranno se lo staff sta compiendo i passaggi corretti e pi\u00f9 veloci per evadere un ordine.<\/p>\n<p>Uno strumento pensato per rendere il lavoro pi\u00f9 efficiente, ma anche una forma di controllo che metterebbe a rischio la privacy del lavoratore. <strong>Per ora non ci sono indicazioni ufficiali<\/strong> di Amazon sull&#8217;effettiva realizzazione dei brevetti, ma il potenziale mezzo di sorveglianza potrebbe far discutere. In Italia i dipendenti di Amazon hanno protestato contro le condizioni di lavoro con <a href=\"http:\/\/www.rassegna.it\/articoli\/amazon-black-friday-con-sciopero\" target=\"_blank\" rel=\"noopener\"><strong>uno sciopero in occasione del Black Friday<\/strong><\/a>.<\/p>\n<p>I braccialetti, sempre secondo <em>GeekWire<\/em>, sarebbero anche in grado di<strong>inviare ai polsi dei dipendenti delle vibrazioni per indicare eventuali errori<\/strong>. Per gli autori del brevetto, riporta il sito, i dispositivi aggirano il bisogno di sistemi di monitoraggio pi\u00f9 complessi e costosi di tipo \u201cvisivi\u201d basati sull&#8217;intelligenza artificiale come quello alla base di Amazon Go, il negozio senza casse appena aperto a Seattle.<\/p>\n<p>\u201cIn Italia c&#8217;\u00e8 una legge e le cose che si possono fare sono quelle ammesse dalla legge\u201d, commenta il ministro del Lavoro <strong>Giuliano Poletti<\/strong>. \u201cSul tema dei controlli \u2013 ha proseguito \u2013 la legge prevede che per avere determinate autorizzazioni ci debba essere un accordo con i sindacati e le autorit\u00e0 competenti. Non valuto nel merito nulla, ma in Italia la legge si applica e si rispetta. Vale per Amazon come per tutti gli altri\u201d.<\/p>\n<p>\u201cPenso che la notizia si commenti da sola\u201d. Cos\u00ec il segretario generale della Cgil <strong>Susanna Camusso <\/strong>ha risposto ai giornalisti: \u201cAvrebbe pure le catene e le palle di piombo?\u201d, ha chiosato ironicamente la dirigente sindacale a margine di un convegno al Cnel.<\/p>\n<p>Related news:\u00a0<a href=\"https:\/\/www.ilfattoquotidiano.it\/2018\/02\/02\/amazon-brevetta-il-bracciale-elettronico-pagati-per-lavorare-non-per-pensare-come-un-secolo-fa\/4132241\/\" target=\"_blank\" rel=\"noopener\">Amazon brevetta il bracciale elettronico. \u2018Pagati per lavorare, non per pensare\u2019 come un secolo fa<\/a><\/p>\n<p><a href=\"http:\/\/lazio.cgil.it\/wp-content\/uploads\/2017\/08\/Trib.-Roma-Ordinanza-26.07.2017-Est.-Cosentino-Incost.pdf\" target=\"_blank\" rel=\"noopener\">Ordinanza del Tribunale di Roma che rinvia alla Corte Costituzionale il Jobs Act<\/a><\/p>\n<\/div>\n<p><a href=\"http:\/\/www.altalex.com\/documents\/biblioteca\/2017\/12\/15\/contratto-a-tutele-crescenti-alla-corte-costituzionale\" target=\"_blank\" rel=\"noopener\">Contratto a tutele crescenti: la rimessione alla Corte Costituzionale<\/a><\/p>\n<\/div>\n<\/div>","protected":false},"excerpt":{"rendered":"<p>La recente vicenda del braccialetto di controllo per i lavoratori di Amazon, ha posto all\u2019attenzione del pubblico il problema del controllo dei lavoratori con mezzi elettronici. Noi, come Informatori scientifici, avevamo sollevato il problema ancora prima che venisse emanato il \u201cjobs act\u201d, quando se ne ipotizzavano le norme. Abbiamo in varie occasioni condannato la modifica &hellip;<\/p>","protected":false},"author":4,"featured_media":19701,"comment_status":"closed","ping_status":"closed","sticky":false,"template":"","format":"standard","meta":{"footnotes":""},"categories":[1],"tags":[41,27,38],"class_list":["post-34540","post","type-post","status-publish","format-standard","has-post-thumbnail","hentry","category-notizie","tag-leggisentenze","tag-licenziati","tag-n-d-r"],"amp_enabled":true,"_links":{"self":[{"href":"https:\/\/www.fedaiisf.it\/en\/wp-json\/wp\/v2\/posts\/34540","targetHints":{"allow":["GET"]}}],"collection":[{"href":"https:\/\/www.fedaiisf.it\/en\/wp-json\/wp\/v2\/posts"}],"about":[{"href":"https:\/\/www.fedaiisf.it\/en\/wp-json\/wp\/v2\/types\/post"}],"author":[{"embeddable":true,"href":"https:\/\/www.fedaiisf.it\/en\/wp-json\/wp\/v2\/users\/4"}],"replies":[{"embeddable":true,"href":"https:\/\/www.fedaiisf.it\/en\/wp-json\/wp\/v2\/comments?post=34540"}],"version-history":[{"count":0,"href":"https:\/\/www.fedaiisf.it\/en\/wp-json\/wp\/v2\/posts\/34540\/revisions"}],"wp:featuredmedia":[{"embeddable":true,"href":"https:\/\/www.fedaiisf.it\/en\/wp-json\/wp\/v2\/media\/19701"}],"wp:attachment":[{"href":"https:\/\/www.fedaiisf.it\/en\/wp-json\/wp\/v2\/media?parent=34540"}],"wp:term":[{"taxonomy":"category","embeddable":true,"href":"https:\/\/www.fedaiisf.it\/en\/wp-json\/wp\/v2\/categories?post=34540"},{"taxonomy":"post_tag","embeddable":true,"href":"https:\/\/www.fedaiisf.it\/en\/wp-json\/wp\/v2\/tags?post=34540"}],"curies":[{"name":"wp","href":"https:\/\/api.w.org\/{rel}","templated":true}]}}