{"id":34778,"date":"2018-02-18T11:03:00","date_gmt":"2018-02-18T10:03:00","guid":{"rendered":"http:\/\/www.fedaiisf.it\/?p=34778"},"modified":"2018-02-18T12:54:35","modified_gmt":"2018-02-18T11:54:35","slug":"la-mela-avvelenata-farmindustria-riflessione-del-collega-giammei","status":"publish","type":"post","link":"https:\/\/www.fedaiisf.it\/en\/la-mela-avvelenata-farmindustria-riflessione-del-collega-giammei\/","title":{"rendered":"Farmindustria&#039;s poisoned apple. Reflection by colleague Giammei"},"content":{"rendered":"<div><em>Riceviamo e volentieri pubblichiamo le riflessioni del Collega Antonio Giammei a sostegno dell&#8217;analisi di Mirko Ferrarrini, pubblicata sul sito &#8220;informatori.it&#8221;, a cui rimandiamo, dal titolo &#8220;<a href=\"http:\/\/www.informatori.it\/isf\/oneone.htm\" target=\"_blank\" rel=\"noopener\"><strong>Onest\u00e0, onest\u00e0: siamo solo dei numeri<\/strong><\/a>&#8220;<\/em><\/div>\n<div><\/div>\n<div>\n<hr \/>\n<\/div>\n<div><\/div>\n<p>E&#8217; un sostegno all&#8217;analisi di Mirko Ferrarini affrontata da un diverso punto di vista.<br \/>\nOgni tanto mi risveglio dall&#8217;amato Ozio e busso alla tua porta.Ho intenzione di sostenere quanto scritto da Mirko , compagno di sparute ma intense e lunghe chiacchierate telefoniche. Non avendo partecipato e non conoscendo le dinamiche Novartis se non attraverso le sue esperienze, azzardo la presunzione di spaziare a 360 gradi con lo sguardo.Mirko nella sua analisi, partendo dal particolare ( Novartis) giunge al generale, iniziando dai Territoriali e passando per i Sindacati, le Associazioni dei datori di lavoro ed infine il Ministero, fa capire che ognuno \u00e8 focalizzato sul proprio interesse che ormai non ha nulla pi\u00f9 da condividere con l&#8217;interesse del Lavoratore e oso dire, perdonatemi se azzardo accomunare il Lavoro con la Nazione, con l&#8217;interesse generale.<\/p>\n<p>Tutto \u00e8 parcellizzato e \u00a0finalizzato al raggiungimento dei propri obiettivi che a volte possono rappresentare un danno per i Lavoratori e quindi per la Collettivit\u00e0 .Al contrario di Mirko, per sostenere la sua tesi, parto dal generale per arrivare al particolare ovvero alle attuali individuali mancanze di tutele , agli individuali sfruttamenti del Lavoro, alle individuali angherie, al caporalato generalizzato reso legale a colpi di decreti. Dall&#8217;analisi di Mirko abbiamo capito che i tre grandi Moloch (Ministero, Associazioni dei Datori di Lavoro e Sindacati) tendono esclusivamente ai propri interessi e a mantenere le proprie posizioni di privilegio che a volte richiede un accordo tra di loro a scapito dei Lavoratori.<\/p>\n<p><a href=\"http:\/\/www.fedaiisf.it\/wp-content\/uploads\/2014\/07\/isf.licenziato.jpg\"><img loading=\"lazy\" decoding=\"async\" class=\"size-full wp-image-1138 alignright\" src=\"http:\/\/www.fedaiisf.it\/wp-content\/uploads\/2014\/07\/isf.licenziato.jpg\" alt=\"\" width=\"300\" height=\"251\" \/><\/a>Il Ministero ha il vuoto interesse a controllare che sia rispettato ci\u00f2 che \u00e8 prescritto dalla Legge non curandosi se questo sia un bene per la Collettivit\u00e0 e neanche preoccupandosi di controllare se le risorse che dovr\u00e0 impegnare l&#8217;INPS abbiano un fondamento di necessit\u00e0.<\/p>\n<p>Le Associazioni dei Datori di Lavoro hanno l&#8217;unico interesse di produrre utili per gli azionisti anzich\u00e9, unica giustificazione della ricchezza, produrre posti di lavoro e benessere per le famiglie che si traduce in benessere per la Nazione.<\/p>\n<p>Il Sindacato, avendo perso memoria del suo ruolo primigeneo (oso scriverlo perch\u00e9 temo che molti ne abbiano perso memoria) la difesa del Lavoro e del Lavoratore che passa anche attraverso il contratto , pilastro delle tutele e delle garanzie per il Lavoro, ma non deve essere l&#8217;unico compito n\u00e9 deve essere ritenuto sufficiente. Esso, \u00e8 assolutamente preoccupato e \u00a0accecato dalla ricorsa al rinnovo contrattuale, ormai \u00e8 l&#8217;unico ruolo a cui ambisce il Sindacato affinch\u00e9 si possa perpetrare la casta delle poltrone con lo strascico di Vassalli, Valvassori e Valvassini.<\/p>\n<p>Tutto ci\u00f2 ha origine da una prima mela stregata che Confindustria (allora era Presidente Guido Carli) offri&#8217; al Sindacato.<\/p>\n<p>Era il 1979 e Confindustria chiese che almeno 5 punti di Pil, dell&#8217;aumento del reddito destinato al lavoro, venissero recuperati per trasferirli al profitto. Da l\u00ec \u00e8 iniziata la marcia che attraverso il decreto Craxi del 1984 (che inizi\u00f2 ad intaccare la scala mobile, definitivamente eliminata con gli accordi del &#8217;92 e &#8217;93) cominci\u00f2 ad erodere il reddito dei Lavoratori (bene Nazionale) a favore degli utili (bene privato, in Italia raramente reinvestito per aumentare il benessere).<\/p>\n<p>Dopo aver morso la mela, il Sindacato \u00e8 caduto in un sonno stregato per il quale le discussioni sui rinnovi contrattuali e gli aumenti del salario nascondono esclusivamente la volont\u00e0 di proceduralizzare il Conflitto Sociale.<\/p>\n<p>\u00c8 una priorit\u00e0 assoluta risvegliare il Sindacato dal suo torpore perch\u00e9 finch\u00e9 il Lavoro sar\u00e0 subordinazione, fatica, spesso per una paga ingiusta, ci sar\u00e0 bisogno del Sindacato, cio\u00e8 della rappresentanza collettiva del lavoro, per non lasciare il lavoratore solo davanti al padrone.<\/p>\n<p>Antonio Giammei<\/p>\n<hr \/>\n<p><strong>Ed<\/strong>.:\u00a0<em>Fedaiisf concorda con Giammei sulla necessit\u00e0 e sul bisogno del sindacato e per questo opera costantemente per risvegliarlo dal \u201ctorpore\u201d in cui era caduto negli ultimi 10 anni. E l\u2019opera di sensibilizzazione riguarda non solo gli ISF in senso stretto ma riguarda anche tutti quei colleghi espulsi dal lavoro e che hanno trovato una collocazione nei nutraceutici, nei dispositivi, ecc.. Gi\u00e0 si vedono significativi segnali del cambiamento di atteggiamento nei nostri confronti, basti osservare il sito Filctem e la <a href=\"http:\/\/www.filctemcgil.it\/index.php?option=com_flexicontent&amp;view=items&amp;cid=151&amp;id=6693\" target=\"_blank\" rel=\"noopener\">page <\/a>che viene dedicata alla nostra categoria. Vedremo se queste premesse daranno i suoi frutti<\/em><\/p>","protected":false},"excerpt":{"rendered":"<p>Riceviamo e volentieri pubblichiamo le riflessioni del Collega Antonio Giammei a sostegno dell&#8217;analisi di Mirko Ferrarrini, pubblicata sul sito &#8220;informatori.it&#8221;, a cui rimandiamo, dal titolo &#8220;Onest\u00e0, onest\u00e0: siamo solo dei numeri&#8220; E&#8217; un sostegno all&#8217;analisi di Mirko Ferrarini affrontata da un diverso punto di vista. Ogni tanto mi risveglio dall&#8217;amato Ozio e busso alla tua &hellip;<\/p>","protected":false},"author":4,"featured_media":34781,"comment_status":"closed","ping_status":"closed","sticky":false,"template":"","format":"standard","meta":{"footnotes":""},"categories":[1,48],"tags":[50,21,37,27,38,44],"class_list":["post-34778","post","type-post","status-publish","format-standard","has-post-thumbnail","hentry","category-notizie","category-note-di-redazione","tag-farmindustria","tag-informatori-scientifici","tag-lettere-alla-redazione","tag-licenziati","tag-n-d-r","tag-sindacati"],"amp_enabled":true,"_links":{"self":[{"href":"https:\/\/www.fedaiisf.it\/en\/wp-json\/wp\/v2\/posts\/34778","targetHints":{"allow":["GET"]}}],"collection":[{"href":"https:\/\/www.fedaiisf.it\/en\/wp-json\/wp\/v2\/posts"}],"about":[{"href":"https:\/\/www.fedaiisf.it\/en\/wp-json\/wp\/v2\/types\/post"}],"author":[{"embeddable":true,"href":"https:\/\/www.fedaiisf.it\/en\/wp-json\/wp\/v2\/users\/4"}],"replies":[{"embeddable":true,"href":"https:\/\/www.fedaiisf.it\/en\/wp-json\/wp\/v2\/comments?post=34778"}],"version-history":[{"count":0,"href":"https:\/\/www.fedaiisf.it\/en\/wp-json\/wp\/v2\/posts\/34778\/revisions"}],"wp:featuredmedia":[{"embeddable":true,"href":"https:\/\/www.fedaiisf.it\/en\/wp-json\/wp\/v2\/media\/34781"}],"wp:attachment":[{"href":"https:\/\/www.fedaiisf.it\/en\/wp-json\/wp\/v2\/media?parent=34778"}],"wp:term":[{"taxonomy":"category","embeddable":true,"href":"https:\/\/www.fedaiisf.it\/en\/wp-json\/wp\/v2\/categories?post=34778"},{"taxonomy":"post_tag","embeddable":true,"href":"https:\/\/www.fedaiisf.it\/en\/wp-json\/wp\/v2\/tags?post=34778"}],"curies":[{"name":"wp","href":"https:\/\/api.w.org\/{rel}","templated":true}]}}