{"id":34952,"date":"2018-02-26T12:28:04","date_gmt":"2018-02-26T11:28:04","guid":{"rendered":"http:\/\/www.fedaiisf.it\/?p=34952"},"modified":"2018-02-27T13:20:58","modified_gmt":"2018-02-27T12:20:58","slug":"carenza-farmaci-federfarma-scrive-allaifa-risoluzione-problematica","status":"publish","type":"post","link":"https:\/\/www.fedaiisf.it\/en\/carenza-farmaci-federfarma-scrive-allaifa-risoluzione-problematica\/","title":{"rendered":"Drug shortage, Federfarma writes to AIFA for problem resolution"},"content":{"rendered":"<div class=\"img\"><img decoding=\"async\" class=\"alignright\" src=\"https:\/\/www.federfarma.it\/getattachment\/18bab3fd-4bc3-4b6d-822e-40dd9fb0b01f\/Carenza-farmaci,-Federfarma-scrive-all%E2%80%99Aifa-per-ri.aspx?maxsidesize=200\" alt=\"\" \/><\/div>\n<p>Continua il dibattito sul problema della carenza di alcuni medicinali nelle farmacie. A dire la sua, questa volta, \u00e8 il presidente di Federfarma, <strong>Marco Cossolo<\/strong>, che in una lettera al direttore dell\u2019Ufficio qualit\u00e0 dei prodotti di Aifa e coordinatore del Tavolo Tecnico sulle Indisponibilit\u00e0, <strong>Dominic Di Giorgio<\/strong>, precisa che \u201ca seguito di alcune dichiarazioni, di rappresentanti territoriali di Federfarma, riportate dalla stampa sul tema della reperibilit\u00e0 di alcuni medicinali e degli esiti della riunione del Tavolo Tecnico sulle Indisponibilit\u00e0 del 21 febbraio u.s., ritengo necessario dar seguito alla sua richiesta volta a comprendere la posizione ufficiale di Federfarma sul ruolo e sul valore da attribuire a tale strumento, peraltro gi\u00e0 sostanzialmente riscontrata dal nostro rappresentante alla riunione.<\/p>\n<p>Confermo che Federfarma ha visto nell\u2019istituzione del TTI \u2013 si legge &#8211; una fondamentale risposta istituzionale ad un problema che la Federazione segnalava da tempo nelle varie sedi, ossia quello della difficile reperibilit\u00e0 di alcuni medicinali. I lavori e le risposte che il Tavolo dalla sua istituzione e nella sua organicit\u00e0 ha fornito a tutta la filiera e indirettamente ai cittadini, rappresentano degli importanti risultati verso la soluzione di un problema particolarmente complesso che deve tener conto anche di una serie di vincoli normativi, ben noti a tutti, che oggettivamente non consentono soluzioni immediate\u201d.<\/p>\n<p><a href=\"http:\/\/www.fedaiisf.it\/wp-content\/uploads\/2014\/09\/farmaci-mancanti.png\"><img loading=\"lazy\" decoding=\"async\" class=\"wp-image-3471 alignleft\" src=\"http:\/\/www.fedaiisf.it\/wp-content\/uploads\/2014\/09\/farmaci-mancanti.png\" alt=\"\" width=\"244\" height=\"168\" srcset=\"https:\/\/www.fedaiisf.it\/wp-content\/uploads\/2014\/09\/farmaci-mancanti.png 477w, https:\/\/www.fedaiisf.it\/wp-content\/uploads\/2014\/09\/farmaci-mancanti-300x207.png 300w, https:\/\/www.fedaiisf.it\/wp-content\/uploads\/2014\/09\/farmaci-mancanti-220x150.png 220w, https:\/\/www.fedaiisf.it\/wp-content\/uploads\/2014\/09\/farmaci-mancanti-80x54.png 80w, https:\/\/www.fedaiisf.it\/wp-content\/uploads\/2014\/09\/farmaci-mancanti-81x55.png 81w\" sizes=\"auto, (max-width: 244px) 100vw, 244px\" \/><\/a>E ancora, \u201cProprio perch\u00e9 di tali complessit\u00e0 siamo tutti consapevoli, Federfarma non pu\u00f2 che considerare fondamentale e imprescindibile avere a disposizione uno strumento come il TTI che, grazie anche alla sua attenta direzione, consente a tutta la filiera di confrontarsi periodicamente e trovare gradualmente risposte, come il Documento Condiviso sulle Carenze, che contribuiscono a riportare il problema entro limiti progressivamente pi\u00f9 limitati.<\/p>\n<p>Tali giudizi sull\u2019importanza che Federfarma attribuisce al Tavolo \u2013 si legge ancora nella lettera &#8211; trovano poi pieno riscontro in tutte quelle iniziative concrete che Federfarma ha attuato in coerenza con le decisioni assunte in tale sede che riguardano la presentazione di ricorsi e di altri atti e dichiarazioni a sostegno dell\u2019Aifa e del Ministero della Salute coinvolti in contenziosi su tale materia, oltre a tutta l\u2019<strong>attivit\u00e0 politica e sindacale che Federfarma ha dispiegato volta a ostacolare, nei limiti legalmente possibili, l\u2019attivit\u00e0 dei farmacisti-grossisti<\/strong>, ponendosi anche in contrasto con parte dei suoi associati\u201d.<\/p>\n<p>\u201cIn tale contesto \u2013 si spiega in chiusura della lettera &#8211; alcune comprensibili dichiarazioni provenienti da nostri esponenti sul territorio, preoccupati per i complicati rapporti che si generano tra farmacisti e cittadini, non solo non modificano minimamente il giudizio sulla validit\u00e0 del Tavolo, ma dovrebbero essere colte da ognuno di noi come uno stimolo a non appagarci degli importanti risultati ottenuti, ma a continuare il nostro impegno\u201d.<\/p>\n<p>Related news:\u00a0<a href=\"https:\/\/www.federfarma.it\/Edicola\/Filodiretto\/VediNotizia.aspx?id=16490\" target=\"_blank\" rel=\"noopener\">Carenza farmaci, emergenza diffusa. Bacchini (Federfarma): sono 4 anni che segnaliamo senza vedere risultati<\/a><\/p>\n<p><a href=\"http:\/\/www.meteoweb.eu\/2018\/02\/irreperibilita-farmaci-laifa-chiarezza-non-ce-nessun-allarme\/1051257\/\" target=\"_blank\" rel=\"noopener\">Irreperibilit\u00e0 di farmaci, l\u2019Aifa fa chiarezza: \u201cNon c\u2019\u00e8 nessun allarme\u201d<\/a><\/p>","protected":false},"excerpt":{"rendered":"<p>Continua il dibattito sul problema della carenza di alcuni medicinali nelle farmacie. A dire la sua, questa volta, \u00e8 il presidente di Federfarma, Marco Cossolo, che in una lettera al direttore dell\u2019Ufficio qualit\u00e0 dei prodotti di Aifa e coordinatore del Tavolo Tecnico sulle Indisponibilit\u00e0, Domenico Di Giorgio, precisa che \u201ca seguito di alcune dichiarazioni, di &hellip;<\/p>","protected":false},"author":4,"featured_media":3572,"comment_status":"closed","ping_status":"closed","sticky":false,"template":"","format":"standard","meta":{"footnotes":""},"categories":[1],"tags":[29,79],"class_list":["post-34952","post","type-post","status-publish","format-standard","has-post-thumbnail","hentry","category-notizie","tag-prezzo-farmaci","tag-ssn"],"amp_enabled":true,"_links":{"self":[{"href":"https:\/\/www.fedaiisf.it\/en\/wp-json\/wp\/v2\/posts\/34952","targetHints":{"allow":["GET"]}}],"collection":[{"href":"https:\/\/www.fedaiisf.it\/en\/wp-json\/wp\/v2\/posts"}],"about":[{"href":"https:\/\/www.fedaiisf.it\/en\/wp-json\/wp\/v2\/types\/post"}],"author":[{"embeddable":true,"href":"https:\/\/www.fedaiisf.it\/en\/wp-json\/wp\/v2\/users\/4"}],"replies":[{"embeddable":true,"href":"https:\/\/www.fedaiisf.it\/en\/wp-json\/wp\/v2\/comments?post=34952"}],"version-history":[{"count":0,"href":"https:\/\/www.fedaiisf.it\/en\/wp-json\/wp\/v2\/posts\/34952\/revisions"}],"wp:featuredmedia":[{"embeddable":true,"href":"https:\/\/www.fedaiisf.it\/en\/wp-json\/wp\/v2\/media\/3572"}],"wp:attachment":[{"href":"https:\/\/www.fedaiisf.it\/en\/wp-json\/wp\/v2\/media?parent=34952"}],"wp:term":[{"taxonomy":"category","embeddable":true,"href":"https:\/\/www.fedaiisf.it\/en\/wp-json\/wp\/v2\/categories?post=34952"},{"taxonomy":"post_tag","embeddable":true,"href":"https:\/\/www.fedaiisf.it\/en\/wp-json\/wp\/v2\/tags?post=34952"}],"curies":[{"name":"wp","href":"https:\/\/api.w.org\/{rel}","templated":true}]}}