{"id":34959,"date":"2018-02-26T18:20:21","date_gmt":"2018-02-26T17:20:21","guid":{"rendered":"http:\/\/www.fedaiisf.it\/?p=34959"},"modified":"2018-03-29T12:08:11","modified_gmt":"2018-03-29T10:08:11","slug":"m5s-ci-ripensa-isf-fondamentale-tutela-della-salute-collettiva","status":"publish","type":"post","link":"https:\/\/www.fedaiisf.it\/en\/m5s-ci-ripensa-isf-fondamentale-tutela-della-salute-collettiva\/","title":{"rendered":"M5S rethinks it: ISF fundamental to protect collective health"},"content":{"rendered":"<h1 class=\"entry-title\">Sanit\u00e0, M5S, tutelare informatore scientifico garantendo autonomia<\/h1>\n<p>ROMA, 26 febbraio 2018 &#8211; &#8220;Il MoVimento 5 Stelle ritiene che\u00a0l&#8217;informatore scientifico del farmaco svolga un servizio fondamentale\u00a0a tutela della salute collettiva. Proprio per questa ragione riteniamo\u00a0indispensabile tutelare tale ruolo rispetto a qualunque logica o\u00a0pratica <a href=\"http:\/\/www.fedaiisf.it\/wp-content\/uploads\/2017\/03\/isf.donna_.2.jpg\"><img loading=\"lazy\" decoding=\"async\" class=\"wp-image-30159 alignright\" src=\"http:\/\/www.fedaiisf.it\/wp-content\/uploads\/2017\/03\/isf.donna_.2.jpg\" alt=\"\" width=\"188\" height=\"239\" srcset=\"https:\/\/www.fedaiisf.it\/wp-content\/uploads\/2017\/03\/isf.donna_.2.jpg 266w, https:\/\/www.fedaiisf.it\/wp-content\/uploads\/2017\/03\/isf.donna_.2-236x300.jpg 236w\" sizes=\"auto, (max-width: 188px) 100vw, 188px\" \/><\/a>che preveda la collocazione di questa professione nell&#8217;ambito\u00a0delle attivit\u00e0 commerciali.<\/p>\n<p>Ci\u00f2 garantirebbe in modo pi\u00f9 efficace\u00a0l&#8217;autonomia di tale attivit\u00e0, in una logica di trasparenza che non pu\u00f2\u00a0che giovare a tutte le parti. Qualunque ragionamento che vada in<br \/>\ncontrasto con questa salda linea programmatica \u00e8 priva di fondamento&#8221;.<br \/>\nCos\u00ec i parlamentari del MoVimento 5 Stelle nelle commissioni sanit\u00e0 di\u00a0Camera e Senato.<\/p>\n<p>&#8220;All&#8217;interno di tale prospettiva dunque, il MoVimento 5 Stelle ritiene\u00a0fondamentale rafforzare la normativa vigente affinch\u00e9 vengano escluse\u00a0quelle pratiche che vadano oltre l&#8217;informazione scientifica di un\u00a0farmaco.<\/p>\n<p>Sono destituite di ogni fondamento le notizie circolanti in\u00a0questi giorni circa la presunta volont\u00e0 programmatica di voler\u00a0addirittura sopprimere questa figura professionale che, invece,\u00a0riteniamo fondamentale per la salute dei cittadini.<\/p>\n<p>La vendita di\u00a0farmaci non pu\u00f2, ovviamente, essere incentivata perch\u00e9 ci\u00f2 andrebbe a\u00a0discapito dell&#8217;autonomia e indipendenza della professione stessa.\u00a0Professione che, come come confermato dalla recente giurisprudenza in\u00a0conformit\u00e0 con le direttive europee, vede l&#8217;informatore scientifico\u00a0dipendere dal servizio scientifico dalle aziende titolari di AIC e non\u00a0dall&#8217;ufficio vendite.<\/p>\n<p>Ricordiamo inoltre che nella delibera dell&#8217;Anac\u00a0831 del 3 agosto 2016 viene rilevata l&#8217;importanza di regolamentare le\u00a0sponsorizzazioni di convegni in materia sanitaria in modo tale che\u00a0siano le aziende sanitarie, e non quelle farmaceutiche, a decidere\u00a0quali professionisti invitare&#8221;.<\/p>\n<p class=\"user-pic\"><img loading=\"lazy\" decoding=\"async\" src=\"https:\/\/www.movimento5stelle.it\/listeciviche\/mt-static\/support\/temp-userpics\/20160525143112-M5S_simbolo2016.png\" alt=\"user-pic\" width=\"36\" height=\"36\" \/>\u00a0<span class=\"byline\">Written by <span class=\"vcard author\"><a href=\"http:\/\/www.movimento5stelle.it\/parlamento\/author\/webmaster\" target=\"_blank\" rel=\"noopener\">Webmaster<\/a><\/span> published on <abbr class=\"published\" title=\"2018-02-26T15:54:02+01:00\">26.02.18 15:54<\/abbr><\/span><\/p>\n<p class=\"user-pic\"><a href=\"http:\/\/www.movimento5stelle.it\/parlamento\/2018\/02\/sanita-m5s-tutelare-informatore-scientifico-garantendo-autonomia.html\" target=\"_blank\" rel=\"noopener\">movimento5stelle.it<\/a><\/p>\n<p>Related news\u00a0<a href=\"http:\/\/www.fedaiisf.it\/en\/programma-salute-m5s\/\" target=\"_blank\" rel=\"noopener\">M5S health programme. How to alienate the vote of the ISF<\/a><\/p>\n<p><a href=\"https:\/\/www.movimento5stelle.it\/programma\/wp-content\/uploads\/2018\/02\/Salute.pdf\" target=\"_blank\" rel=\"noopener\">Programma salute M5S<\/a><\/p>\n<p><a href=\"http:\/\/www.fedaiisf.it\/en\/elezioni-programmi-dei-partiti-ssn-poche-idee-confuse\/\" target=\"_blank\" rel=\"noopener\">Elections. The party programs for the NHS: few ideas, but very confused<\/a><\/p>\n<p><a href=\"https:\/\/www.anticorruzione.it\/portal\/rest\/jcr\/repository\/collaboration\/Digital%20Assets\/anacdocs\/Attivita\/Atti\/determinazioni\/2016\/831\/del.831.2016det.PNA.pdf\" target=\"_blank\" rel=\"noopener\">ANAC. Determinazione n. 831 del 03\/08\/2016<\/a><\/p>\n<p>&nbsp;<\/p>","protected":false},"excerpt":{"rendered":"<p>Sanit\u00e0, M5S, tutelare informatore scientifico garantendo autonomia ROMA, 26 febbraio 2018 &#8211; &#8220;Il MoVimento 5 Stelle ritiene che\u00a0l&#8217;informatore scientifico del farmaco svolga un servizio fondamentale\u00a0a tutela della salute collettiva. Proprio per questa ragione riteniamo\u00a0indispensabile tutelare tale ruolo rispetto a qualunque logica o\u00a0pratica che preveda la collocazione di questa professione nell&#8217;ambito\u00a0delle attivit\u00e0 commerciali. Ci\u00f2 garantirebbe in &hellip;<\/p>","protected":false},"author":4,"featured_media":5578,"comment_status":"closed","ping_status":"closed","sticky":false,"template":"","format":"standard","meta":{"footnotes":""},"categories":[16],"tags":[21,79],"class_list":["post-34959","post","type-post","status-publish","format-standard","has-post-thumbnail","hentry","category-primo-piano","tag-informatori-scientifici","tag-ssn"],"amp_enabled":true,"_links":{"self":[{"href":"https:\/\/www.fedaiisf.it\/en\/wp-json\/wp\/v2\/posts\/34959","targetHints":{"allow":["GET"]}}],"collection":[{"href":"https:\/\/www.fedaiisf.it\/en\/wp-json\/wp\/v2\/posts"}],"about":[{"href":"https:\/\/www.fedaiisf.it\/en\/wp-json\/wp\/v2\/types\/post"}],"author":[{"embeddable":true,"href":"https:\/\/www.fedaiisf.it\/en\/wp-json\/wp\/v2\/users\/4"}],"replies":[{"embeddable":true,"href":"https:\/\/www.fedaiisf.it\/en\/wp-json\/wp\/v2\/comments?post=34959"}],"version-history":[{"count":0,"href":"https:\/\/www.fedaiisf.it\/en\/wp-json\/wp\/v2\/posts\/34959\/revisions"}],"wp:featuredmedia":[{"embeddable":true,"href":"https:\/\/www.fedaiisf.it\/en\/wp-json\/wp\/v2\/media\/5578"}],"wp:attachment":[{"href":"https:\/\/www.fedaiisf.it\/en\/wp-json\/wp\/v2\/media?parent=34959"}],"wp:term":[{"taxonomy":"category","embeddable":true,"href":"https:\/\/www.fedaiisf.it\/en\/wp-json\/wp\/v2\/categories?post=34959"},{"taxonomy":"post_tag","embeddable":true,"href":"https:\/\/www.fedaiisf.it\/en\/wp-json\/wp\/v2\/tags?post=34959"}],"curies":[{"name":"wp","href":"https:\/\/api.w.org\/{rel}","templated":true}]}}