{"id":35121,"date":"2018-03-12T11:16:20","date_gmt":"2018-03-12T10:16:20","guid":{"rendered":"http:\/\/www.fedaiisf.it\/?p=35121"},"modified":"2018-03-12T11:31:13","modified_gmt":"2018-03-12T10:31:13","slug":"sondaggio-francesi-dicono-si-al-farmacista-prescrittore-medicine","status":"publish","type":"post","link":"https:\/\/www.fedaiisf.it\/en\/sondaggio-francesi-dicono-si-al-farmacista-prescrittore-medicine\/","title":{"rendered":"Poll, the French say yes to the pharmacist who prescribes medicines"},"content":{"rendered":"<p>Roma, 12 marzo \u2013 il 71% dei francesi chiede un maggiore coinvolgimento del proprio farmacista nel sistema sanitario.<\/p>\n<p>Pi\u00f9 specificamente, il 56% dei francesi ritiene anormale l\u2019obbligo di rivedere sistematicamente un medico per rinnovare una prescrizione in caso di cronicit\u00e0, che comporta costi (ritenuti inutili) in termini di tempo e denaro.<\/p>\n<p>Second <strong>Hubert Olivier<\/strong>, presidente di Ocp, una delle principali aziende di distribuzione d\u2019Oltralpe,\u00a0 la richiesta molto forte di <em>un ruolo maggiore per il farmacista<\/em><em> \u201ctrova gi\u00e0 riscontro nelle pratiche quotidiane correnti.<\/em> <em>Andare in farmacia prima di vedere il proprio medico \u00e8 ormai una pratica comune per quasi sei francesi su 10\u2033<\/em> e tende ad aumentare ancora.<\/p>\n<p>Il sondaggio mostra anche che i giovani e i lavoratori non esitano a chiedere direttamente al proprio farmacista un consiglio, mentre gli ultrasessantenni preferiscono rivolgersi al loro medico.<\/p>\n<p>Tutti, per\u00f2, sono favorevoli all\u2019ipotesi di consentire al farmacista la possibilit\u00e0 di prescrivere determinati farmaci di impiego ricorrente, come accade ad esempio in alcune condizioni di cronicit\u00e0. Una facolt\u00e0, questa, reclamata quasi all\u2019unanimit\u00e0 (96%) dai farmacisti.<\/p>\n<p>Dal sondaggio \u00e8 anche emerso che l\u201985% dei francesi chiede la possibilit\u00e0 di ottenere farmaci in dosi commisurate al ciclo di terapia, come gi\u00e0 accade nel Regno Unito o nei Paesi Bassi (e, a livello ospedaliero, in molti altri Paesi, compreso il nostro). Ci\u00f2 <a href=\"http:\/\/www.fedaiisf.it\/wp-content\/uploads\/2014\/06\/ricetta.farmacia.jpg\"><img loading=\"lazy\" decoding=\"async\" class=\"wp-image-860 alignright\" src=\"http:\/\/www.fedaiisf.it\/wp-content\/uploads\/2014\/06\/ricetta.farmacia.jpg\" alt=\"\" width=\"332\" height=\"216\" srcset=\"https:\/\/www.fedaiisf.it\/wp-content\/uploads\/2014\/06\/ricetta.farmacia.jpg 600w, https:\/\/www.fedaiisf.it\/wp-content\/uploads\/2014\/06\/ricetta.farmacia-300x195.jpg 300w, https:\/\/www.fedaiisf.it\/wp-content\/uploads\/2014\/06\/ricetta.farmacia-179x116.jpg 179w\" sizes=\"auto, (max-width: 332px) 100vw, 332px\" \/><\/a>consentirebbe di non essere pi\u00f9 costretti ad acquistare una scatola intera di antidolorifico, se \u2013 a giudizio del medico \u2013 met\u00e0 blister \u00e8 pi\u00f9 che sufficiente, e di acquistare il numero di antibiotici necessario alla cura, non quasi il doppio come solitamente si \u00e8 costretti a fare, con le note conseguenze: farmaci che scadono e si buttano, problemi di inadeguata conservazione e, peggio,\u00a0 assunzione non appropriata, per autoprescrizione, dei rimasugli di farmaci che si detengono in casa.<\/p>\n<p>Larichiesta, per\u00f2,\u00a0 sembra non piacere ai farmacisti, che secondo gli esiti del sondaggio restano contrari a questa soluzione, il cui obiettivo dichiarato \u00e8 quello di evitare gli sprechi. Il motivo dell\u2019opposizione dei farmacisti andrebbe ricercato nelle forti ripercussioni che l\u2019obbligo a consegnare il numero preciso di dosi di farmaco prescritte produrrebbe sull\u2019intera organizzazione del lavoro in farmacia.<\/p>\n<p>La consegna del farmaco in dosi esattamente corrispondenti al ciclo di terapia prescritto dal medico potrebbe essere uno dei temi forti di discussione nel dibattito sulle misure da introdurre da introdurre per riformare il servizio farmaceutico.<\/p>\n<p>Per contro, il governo francese non dovr\u00e0 fare alcuna fatica a convincere i cittadini e i farmacisti ad assecondare la svolta digitale. Il 65% dei francesi (percentuale che sale al 75% nei minori di 25 anni) e il 71% dei farmacisti auspicano infatti la realizzazione di piattaforme tra medici, farmacie e pazienti per facilitare l\u2019invio di prescrizioni a distanza e\/o programmi medici o per accentuare il scambio di consulenza sanitaria personalizzata. Sullo sviluppo digitale, emerge anzi la richiesta forte e condivisa di un\u2019accelerazione.<\/p>\n<p>Il sondaggio \u00e8 stato condotto su un campione di 983 francesi intervistati su Internet il 7 e 8 febbraio 2018 e realizzato dalla societ\u00e0 Odoxa per conto di Ocp, Le Quotidien du Pharmacien e il gruppo editoriale Ebra. L\u2019accesso ai dati \u00e8 disponibile <a href=\"http:\/\/www.odoxa.fr\/sondage\/pharmacien-prescripteur-francais-disent-oui\/\" target=\"_blank\" rel=\"noopener\">at this link <\/a>.<\/p>\n<p><a href=\"http:\/\/www.rifday.it\/2018\/03\/12\/sondaggio-francesi-dicono-si-al-farmacista-prescrittore-medicine\/\" target=\"_blank\" rel=\"noopener\">Marzo 12, 2018 &#8211; RIF day<\/a><\/p>\n<p>Related news: <a href=\"http:\/\/www.fedaiisf.it\/en\/in-caso-di-urgenza-il-farmacista-puo-dispensare-farmaci-anche-senza-ricetta\/\" target=\"_blank\" rel=\"noopener\">Italia.\u00a0In caso di urgenza il farmacista pu\u00f2 dispensare farmaci anche senza ricetta<\/a><\/p>\n<p><a href=\"http:\/\/www.fedaiisf.it\/en\/ricetta-180-giorni-in-decreto-pa-prosegue-iter-conversione\/\" target=\"_blank\" rel=\"noopener\">Italia. Ricetta a 180 giorni in decreto<\/a><\/p>\n<p><a href=\"https:\/\/www.ilmattino.it\/caserta\/medicinali_prescritti_a_pazienti_morti_per_ottenere_i_rimborsi_5_misure_cautelari-3601347.html\" target=\"_blank\" rel=\"noopener\">Campania. Farmacista paga medico affinch\u00e9 prescriva medicinali a fantomatici pazienti<\/a><\/p>\n<p id=\"page-title\"><a href=\"http:\/\/www.agenziafarmaco.gov.it\/content\/il-ruolo-dell\u2019infermiere-nella-presa-carico-integrale-del-paziente\" target=\"_blank\" rel=\"noopener\">Il ruolo dell\u2019infermiere nella presa in carico integrale del paziente<\/a><\/p>\n<p class=\"Title\"><a href=\"https:\/\/www.federfarma.it\/Edicola\/Filodiretto\/VediNotizia.aspx?id=16652\" target=\"_blank\" rel=\"noopener\">Francia, innovativi antiepatite in farmacie. Marco Cossolo: &#8220;Norma di buon senso&#8221;<\/a><\/p>","protected":false},"excerpt":{"rendered":"<p>Roma, 12 marzo \u2013 il 71% dei francesi chiede un maggiore coinvolgimento del proprio farmacista nel sistema sanitario. Pi\u00f9 specificamente, il 56% dei francesi ritiene anormale l\u2019obbligo di rivedere sistematicamente un medico per rinnovare una prescrizione in caso di cronicit\u00e0, che comporta costi (ritenuti inutili) in termini di tempo e denaro. Secondo Hubert Olivier, presidente &hellip;<\/p>","protected":false},"author":4,"featured_media":35123,"comment_status":"closed","ping_status":"closed","sticky":false,"template":"","format":"standard","meta":{"footnotes":""},"categories":[1],"tags":[30],"class_list":["post-35121","post","type-post","status-publish","format-standard","has-post-thumbnail","hentry","category-notizie","tag-ricette"],"amp_enabled":true,"_links":{"self":[{"href":"https:\/\/www.fedaiisf.it\/en\/wp-json\/wp\/v2\/posts\/35121","targetHints":{"allow":["GET"]}}],"collection":[{"href":"https:\/\/www.fedaiisf.it\/en\/wp-json\/wp\/v2\/posts"}],"about":[{"href":"https:\/\/www.fedaiisf.it\/en\/wp-json\/wp\/v2\/types\/post"}],"author":[{"embeddable":true,"href":"https:\/\/www.fedaiisf.it\/en\/wp-json\/wp\/v2\/users\/4"}],"replies":[{"embeddable":true,"href":"https:\/\/www.fedaiisf.it\/en\/wp-json\/wp\/v2\/comments?post=35121"}],"version-history":[{"count":0,"href":"https:\/\/www.fedaiisf.it\/en\/wp-json\/wp\/v2\/posts\/35121\/revisions"}],"wp:featuredmedia":[{"embeddable":true,"href":"https:\/\/www.fedaiisf.it\/en\/wp-json\/wp\/v2\/media\/35123"}],"wp:attachment":[{"href":"https:\/\/www.fedaiisf.it\/en\/wp-json\/wp\/v2\/media?parent=35121"}],"wp:term":[{"taxonomy":"category","embeddable":true,"href":"https:\/\/www.fedaiisf.it\/en\/wp-json\/wp\/v2\/categories?post=35121"},{"taxonomy":"post_tag","embeddable":true,"href":"https:\/\/www.fedaiisf.it\/en\/wp-json\/wp\/v2\/tags?post=35121"}],"curies":[{"name":"wp","href":"https:\/\/api.w.org\/{rel}","templated":true}]}}