{"id":35161,"date":"2018-03-15T11:38:56","date_gmt":"2018-03-15T10:38:56","guid":{"rendered":"http:\/\/www.fedaiisf.it\/?p=35161"},"modified":"2018-03-15T11:45:03","modified_gmt":"2018-03-15T10:45:03","slug":"scandalo-parma-suicida-ex-rettore-dell%ca%bcuniversita-loris-borghi-indagato-nel-caso-pasimafi","status":"publish","type":"post","link":"https:\/\/www.fedaiisf.it\/en\/scandalo-parma-suicida-ex-rettore-dell%ca%bcuniversita-loris-borghi-indagato-nel-caso-pasimafi\/","title":{"rendered":"Scandalo di Parma, suicida ex rettore dell\u02bcUniversit\u00e0 Loris Borghi: era indagato nel caso Pasimafi"},"content":{"rendered":"<div class=\"p p__media__bottom p__media__i\">\n<h2>Loris Borghi, 69 anni, era accusato di abuso d\u02bcufficio in due inchieste. Nei giorni scorsi era stato rinviato a giudizio<\/h2>\n<p><em>L&#8217;ex rettore dell&#8217;Universit\u00e0 di Parma, Loris Borghi, \u00e8 stato trovato morto in un&#8217;auto sotto il cavalcavia di Baganzola. Disperata e, purtroppo inutile, la corsa all&#8217;ospedale e il ricovero in rianimazione. Si pensa ad un gesto estremo, aveva 69 anni.\u00a0 Oggi, gioved\u00ec 15 marzo alle 19.30 nella Chiesa di S. Rocco, in via Universit\u00e0, si terr\u00e0 un momento di preghiera.<\/em><\/p>\n<p><em>L&#8217;ex rettore, indagato con l\u2019accusa di abuso d\u2019ufficio nell\u2019ambito dell\u2019inchiesta &#8220;Pasimafi&#8221;, si era dimesso lo scorso maggio. A gennaio di quest&#8217;anno invece era stato chiesto il rinvio a giudizio per un&#8217;altra vicenda: le nomine di Tiziana Meschi a primario e poi a capo del dipartimento geriatrico.<\/em><\/p>\n<p><a href=\"http:\/\/www.tgcom24.mediaset.it\/cronaca\/emilia-romagna\/parma-suicida-ex-rettore-dell-universita-loris-borghi-era-indagato_3128489-201802a.shtml\" target=\"_blank\" rel=\"noopener\">TGCom24 &#8211; 14 marzo<\/a><\/p>\n<p>L&#8217;ex rettore dell&#8217;Universit\u00e0 di Parma Loris Borghi \u00e8 stato trovato senza vita: secondo gli inquirenti si sarebbe ucciso. Borghi si era dimesso a maggio dopo essere stato iscritto nel registro degli indagati per abuso d&#8217;ufficio nell&#8217;inchiesta &#8220;Pasimafi&#8221; sul business della <a href=\"http:\/\/www.fedaiisf.it\/wp-content\/uploads\/2017\/05\/ospedale-maggiore-Parma.jpg\"><img loading=\"lazy\" decoding=\"async\" class=\"wp-image-31271 alignright\" src=\"http:\/\/www.fedaiisf.it\/wp-content\/uploads\/2017\/05\/ospedale-maggiore-Parma.jpg\" alt=\"\" width=\"339\" height=\"198\" srcset=\"https:\/\/www.fedaiisf.it\/wp-content\/uploads\/2017\/05\/ospedale-maggiore-Parma.jpg 867w, https:\/\/www.fedaiisf.it\/wp-content\/uploads\/2017\/05\/ospedale-maggiore-Parma-300x175.jpg 300w, https:\/\/www.fedaiisf.it\/wp-content\/uploads\/2017\/05\/ospedale-maggiore-Parma-768x448.jpg 768w\" sizes=\"auto, (max-width: 339px) 100vw, 339px\" \/><\/a>terapia del dolore. Nei giorni scorsi era stato rinviato a giudizio, sempre per abuso d&#8217;ufficio, per la nomina di un dirigente universitario dell&#8217;Ospedale Maggiore.<\/p>\n<\/div>\n<div class=\"p p__media__top\">\n<p>Prima docente e poi preside della facolt\u00e0 di medicina, Borghi, 69 anni, era stato eletto rettore dell&#8217;Universit\u00e0 di Parma nel 2013. Borghi era indagato nell&#8217;operazione Pasimafi, indagine coordinata dalla Procura di Parma e condotta dai Nas che a maggio aveva portato in cella 19 persone fra dirigenti medici e imprenditori del settore farmaceutico. L&#8217;ex rettore era invece tra i 75 indagati per abuso d&#8217;ufficio. L&#8217;accusa aveva contestato loro la creazione di una organizzazione a cui partecipavano dirigenti medici, esponenti del ministero della Salute e diversi manager del campo farmaceutico. L&#8217;obiettivo era quello di pilotare il &#8220;business&#8221; delle cure palliative e delle terapie del dolore.<\/p>\n<\/div>","protected":false},"excerpt":{"rendered":"<p>Loris Borghi, 69 anni, era accusato di abuso d\u02bcufficio in due inchieste. Nei giorni scorsi era stato rinviato a giudizio L&#8217;ex rettore dell&#8217;Universit\u00e0 di Parma, Loris Borghi, \u00e8 stato trovato morto in un&#8217;auto sotto il cavalcavia di Baganzola. Disperata e, purtroppo inutile, la corsa all&#8217;ospedale e il ricovero in rianimazione. Si pensa ad un gesto &hellip;<\/p>","protected":false},"author":4,"featured_media":35162,"comment_status":"closed","ping_status":"closed","sticky":false,"template":"","format":"standard","meta":{"footnotes":""},"categories":[1],"tags":[22],"class_list":["post-35161","post","type-post","status-publish","format-standard","has-post-thumbnail","hentry","category-notizie","tag-truffa-farmaci"],"amp_enabled":true,"_links":{"self":[{"href":"https:\/\/www.fedaiisf.it\/en\/wp-json\/wp\/v2\/posts\/35161","targetHints":{"allow":["GET"]}}],"collection":[{"href":"https:\/\/www.fedaiisf.it\/en\/wp-json\/wp\/v2\/posts"}],"about":[{"href":"https:\/\/www.fedaiisf.it\/en\/wp-json\/wp\/v2\/types\/post"}],"author":[{"embeddable":true,"href":"https:\/\/www.fedaiisf.it\/en\/wp-json\/wp\/v2\/users\/4"}],"replies":[{"embeddable":true,"href":"https:\/\/www.fedaiisf.it\/en\/wp-json\/wp\/v2\/comments?post=35161"}],"version-history":[{"count":0,"href":"https:\/\/www.fedaiisf.it\/en\/wp-json\/wp\/v2\/posts\/35161\/revisions"}],"wp:featuredmedia":[{"embeddable":true,"href":"https:\/\/www.fedaiisf.it\/en\/wp-json\/wp\/v2\/media\/35162"}],"wp:attachment":[{"href":"https:\/\/www.fedaiisf.it\/en\/wp-json\/wp\/v2\/media?parent=35161"}],"wp:term":[{"taxonomy":"category","embeddable":true,"href":"https:\/\/www.fedaiisf.it\/en\/wp-json\/wp\/v2\/categories?post=35161"},{"taxonomy":"post_tag","embeddable":true,"href":"https:\/\/www.fedaiisf.it\/en\/wp-json\/wp\/v2\/tags?post=35161"}],"curies":[{"name":"wp","href":"https:\/\/api.w.org\/{rel}","templated":true}]}}