{"id":35195,"date":"2018-03-19T10:42:46","date_gmt":"2018-03-19T09:42:46","guid":{"rendered":"http:\/\/www.fedaiisf.it\/?p=35195"},"modified":"2018-03-19T10:42:46","modified_gmt":"2018-03-19T09:42:46","slug":"cagliari-operatori-del-118-non-sanitari-serie-c-veniamo-ignorati-perfino-dagli-informatori-scientifici","status":"publish","type":"post","link":"https:\/\/www.fedaiisf.it\/en\/cagliari-operatori-del-118-non-sanitari-serie-c-veniamo-ignorati-perfino-dagli-informatori-scientifici\/","title":{"rendered":"Cagliari. &quot;We 118 operators are not Serie C health workers, we are ignored even by scientific informants&quot;"},"content":{"rendered":"<h1 class=\"xt-post-title\">\u201cNoi operatori del 118, cos\u00ec abbiamo salvato il ragazzo di Castiadas: non siamo sanitari di serie C\u201d<\/h1>\n<h3 class=\"xt-post-title\">&#8220;Veniamo ignorati dai politici, rimandando incontri e contratti, talvolta dai nostri vertici e spesso dai colleghi ospedalieri, addirittura dagli informatori scientifici che certamente non vengono nelle nostre postazioni&#8221;<\/h3>\n<div class=\"inline-metas-wrap row in-container collapse\">\n<div class=\"small-12 column\">\n<div class=\"inline inline-metas\">\n<p class=\"inline xt-post-author-wrap\"><span class=\"author xt-post-author\">From <a title=\"Articoli scritti da: Redazione Cagliari Online\" href=\"http:\/\/www.castedduonline.it\/author\/redazione\/\" rel=\"author noopener\" target=\"_blank\">Redazione Cagliari Online<\/a><\/span><\/p>\n<p>Caro amico giornalista, mi permetto di chiamarti amico perch\u00e9 conosco la tua sensibilit\u00e0 nel fornire notizie corrette , leggendo e rileggendo le notizie sull\u2019ultimo incidente accaduto al quindicenne di Castiadas balza ai miei occhi l\u2019ennesima visione del mondo sanitario di serie A e di serie C. \u201c I medici del Marino salvano il braccio al quindicenne, l\u2019equipe del dott. Cara \u2026. \u201c a confronto con \u201c soccorso dai medici del 118\u201d.<\/p>\n<p><a href=\"http:\/\/www.fedaiisf.it\/wp-content\/uploads\/2016\/05\/pronto_soccorso_tor_vergata.jpg\"><img loading=\"lazy\" decoding=\"async\" class=\"wp-image-25986 alignright\" src=\"http:\/\/www.fedaiisf.it\/wp-content\/uploads\/2016\/05\/pronto_soccorso_tor_vergata.jpg\" alt=\"\" width=\"317\" height=\"163\" srcset=\"https:\/\/www.fedaiisf.it\/wp-content\/uploads\/2016\/05\/pronto_soccorso_tor_vergata.jpg 1000w, https:\/\/www.fedaiisf.it\/wp-content\/uploads\/2016\/05\/pronto_soccorso_tor_vergata-300x155.jpg 300w, https:\/\/www.fedaiisf.it\/wp-content\/uploads\/2016\/05\/pronto_soccorso_tor_vergata-768x396.jpg 768w\" sizes=\"auto, (max-width: 317px) 100vw, 317px\" \/><\/a>\u00c8 difficile spiegare cosa si prova a ricevere una chiamata come \u201c incidente sul lavoro per un quindicenne, codice rosso a Castiadas\u201d e sapere che ci metterai non meno di 15\\20 minuti , arrivare sul posto con la tua equipe, un infermiere ed un autista , e trovare una scena da incubo con ragazzo incastrato che soffre ed urla, i parenti che ti mettono fretta disperati e tu che fai il possibile , con i mezzi a disposizione , attendendo i Vigili del Fuoco. Stabilizzi il ragazzo e cerchi di portare l\u2019arto in maniera che si possa riadattare, il tutto affidandoti alle comunicazioni volutamente scarne con la tua Centrale ed ad un viaggio interminabile da Castiadas all\u2019Ospedale Marino, tranquillizzi e conforti il paziente, mentre lo monitorizzi e infondi liquidi e speranza, scambi sguardi e mezze parole con il tuo infermiere e speri che il tuo mezzo tenga, infine arrivi al Pronto Soccorso e lo consegni ai colleghi, ad un ambiente pulito , con tante attrezzature e soprattutto sicuro. Dopo aver ripristinato l\u2019ambulanza dai il tuo codice di libero e ti prepari ad un altro evento , ad un ritorno nel tuo territorio e forse ad un altro \u201c perch\u00e9 lo avete portato qui? \u201c .<\/p>\n<p>\u00c8 il nostro lavoro , come quello dei colleghi del Pronto Soccorso o della Chirurgia, ma ci dispiace vederci relegati ad un \u201csemplice\u201d i medici del 118 hanno soccorso, non i medici ma una equipe formata da medico, infermiere ed autista, e dietro la parola soccorso spesso c\u2019\u00e8 tanto ma tanto di pi\u00f9. Veniamo ignorati dai politici, rimandando incontri e contratti, talvolta dai nostri vertici e spesso dai colleghi ospedalieri, addirittura dagli informatori scientifici che certamente non vengono nelle nostre postazioni, non ignorate , minimizzando , anche voi il nostro lavoro se lo fate la gente penser\u00e0 che possiamo essere ignorati , fatelo e la nostra categoria , oggi ad esaurimento, si trasformer\u00e0 in una categoria a dimenticanza. Scusa se non mi firmo ma non possiamo farlo, pena sanzioni , e gi\u00e0 noi siamo sanzionabili per tante cose ma certamente non per il nostro impegno dentro e fuori il servizio. Un caro saluto e buon lavoro a voi.<\/p>\n<p>(lettera firmata da un volontario delle medicalizzate del 118)<\/p>\n<p class=\"inline xt-post-author-wrap\"><time class=\"xt-post-date\" datetime=\"2018-03-18T19:01:45+00:00\"><a href=\"http:\/\/www.castedduonline.it\/volontari-del-118-cosi-salvato-ragazzo-castiadas-non-sanitari-serie-c\/\" target=\"_blank\" rel=\"noopener\">18 marzo 2018 &#8211; Casteddu on line<\/a><\/time><\/p>\n<hr \/>\n<p>Related news:<\/p>\n<p><em>REGIONE AUTONOMA DELLA SARDEGNA &#8211; <a href=\"https:\/\/www.regione.sardegna.it\/documenti\/1_72_20051129213523.pdf\" target=\"_blank\" rel=\"noopener\">Delibera 55\/24 del 29\/11\/2005 &#8211; Allegato<\/a><\/em><br \/>\n<em>Indirizzi e direttive sull\u2019attivit\u00e0 di informazione medico &#8211; scientifica sul farmaco ai sensi dell\u2019art. 48 commi 21, 22, 23, 24 della L. 24.11.2003 n. 326.<\/em><\/p>\n<p><em>Lo svolgimento dell\u2019attivit\u00e0 degli ISF all\u2019interno delle strutture del SSR viene assicurato dalle Direzioni delle suddette strutture le quali, avvalendosi dei Servizi Farmaceutici aziendali e delle Farmacie Ospedaliere, individuano locali idonei (esempio sala medici, biblioteca di reparto) da utilizzare in fasce orarie concordate con il responsabile dell\u2019unit\u00e0 operativa.<\/em><br \/>\n<em>I responsabili delle strutture &#8230; identificano orari adeguati alle esigenze dell\u2019informazione, in modo che non interferiscano con i diritti dei pazienti e con le attivit\u00e0 dei medici e dei farmacisti stessi. Non \u00e8 ammesso lo svolgimento dell\u2019attivit\u00e0 di informazione medico scientifica all\u2019interno dei reparti di degenza nonch\u00e9 negli ambulatori specialistici durante l\u2019orario riservato alla visita dei pazienti.<\/em><\/p>\n<p>&nbsp;<\/p>\n<\/div>\n<\/div>\n<\/div>","protected":false},"excerpt":{"rendered":"<p>\u201cNoi operatori del 118, cos\u00ec abbiamo salvato il ragazzo di Castiadas: non siamo sanitari di serie C\u201d &#8220;Veniamo ignorati dai politici, rimandando incontri e contratti, talvolta dai nostri vertici e spesso dai colleghi ospedalieri, addirittura dagli informatori scientifici che certamente non vengono nelle nostre postazioni&#8221; Di Redazione Cagliari Online Caro amico giornalista, mi permetto di &hellip;<\/p>","protected":false},"author":4,"featured_media":35199,"comment_status":"closed","ping_status":"closed","sticky":false,"template":"","format":"standard","meta":{"footnotes":""},"categories":[1],"tags":[21],"class_list":["post-35195","post","type-post","status-publish","format-standard","has-post-thumbnail","hentry","category-notizie","tag-informatori-scientifici"],"amp_enabled":true,"_links":{"self":[{"href":"https:\/\/www.fedaiisf.it\/en\/wp-json\/wp\/v2\/posts\/35195","targetHints":{"allow":["GET"]}}],"collection":[{"href":"https:\/\/www.fedaiisf.it\/en\/wp-json\/wp\/v2\/posts"}],"about":[{"href":"https:\/\/www.fedaiisf.it\/en\/wp-json\/wp\/v2\/types\/post"}],"author":[{"embeddable":true,"href":"https:\/\/www.fedaiisf.it\/en\/wp-json\/wp\/v2\/users\/4"}],"replies":[{"embeddable":true,"href":"https:\/\/www.fedaiisf.it\/en\/wp-json\/wp\/v2\/comments?post=35195"}],"version-history":[{"count":0,"href":"https:\/\/www.fedaiisf.it\/en\/wp-json\/wp\/v2\/posts\/35195\/revisions"}],"wp:featuredmedia":[{"embeddable":true,"href":"https:\/\/www.fedaiisf.it\/en\/wp-json\/wp\/v2\/media\/35199"}],"wp:attachment":[{"href":"https:\/\/www.fedaiisf.it\/en\/wp-json\/wp\/v2\/media?parent=35195"}],"wp:term":[{"taxonomy":"category","embeddable":true,"href":"https:\/\/www.fedaiisf.it\/en\/wp-json\/wp\/v2\/categories?post=35195"},{"taxonomy":"post_tag","embeddable":true,"href":"https:\/\/www.fedaiisf.it\/en\/wp-json\/wp\/v2\/tags?post=35195"}],"curies":[{"name":"wp","href":"https:\/\/api.w.org\/{rel}","templated":true}]}}