{"id":35321,"date":"2018-03-26T11:31:55","date_gmt":"2018-03-26T09:31:55","guid":{"rendered":"http:\/\/www.fedaiisf.it\/?p=35321"},"modified":"2018-03-27T16:49:26","modified_gmt":"2018-03-27T14:49:26","slug":"fnomceo-indetti-gli-stati-generali-della-professione-non-vogliamo-piu-considerati-produttori-spesa","status":"publish","type":"post","link":"https:\/\/www.fedaiisf.it\/en\/fnomceo-indetti-gli-stati-generali-della-professione-non-vogliamo-piu-considerati-produttori-spesa\/","title":{"rendered":"FNOMCeO. Indetti Gli Stati Generali della Professione. Non vogliamo essere pi\u00f9 considerati \u201cproduttori di spesa\u201d"},"content":{"rendered":"<p><em>Valori in parte traditi del nostro Servizio Sanitario Nazionale che non riesce pi\u00f9 a garantire appieno uguaglianza equit\u00e0 e solidariet\u00e0 nell\u2019accesso alle cure.\u00a0Un milione e duecentomila italiani hanno rinunciato a una terapia o a un esame diagnostico perch\u00e9 non potevano permetterselo. Non vogliamo essere pi\u00f9 considerati \u201cproduttori di spesa\u201d, vogliamo essere \u201cproduttori di salute\u201d.<\/em><\/p>\n<header class=\"entry-header\">\n<h1 class=\"entry-title\">Indetti Gli Stati Generali della Professione. Consiglio nazionale FNOMCeO 24 Marzo 2018<\/h1>\n<p class=\"entry-title\"><a href=\"https:\/\/portale.fnomceo.it\/indtetti-gli-stati-generali-della-professione\/\" target=\"_blank\" rel=\"noopener\"><span style=\"font-size: 16px;\">AUTORE: <\/span>UFFICIO STAMPA FNOMCEO &#8211;\u00a0<time class=\"value updated\" style=\"font-size: 16px;\" datetime=\"2018-03-24\">24\/03\/2018<\/time><\/a><\/p>\n<\/header>\n<div class=\"entry-content typography\">\n<p><a href=\"http:\/\/www.fedaiisf.it\/wp-content\/uploads\/2018\/01\/Filippo-Anelli-Fnomceo1.jpg\"><img loading=\"lazy\" decoding=\"async\" class=\"wp-image-34406 alignright\" src=\"http:\/\/www.fedaiisf.it\/wp-content\/uploads\/2018\/01\/Filippo-Anelli-Fnomceo1.jpg\" alt=\"\" width=\"319\" height=\"239\" srcset=\"https:\/\/www.fedaiisf.it\/wp-content\/uploads\/2018\/01\/Filippo-Anelli-Fnomceo1.jpg 493w, https:\/\/www.fedaiisf.it\/wp-content\/uploads\/2018\/01\/Filippo-Anelli-Fnomceo1-300x225.jpg 300w\" sizes=\"auto, (max-width: 319px) 100vw, 319px\" \/><\/a>\u201c<i>\u00c8 il tempo di indire gli Stati generali della professione medica. \u00c8 il tempo di attivarci, di essere concreti e di avviare un confronto con tutta la professione, coinvolgendo l\u2019intera societ\u00e0 civile\u201d.<\/i><\/p>\n<p>Con questa \u201cchiamata alle armi\u201d per tutti i medici e gli Odontoiatri italiani si \u00e8 conclusa la prima relazione da presidente di Filippo Anelli al Consiglio Nazionale della Federazione degli Ordini dei Medici Chirurghi e degli Odontoiatri (Fnomceo) , vale a dire l\u2019asssemblea dei 106 presidenti degli Ordini provinciali. <u><\/u><u><\/u><\/p>\n<p>\u201c<i>Vi propongo di lavorare tutti insieme<\/i> \u2013 ha affermato Anelli \u2013 <i>di farne un grande evento politico per dire a tutti che i medici vogliono fare i medici e per questo sono pronti a sfidare il cambiamento.<br \/>\nStati generali non come un luogo ma come un avvenimento attraverso il quale la professione decide cosa fare. Decide il proprio destino\u201d.<u><\/u><u><\/u><\/i><\/p>\n<p>Da dove nasce questo bisogno forte di \u201cun cambio di passo\u201d, dei quali i medici vogliono essere motori e protagonisti?<u><\/u><u><\/u><\/p>\n<p>Nasce dalla riscoperta dei valori in parte traditi del nostro Servizio Sanitario Nazionale, che compie proprio nel 2018 quarant\u2019anni e mostra le prime rughe, non riuscendo pi\u00f9 a garantire appieno uguaglianza equit\u00e0 e solidariet\u00e0 nell\u2019accesso alle cure.<u><\/u><u><\/u><\/p>\n<p><i>\u201cCome medico non posso accettare che un milione e duecentomila italiani abbiano rinunciato a una terapia o a un esame diagnostico perch\u00e9 non potevano permetterselo<\/i>\u201d si \u00e8 indignato Anelli.<u><\/u><u><\/u><\/p>\n<p>Una denuncia a tutto tondo, la sua, contro le disuguaglianze di salute tra Nord e Sud Italia, contro la violenza agli operatori sanitari, contro il gender gap che penalizza ancora le colleghe donne, contro l\u2019aziendalizzazione della sanit\u00e0, che ha reso le cure mere prestazioni e i medici ingranaggi del processo produttivo.<u><\/u><u><\/u><\/p>\n<p>Ma anche soluzioni a tutto tondo, da trovare lavorando tutti insieme, medici, odontoiatri, sindacati, societ\u00e0 scientifiche, associazioni culturali, politica, istituzione,societ\u00e0 civile.<u><\/u><u><\/u><\/p>\n<p>\u201c<i>I medici vogliono e devono farsi carico della salute dei cittadini. Ma lo vogliono fare da medici, da professionisti della salute, mettendo a disposizione tutto il bagaglio di competenze ed il ruolo sociale che spetta loro<\/i> \u2013 ha spiegato il Presidente Fnomceo-.<i>Per far questo \u00e8 necessario garantire libert\u00e0, indipendenza, autonomia e responsabilit\u00e0, cos\u00ec come previste dal Codice Deontologico. Questo chiediamo alla \u201cpolitica\u201d: non vogliamo essere pi\u00f9 considerati \u201cproduttori di spesa\u201d, come sinora \u00e8 successo. Vogliamo essere \u201cproduttori di salute\u201d, perch\u00e9 la salute \u00e8 un diritto fondamentale per i cittadini. La salute pubblica \u00e8 un bene comune, \u00e8 ricchezza per l\u2019intera societ\u00e0\u201d.<u><\/u><u><\/u><\/i><\/p>\n<p>Da qui l\u2019appello a unirsi negli Stati Generali, con l\u2019obiettivo di costruire una piattaforma che lavorer\u00e0 su diverse direttrici. Ne scaturir\u00e0, il prossimo anno, un Documento operativo, da cui procedere su due fronti: la revisione del Codice Deontologico e la riforma del Servizo Sanitari Nazionale.<u><\/u><u><\/u><\/p>\n<p>\u201c<i>Un obiettivo ambizioso? Certamente <\/i>\u2013 ha concluso -. <i>Ma se non abbiamo l\u2019ambizione \u00e8 difficile cambiare le cose. Noi ci candidiamo a farlo, con il vostro aiuto, perch\u00e9 non pu\u00f3 esistere buona sanit\u00e0 senza i medici\u201d.<\/i><\/p>\n<p>Related news: <a href=\"http:\/\/www.rassegna.it\/articoli\/sanita-pubblica-siamo-allemergenza\" target=\"_blank\" rel=\"noopener\">CGIL.\u00a0Sanit\u00e0 pubblica, siamo all\u2019emergenza<\/a><\/p>\n<\/div>","protected":false},"excerpt":{"rendered":"<p>Valori in parte traditi del nostro Servizio Sanitario Nazionale che non riesce pi\u00f9 a garantire appieno uguaglianza equit\u00e0 e solidariet\u00e0 nell\u2019accesso alle cure.\u00a0Un milione e duecentomila italiani hanno rinunciato a una terapia o a un esame diagnostico perch\u00e9 non potevano permetterselo. Non vogliamo essere pi\u00f9 considerati \u201cproduttori di spesa\u201d, vogliamo essere \u201cproduttori di salute\u201d. Indetti &hellip;<\/p>","protected":false},"author":4,"featured_media":27229,"comment_status":"closed","ping_status":"closed","sticky":false,"template":"","format":"standard","meta":{"footnotes":""},"categories":[1],"tags":[79],"class_list":["post-35321","post","type-post","status-publish","format-standard","has-post-thumbnail","hentry","category-notizie","tag-ssn"],"amp_enabled":true,"_links":{"self":[{"href":"https:\/\/www.fedaiisf.it\/en\/wp-json\/wp\/v2\/posts\/35321","targetHints":{"allow":["GET"]}}],"collection":[{"href":"https:\/\/www.fedaiisf.it\/en\/wp-json\/wp\/v2\/posts"}],"about":[{"href":"https:\/\/www.fedaiisf.it\/en\/wp-json\/wp\/v2\/types\/post"}],"author":[{"embeddable":true,"href":"https:\/\/www.fedaiisf.it\/en\/wp-json\/wp\/v2\/users\/4"}],"replies":[{"embeddable":true,"href":"https:\/\/www.fedaiisf.it\/en\/wp-json\/wp\/v2\/comments?post=35321"}],"version-history":[{"count":0,"href":"https:\/\/www.fedaiisf.it\/en\/wp-json\/wp\/v2\/posts\/35321\/revisions"}],"wp:featuredmedia":[{"embeddable":true,"href":"https:\/\/www.fedaiisf.it\/en\/wp-json\/wp\/v2\/media\/27229"}],"wp:attachment":[{"href":"https:\/\/www.fedaiisf.it\/en\/wp-json\/wp\/v2\/media?parent=35321"}],"wp:term":[{"taxonomy":"category","embeddable":true,"href":"https:\/\/www.fedaiisf.it\/en\/wp-json\/wp\/v2\/categories?post=35321"},{"taxonomy":"post_tag","embeddable":true,"href":"https:\/\/www.fedaiisf.it\/en\/wp-json\/wp\/v2\/tags?post=35321"}],"curies":[{"name":"wp","href":"https:\/\/api.w.org\/{rel}","templated":true}]}}