{"id":35435,"date":"2018-04-03T19:08:49","date_gmt":"2018-04-03T17:08:49","guid":{"rendered":"http:\/\/www.fedaiisf.it\/?p=35435"},"modified":"2018-04-03T19:21:42","modified_gmt":"2018-04-03T17:21:42","slug":"jj-gorsky-scala-la-classifica-dei-ceo-piu-pagati","status":"publish","type":"post","link":"https:\/\/www.fedaiisf.it\/en\/jj-gorsky-scala-la-classifica-dei-ceo-piu-pagati\/","title":{"rendered":"J&amp;J: Gorsky climbs ranking of highest paid CEOs"},"content":{"rendered":"<p>The fact that Johnson &amp; Johnson CEO Alex Gorsky got a raise in 2017 isn&#039;t all that surprising. After all, his salary package has been increasing little by little over the last few years. His bonuses increased by $2.7 million, while his compensation, based on incentives, decreased by just over $1 million.<\/p>\n<p><a href=\"http:\/\/www.fedaiisf.it\/wp-content\/uploads\/2018\/04\/Gorsky-JJ.jpg\"><img loading=\"lazy\" decoding=\"async\" class=\"wp-image-35437 alignright\" src=\"http:\/\/www.fedaiisf.it\/wp-content\/uploads\/2018\/04\/Gorsky-JJ.jpg\" alt=\"\" width=\"360\" height=\"255\" srcset=\"https:\/\/www.fedaiisf.it\/wp-content\/uploads\/2018\/04\/Gorsky-JJ.jpg 700w, https:\/\/www.fedaiisf.it\/wp-content\/uploads\/2018\/04\/Gorsky-JJ-300x213.jpg 300w\" sizes=\"auto, (max-width: 360px) 100vw, 360px\" \/><\/a>The grand total for the past year was $29.8 million. Compared to 2015, the total amount of compensation was approximately $6 million higher. In doing so, Gorsky moved closer to the top of the 2017 pharmaceutical world CEO salary rankings, currently dominated by Allergan CEO Brent Saunders, with a compensation package worth $32.8 million.<\/p>\n<p>More marked are the increases enjoyed by two members of Gorsky&#039;s team. Pharmaceutical chief Joachin Duato&#039;s compensation rose from $9 million to $19 million, while Sandra Peterson, who oversees J&amp;J&#039;s supply chain, operations, technology and medical devices, saw her salary rise to just over $17 million.<\/p>\n<p>The statement outlines both executives&#039; accomplishments for the year 2017: Duato, J&amp;J&#039;s executive vice president since April 2016 and global president of pharmaceuticals since 2011, exceeded all of J&amp;J&#039;s financial goals for its pharmaceuticals unit. He also got credit for the acquisition of Actelion. Peterson, on the other hand, has made strides with medical devices, a unit that has been plagued by litigation and increased competition in recent years. It improved the unit&#039;s \u201cquality, execution and competitiveness\u201d. In addition, the company&#039;s vision care business exceeded its financial goals for the year and closed three acquisitions.<\/p>\n<p><a href=\"http:\/\/www.dailyhealthindustry.it\/jj-gorsky-scala-la-classifica-dei-ceo-piu-pagati-ID9385.html\" target=\"_blank\" rel=\"noopener\">Daily Health Industry \u2013 April 3, 2018<\/a><\/p>\n<p>Related news:\u00a0<a href=\"https:\/\/www.fiercepharma.com\/pharma\/j-j-s-duato-peterson-score-hefty-retention-bonuses-as-gorsky-s-pay-hits-29m\" target=\"_blank\" rel=\"noopener\">J&amp;J&#039;s Duato, Peterson nab hefty retention bonuses as CEO Gorsky&#039;s pay hits $29M<\/a><\/p>\n<h1 class=\"page-title\"><a href=\"https:\/\/www.fiercepharma.com\/special-report\/top-15-highest-paid-biopharma-executives\" target=\"_blank\" rel=\"noopener\">The top 15 highest paid biopharma executives<\/a><\/h1>\n<p><a href=\"http:\/\/www.fedaiisf.it\/wp-content\/uploads\/2018\/04\/15-pi\u00f9-pagati-big-pharma.png\"><img loading=\"lazy\" decoding=\"async\" class=\"alignnone size-full wp-image-35442\" src=\"http:\/\/www.fedaiisf.it\/wp-content\/uploads\/2018\/04\/15-pi\u00f9-pagati-big-pharma.png\" alt=\"\" width=\"728\" height=\"596\" srcset=\"https:\/\/www.fedaiisf.it\/wp-content\/uploads\/2018\/04\/15-pi\u00f9-pagati-big-pharma.png 728w, https:\/\/www.fedaiisf.it\/wp-content\/uploads\/2018\/04\/15-pi\u00f9-pagati-big-pharma-300x246.png 300w\" sizes=\"auto, (max-width: 728px) 100vw, 728px\" \/><\/a><\/p>\n<p><a href=\"http:\/\/www.fedaiisf.it\/wp-content\/uploads\/2018\/04\/titolo.png\"><img loading=\"lazy\" decoding=\"async\" class=\"alignnone size-full wp-image-35444\" src=\"http:\/\/www.fedaiisf.it\/wp-content\/uploads\/2018\/04\/titolo.png\" alt=\"\" width=\"706\" height=\"115\" srcset=\"https:\/\/www.fedaiisf.it\/wp-content\/uploads\/2018\/04\/titolo.png 706w, https:\/\/www.fedaiisf.it\/wp-content\/uploads\/2018\/04\/titolo-300x49.png 300w\" sizes=\"auto, (max-width: 706px) 100vw, 706px\" \/><\/a><\/p>","protected":false},"excerpt":{"rendered":"<p>Il fatto che il CEO di Johnson &amp; Johnson, Alex Gorsky, abbia ottenuto nel 2017 un aumento non \u00e8 poi cos\u00ec sorprendente. Dopotutto, il suo pacchetto retributivo \u00e8 aumentato poco a poco negli ultimi anni. I suoi premi sono aumentati di 2,7 milioni di dollari, mentre la sua remunerazione, basata su incentivi, \u00e8 diminuita di &hellip;<\/p>","protected":false},"author":4,"featured_media":35438,"comment_status":"closed","ping_status":"closed","sticky":false,"template":"","format":"standard","meta":{"footnotes":""},"categories":[1],"tags":[51],"class_list":["post-35435","post","type-post","status-publish","format-standard","has-post-thumbnail","hentry","category-notizie","tag-compenso-top-manager"],"amp_enabled":true,"_links":{"self":[{"href":"https:\/\/www.fedaiisf.it\/en\/wp-json\/wp\/v2\/posts\/35435","targetHints":{"allow":["GET"]}}],"collection":[{"href":"https:\/\/www.fedaiisf.it\/en\/wp-json\/wp\/v2\/posts"}],"about":[{"href":"https:\/\/www.fedaiisf.it\/en\/wp-json\/wp\/v2\/types\/post"}],"author":[{"embeddable":true,"href":"https:\/\/www.fedaiisf.it\/en\/wp-json\/wp\/v2\/users\/4"}],"replies":[{"embeddable":true,"href":"https:\/\/www.fedaiisf.it\/en\/wp-json\/wp\/v2\/comments?post=35435"}],"version-history":[{"count":0,"href":"https:\/\/www.fedaiisf.it\/en\/wp-json\/wp\/v2\/posts\/35435\/revisions"}],"wp:featuredmedia":[{"embeddable":true,"href":"https:\/\/www.fedaiisf.it\/en\/wp-json\/wp\/v2\/media\/35438"}],"wp:attachment":[{"href":"https:\/\/www.fedaiisf.it\/en\/wp-json\/wp\/v2\/media?parent=35435"}],"wp:term":[{"taxonomy":"category","embeddable":true,"href":"https:\/\/www.fedaiisf.it\/en\/wp-json\/wp\/v2\/categories?post=35435"},{"taxonomy":"post_tag","embeddable":true,"href":"https:\/\/www.fedaiisf.it\/en\/wp-json\/wp\/v2\/tags?post=35435"}],"curies":[{"name":"wp","href":"https:\/\/api.w.org\/{rel}","templated":true}]}}