{"id":35531,"date":"2018-04-10T12:47:25","date_gmt":"2018-04-10T10:47:25","guid":{"rendered":"http:\/\/www.fedaiisf.it\/?p=35531"},"modified":"2018-05-14T13:17:29","modified_gmt":"2018-05-14T11:17:29","slug":"filctem-scrive-ad-aifa-sulla-mancata-convocazione-per-linee-guida-isf","status":"publish","type":"post","link":"https:\/\/www.fedaiisf.it\/en\/filctem-scrive-ad-aifa-sulla-mancata-convocazione-per-linee-guida-isf\/","title":{"rendered":"Filctem writes to AIFA on the failure to call for ISF Guidelines"},"content":{"rendered":"<div class=\"page\" title=\"Page 1\">\n<div class=\"section\">\n<div class=\"layoutArea\">\n<div class=\"column\">\n<p>Abbiamo immaginato, come peraltro gi\u00e0 riferito al D.G. Prof. Melazzini, in occasione dell&#8217;incontro svoltosi nella Vs sede nei mesi scorsi, come un coinvolgimento delle OO.SS. di rappresentanza della figura dell&#8217;Informatore Scientifico del Farmaco avrebbe peraltro aiutato a dirimere le tantissime criticit\u00e0 emerse dal proliferare delle delibere regionali, territoriali, addirittura aziendali che, in alcuni casi, rendono impossibile l&#8217;attivit\u00e0 di informazione, mettendo in grave difficolt\u00e0 informatori e medici.<\/p>\n<div class=\"page\" title=\"Page 2\">\n<div class=\"section\">\n<div class=\"layoutArea\">\n<div class=\"column\">\n<p>In alcuni casi, come in Emilia Romagna, \u00e8 stato aperto un tavolo di confronto tra la Regione e le OO.SS. per raccogliere osservazioni e modificare la delibera regionale garantendo il corretto svolgimento delle attivit\u00e0. In quella Regione, il confronto tra le Parti resta aperto e speriamo possa produrre effetti positivi a breve.<\/p>\n<p>L&#8217;interpretazione restrittiva data dall&#8217;Aifa ci trova in assoluto disaccordo in quanto le Associazioni di rappresentanza dei lavoratori concorrono a rendere possibile una informazione corretta ed etica nei confronti degli operatori sanitari e perch\u00e8 a tutti gli effetti il sindacato \u00e8 una \u201dassociazione dell&#8217;industria del farmaco\u201d.<\/p>\n<p>Tra l&#8217;altro, escludere da questa discussione le Organizzazioni Sindacali maggiormente rappresentative, gi\u00e0 ampiamente coinvolte dal 2015 nelle riunioni\/commissioni presso il Tavolo Interministeriale della Farmaceutica, di cui anche Aifa fa parte, rappresenta un preoccupante passo indietro, peraltro non in linea con le buone pratiche e corrette relazioni industriali del settore.<\/p>\n<p>Sicuramente, vista anche la discussione in atto con Aifa e le stesse Aziende, in merito al rischio di \u201cderiva\u201d commerciale dell&#8217;attivit\u00e0 di informazione, il confronto e le eventuali osservazioni preventive che sarebbero potute emergere attraverso approfondimenti preventivi, avrebbero potuto limitare eventuali contrasti e prese di posizione potenzialmente dannose per il Servizio Sanitario, le Aziende e i Lavoratori.<\/p>\n<p>Auspicando una disponibilit\u00e0 diversa da parte dell&#8217;Agenzia del Farmaco, e del suo ruolo di garanzia e neutralit\u00e0 tra i vari soggetto che concorrono nelle attivit\u00e0 in oggetto, cogliamo l&#8217;occasione per porgere Distinti Saluti.<\/p>\n<p><a href=\"http:\/\/www.fedaiisf.it\/wp-content\/uploads\/2018\/04\/Firma-Miceli.png\"><img loading=\"lazy\" decoding=\"async\" class=\"size-full wp-image-35535 alignright\" src=\"http:\/\/www.fedaiisf.it\/wp-content\/uploads\/2018\/04\/Firma-Miceli.png\" alt=\"\" width=\"280\" height=\"145\" \/><\/a><\/p>\n<\/div>\n<\/div>\n<\/div>\n<\/div>\n<\/div>\n<\/div>\n<\/div>\n<\/div>","protected":false},"excerpt":{"rendered":"<p>Abbiamo immaginato, come peraltro gi\u00e0 riferito al D.G. Prof. Melazzini, in occasione dell&#8217;incontro svoltosi nella Vs sede nei mesi scorsi, come un coinvolgimento delle OO.SS. di rappresentanza della figura dell&#8217;Informatore Scientifico del Farmaco avrebbe peraltro aiutato a dirimere le tantissime criticit\u00e0 emerse dal proliferare delle delibere regionali, territoriali, addirittura aziendali che, in alcuni casi, rendono &hellip;<\/p>","protected":false},"author":4,"featured_media":35533,"comment_status":"closed","ping_status":"closed","sticky":false,"template":"","format":"standard","meta":{"footnotes":""},"categories":[16],"tags":[],"class_list":["post-35531","post","type-post","status-publish","format-standard","has-post-thumbnail","hentry","category-primo-piano"],"amp_enabled":true,"_links":{"self":[{"href":"https:\/\/www.fedaiisf.it\/en\/wp-json\/wp\/v2\/posts\/35531","targetHints":{"allow":["GET"]}}],"collection":[{"href":"https:\/\/www.fedaiisf.it\/en\/wp-json\/wp\/v2\/posts"}],"about":[{"href":"https:\/\/www.fedaiisf.it\/en\/wp-json\/wp\/v2\/types\/post"}],"author":[{"embeddable":true,"href":"https:\/\/www.fedaiisf.it\/en\/wp-json\/wp\/v2\/users\/4"}],"replies":[{"embeddable":true,"href":"https:\/\/www.fedaiisf.it\/en\/wp-json\/wp\/v2\/comments?post=35531"}],"version-history":[{"count":0,"href":"https:\/\/www.fedaiisf.it\/en\/wp-json\/wp\/v2\/posts\/35531\/revisions"}],"wp:featuredmedia":[{"embeddable":true,"href":"https:\/\/www.fedaiisf.it\/en\/wp-json\/wp\/v2\/media\/35533"}],"wp:attachment":[{"href":"https:\/\/www.fedaiisf.it\/en\/wp-json\/wp\/v2\/media?parent=35531"}],"wp:term":[{"taxonomy":"category","embeddable":true,"href":"https:\/\/www.fedaiisf.it\/en\/wp-json\/wp\/v2\/categories?post=35531"},{"taxonomy":"post_tag","embeddable":true,"href":"https:\/\/www.fedaiisf.it\/en\/wp-json\/wp\/v2\/tags?post=35531"}],"curies":[{"name":"wp","href":"https:\/\/api.w.org\/{rel}","templated":true}]}}