{"id":36045,"date":"2018-05-24T16:42:31","date_gmt":"2018-05-24T14:42:31","guid":{"rendered":"http:\/\/www.fedaiisf.it\/?p=36045"},"modified":"2020-07-20T19:09:46","modified_gmt":"2020-07-20T17:09:46","slug":"comunicato-sindacale-su-criticita-tris","status":"publish","type":"post","link":"https:\/\/www.fedaiisf.it\/en\/comunicato-sindacale-su-criticita-tris\/","title":{"rendered":"Union press release on TRIS critical issues"},"content":{"rendered":"<div class=\"page\" title=\"Page 1\">\n<div class=\"section\">\n<div class=\"layoutArea\">\n<div class=\"column\">\n<ol>\n<li>un passaggio del testo presso l&#8217;Inps;<\/li>\n<li>l&#8217;integrazione economica prevista dal fondo, affiancata all&#8217;erogazione\u00a0della Naspi, che vista la natura bilaterale del Fondo dovrebbe prevedere\u00a0una compartecipazione del lavoratore;<\/li>\n<li>la prevista contribuzione per il riscatto degli anni di laurea, non \u00e8 in linea\u00a0con le leggi vigenti.<\/li>\n<\/ol>\n<p>Rispetto al primo punto la natura del passaggio sarebbe puramente formale.<\/p>\n<p>Per quanto riguarda l&#8217;integrazione economica il dirigente ministeriale che ha presieduto la riunione, ha ritenuto precisare che l&#8217;impalcatura legislativa su cui poggia l&#8217;articolato del fondo, non nega la possibilit\u00e0 di una integrazione solo aziendale, per cui l&#8217;aspetto potrebbe essere risolto attraverso un approfondimento tra le parti.<\/p>\n<div class=\"page\" title=\"Page 2\">\n<div class=\"section\">\n<div class=\"layoutArea\">\n<div class=\"column\">\n<p>Il terzo punto, sui contributi della laurea, sembra essere quello pi\u00f9 critico, in quanto, cos\u00ec come \u00e8 stato scritto rischia di creare condizioni non accettabili da parte della stessa Ragioneria di Stato. La condizione in cui un lavoratore potrebbe riscattare il periodo completo del ciclo di studi, anche se questo risulta ridondante, con il periodo necessario a raggiungere i requisiti pensionistici, l&#8217;effetto che ne deriverebbe sarebbe l&#8217;aumento del rateo pensionistico per il lavoratore.<\/p>\n<p>Vista la forte presenza di laureati, soprattutto nel settore farmaceutico, che di conseguenza fa crescere i potenziali aumenti sugli importi pensionistici erogati dall&#8217;Inps (combinato tra l&#8217;articolo 32 e il comma 9 dell&#8217;art. 26 del d.lgs 148 del 2015 e l&#8217;art. 2 del d.lgs 184 del 1997).<\/p>\n<p>A tal proposito sarebbe opportuno lavorare per costruire una esclusivit\u00e0 strumento, ovvero limitando la contribuzione aziendale al periodo necessario al raggiungimento del requisito di accesso alla pensione.<\/p>\n<p>La riunione si \u00e8 quindi conclusa con la forte volont\u00e0 delle rappresentanze sindacali e datoriali di trovare le forme necessarie alla risoluzione dei problemi espressi, in un confronto che dovr\u00e0 anche proseguire nei prossimi giorni sul tavolo della Ragioneria di Stato.<\/p>\n<p>Altro elemento che potrebbe avere un effetto ritardante la soluzione \u00e8 quello relativo all&#8217;imminente cambio di governo che sembra profilarsi nel paese e il conseguente cambio dei soggetti dell&#8217;ufficio giuridico che dovranno esprimere un parere sul fondo.<\/p>\n<p>Sar\u00e0 cura della segreteria nazionale aggiornare le strutture durante i passaggi istituzionali che ci vedranno impegnati nei prossimi giorni.<\/p>\n<\/div>\n<\/div>\n<div class=\"layoutArea\">\n<div class=\"column\">\n<p>Un fraterno saluto.<\/p>\n<p><a href=\"http:\/\/www.fedaiisf.it\/wp-content\/uploads\/2018\/05\/Firma-Cardinali-1.png\"><img loading=\"lazy\" decoding=\"async\" class=\"size-full wp-image-36047 alignright\" src=\"http:\/\/www.fedaiisf.it\/wp-content\/uploads\/2018\/05\/Firma-Cardinali-1.png\" alt=\"\" width=\"420\" height=\"148\" srcset=\"https:\/\/www.fedaiisf.it\/wp-content\/uploads\/2018\/05\/Firma-Cardinali-1.png 420w, https:\/\/www.fedaiisf.it\/wp-content\/uploads\/2018\/05\/Firma-Cardinali-1-300x106.png 300w\" sizes=\"auto, (max-width: 420px) 100vw, 420px\" \/><\/a><\/p>\n<\/div>\n<\/div>\n<\/div>\n<\/div>\n<\/div>\n<\/div>\n<\/div>\n<\/div>\n<p>&nbsp;<\/p>","protected":false},"excerpt":{"rendered":"<p>un passaggio del testo presso l&#8217;Inps; l&#8217;integrazione economica prevista dal fondo, affiancata all&#8217;erogazione\u00a0della Naspi, che vista la natura bilaterale del Fondo dovrebbe prevedere\u00a0una compartecipazione del lavoratore; la prevista contribuzione per il riscatto degli anni di laurea, non \u00e8 in linea\u00a0con le leggi vigenti. Rispetto al primo punto la natura del passaggio sarebbe puramente formale. Per &hellip;<\/p>","protected":false},"author":4,"featured_media":36049,"comment_status":"closed","ping_status":"closed","sticky":false,"template":"","format":"standard","meta":{"footnotes":""},"categories":[1],"tags":[27,78],"class_list":["post-36045","post","type-post","status-publish","format-standard","has-post-thumbnail","hentry","category-notizie","tag-licenziati","tag-scandalo-latti-in-polvere-scandalo-stent-cardiaci"],"amp_enabled":true,"_links":{"self":[{"href":"https:\/\/www.fedaiisf.it\/en\/wp-json\/wp\/v2\/posts\/36045","targetHints":{"allow":["GET"]}}],"collection":[{"href":"https:\/\/www.fedaiisf.it\/en\/wp-json\/wp\/v2\/posts"}],"about":[{"href":"https:\/\/www.fedaiisf.it\/en\/wp-json\/wp\/v2\/types\/post"}],"author":[{"embeddable":true,"href":"https:\/\/www.fedaiisf.it\/en\/wp-json\/wp\/v2\/users\/4"}],"replies":[{"embeddable":true,"href":"https:\/\/www.fedaiisf.it\/en\/wp-json\/wp\/v2\/comments?post=36045"}],"version-history":[{"count":0,"href":"https:\/\/www.fedaiisf.it\/en\/wp-json\/wp\/v2\/posts\/36045\/revisions"}],"wp:featuredmedia":[{"embeddable":true,"href":"https:\/\/www.fedaiisf.it\/en\/wp-json\/wp\/v2\/media\/36049"}],"wp:attachment":[{"href":"https:\/\/www.fedaiisf.it\/en\/wp-json\/wp\/v2\/media?parent=36045"}],"wp:term":[{"taxonomy":"category","embeddable":true,"href":"https:\/\/www.fedaiisf.it\/en\/wp-json\/wp\/v2\/categories?post=36045"},{"taxonomy":"post_tag","embeddable":true,"href":"https:\/\/www.fedaiisf.it\/en\/wp-json\/wp\/v2\/tags?post=36045"}],"curies":[{"name":"wp","href":"https:\/\/api.w.org\/{rel}","templated":true}]}}