{"id":36305,"date":"2018-06-08T12:33:27","date_gmt":"2018-06-08T10:33:27","guid":{"rendered":"https:\/\/www.fedaiisf.it\/?p=36305"},"modified":"2018-06-09T13:00:50","modified_gmt":"2018-06-09T11:00:50","slug":"novo-nordisk-si-riorganizza-possibili-3mila-esuberi","status":"publish","type":"post","link":"https:\/\/www.fedaiisf.it\/en\/novo-nordisk-si-riorganizza-possibili-3mila-esuberi\/","title":{"rendered":"Novo Nordisk si riorganizza, possibili 3mila esuberi"},"content":{"rendered":"<p>La danese Novo, il pi\u00f9 grande produttore mondiale di insulina, sta preparando un piano di riorganizzazione che sar\u00e0 ufficializzato nel mese di agosto quando l&#8217;azienda annuncer\u00e0 i risultati del secondo trimestre. Dalle prime indiscrezioni trapelate, riportate dalla testata danese Borsen sono possibili 3mila esuberi.<\/p>\n<p><a href=\"https:\/\/www.pharmastar.it\/news\/business\/novo-nordisk-si-riorganizza-possibili-3mila-esuberi-27016\" target=\"_blank\" rel=\"noopener\">Pharmastar &#8211;\u00a0<span class=\"time-now\">Venerdi\u00a08\u00a0Giugno\u00a02018 <\/span><\/a><\/p>\n<p><a href=\"https:\/\/www.fedaiisf.it\/wp-content\/uploads\/2014\/06\/novonorsik.jpg\"><img loading=\"lazy\" decoding=\"async\" class=\"wp-image-645 alignright\" src=\"https:\/\/www.fedaiisf.it\/wp-content\/uploads\/2014\/06\/novonorsik.jpg\" alt=\"\" width=\"216\" height=\"155\" srcset=\"https:\/\/www.fedaiisf.it\/wp-content\/uploads\/2014\/06\/novonorsik.jpg 640w, https:\/\/www.fedaiisf.it\/wp-content\/uploads\/2014\/06\/novonorsik-300x215.jpg 300w\" sizes=\"auto, (max-width: 216px) 100vw, 216px\" \/><\/a>La danese Novo, il pi\u00f9 grande produttore mondiale di insulina, sta preparando un piano di riorganizzazione che sar\u00e0 ufficializzato nel mese di agosto quando l\u2019azienda annuncer\u00e0 i risultati del secondo trimestre.<\/p>\n<p>Dalle prime indiscrezioni trapelate, riportate dalla testata danese Borsen sono possibili 3mila esuberi. L\u2019azienda rivedr\u00e0 anche gli obiettivi finanziari a lungo termine che non sono pi\u00f9 realistici vista la situazione del mercato americano dei farmaci antidiabete caratterizzato da un decremento dei prezzi.<\/p>\n<p>Il numero attuale di dipendenti dell\u2019azienda \u00e8 di circa 42.700 sparsi in 79 Paesi.<\/p>\n<p>Un portavoce di Novo ha dichiarato all\u2019agenzia di stampa Reuters che l&#8217;azienda non commenta le voci di mercato, ma che modula regolarmente la sua attivit\u00e0 in base alle condizioni del mercato.<\/p>\n<p>Related news:\u00a0<a href=\"https:\/\/www.reuters.com\/article\/novo-nordisk\/novo-nordisk-considers-laying-off-up-to-3000-staff-danish-paper-borsen-idUSL5N1T96I9\" target=\"_blank\" rel=\"noopener\">Novo Nordisk considers laying-off up to 3,000 staff &#8211; Danish paper Borsen<\/a><\/p>\n<p><a href=\"http:\/\/penge.borsen.dk\/artikel\/1\/364015\/aktier_novo_og_gn_group_falder_til_bunds_i_roedt_marked.html\" target=\"_blank\" rel=\"noopener\">Aktier: Novo og GN Group falder til bunds i r\u00f8dt marked<\/a><\/p>\n<p><a href=\"https:\/\/www.fedaiisf.it\/en\/storie-di-isf-drago-vuina-ex-isf-general-manager-corporate-vice-president-di-novo-nordisk-italia\/\" target=\"_blank\" rel=\"noopener\">Storie di ISF. Drago Vuina, ex ISF, general manager &amp; corporate vice president di Novo Nordisk Italia<\/a><\/p>\n<p><a href=\"http:\/\/www.dailyhealthindustry.it\/novo-nordisk-futuro-roseo-in-cina-con-i-glp1-ID10088.html\" target=\"_blank\" rel=\"noopener\">Novo Nordisk: futuro roseo in Cina con i GLP1<\/a><\/p>","protected":false},"excerpt":{"rendered":"<p>La danese Novo, il pi\u00f9 grande produttore mondiale di insulina, sta preparando un piano di riorganizzazione che sar\u00e0 ufficializzato nel mese di agosto quando l&#8217;azienda annuncer\u00e0 i risultati del secondo trimestre. Dalle prime indiscrezioni trapelate, riportate dalla testata danese Borsen sono possibili 3mila esuberi. Pharmastar &#8211;\u00a0Venerdi\u00a08\u00a0Giugno\u00a02018 La danese Novo, il pi\u00f9 grande produttore mondiale di &hellip;<\/p>","protected":false},"author":4,"featured_media":36310,"comment_status":"closed","ping_status":"closed","sticky":false,"template":"","format":"standard","meta":{"footnotes":""},"categories":[1],"tags":[27],"class_list":["post-36305","post","type-post","status-publish","format-standard","has-post-thumbnail","hentry","category-notizie","tag-licenziati"],"amp_enabled":true,"_links":{"self":[{"href":"https:\/\/www.fedaiisf.it\/en\/wp-json\/wp\/v2\/posts\/36305","targetHints":{"allow":["GET"]}}],"collection":[{"href":"https:\/\/www.fedaiisf.it\/en\/wp-json\/wp\/v2\/posts"}],"about":[{"href":"https:\/\/www.fedaiisf.it\/en\/wp-json\/wp\/v2\/types\/post"}],"author":[{"embeddable":true,"href":"https:\/\/www.fedaiisf.it\/en\/wp-json\/wp\/v2\/users\/4"}],"replies":[{"embeddable":true,"href":"https:\/\/www.fedaiisf.it\/en\/wp-json\/wp\/v2\/comments?post=36305"}],"version-history":[{"count":0,"href":"https:\/\/www.fedaiisf.it\/en\/wp-json\/wp\/v2\/posts\/36305\/revisions"}],"wp:featuredmedia":[{"embeddable":true,"href":"https:\/\/www.fedaiisf.it\/en\/wp-json\/wp\/v2\/media\/36310"}],"wp:attachment":[{"href":"https:\/\/www.fedaiisf.it\/en\/wp-json\/wp\/v2\/media?parent=36305"}],"wp:term":[{"taxonomy":"category","embeddable":true,"href":"https:\/\/www.fedaiisf.it\/en\/wp-json\/wp\/v2\/categories?post=36305"},{"taxonomy":"post_tag","embeddable":true,"href":"https:\/\/www.fedaiisf.it\/en\/wp-json\/wp\/v2\/tags?post=36305"}],"curies":[{"name":"wp","href":"https:\/\/api.w.org\/{rel}","templated":true}]}}