{"id":36318,"date":"2018-06-09T11:39:26","date_gmt":"2018-06-09T09:39:26","guid":{"rendered":"https:\/\/www.fedaiisf.it\/?p=36318"},"modified":"2018-06-29T12:57:33","modified_gmt":"2018-06-29T10:57:33","slug":"ricostituita-la-sezione-informatori-scientifici-di-bologna","status":"publish","type":"post","link":"https:\/\/www.fedaiisf.it\/en\/ricostituita-la-sezione-informatori-scientifici-di-bologna\/","title":{"rendered":"Reconstituted the Scientific Representatives Section of Bologna"},"content":{"rendered":"<p>Ieri sera si \u00e8 ricostituita l&#8217;associazione informatori scientifici di Bologna.<\/p>\n<p>La riunione \u00e8 stata egregiamente tenuta dal nostro collega Alberto Bonomo.<\/p>\n<p><a href=\"https:\/\/www.fedaiisf.it\/wp-content\/uploads\/2018\/06\/Alberto-Bonomo-AIISF-Bologna.jpeg\"><img loading=\"lazy\" decoding=\"async\" class=\"size-full wp-image-36321 alignright\" src=\"https:\/\/www.fedaiisf.it\/wp-content\/uploads\/2018\/06\/Alberto-Bonomo-AIISF-Bologna.jpeg\" alt=\"\" width=\"200\" height=\"200\" srcset=\"https:\/\/www.fedaiisf.it\/wp-content\/uploads\/2018\/06\/Alberto-Bonomo-AIISF-Bologna.jpeg 200w, https:\/\/www.fedaiisf.it\/wp-content\/uploads\/2018\/06\/Alberto-Bonomo-AIISF-Bologna-150x150.jpeg 150w, https:\/\/www.fedaiisf.it\/wp-content\/uploads\/2018\/06\/Alberto-Bonomo-AIISF-Bologna-36x36.jpeg 36w\" sizes=\"auto, (max-width: 200px) 100vw, 200px\" \/><\/a>Di seguito i punti trattati:<\/p>\n<p>1) L&#8217;associazione sar\u00e0 apolitica e asindacale. Abbiamo gi\u00e0 un nostro collega sindacalista Pietro Gualandi, che svolge il suo lavoro in modo eccellente.<\/p>\n<p>2) Al fine di ottenere un&#8217;organizzazione pi\u00f9 efficiente e pi\u00f9 efficace \u00e8 richiesta la collaborazione di tutti.<\/p>\n<p>2 a) Richiediamo la disponibilit\u00e0 a coloro che hanno conoscenze con operatori sanitari nelle varie istituzioni di organizzare degli incontri ufficiali di presentazione dell&#8217;associazione.<\/p>\n<p>3) Individuare delle figure che siano referenti per area terapeutica\/ microarea, e per creare e mantenere aggiornati gli schedari.<\/p>\n<p>4) Al termine della riunione si \u00e8 votato per decidere se costituire un&#8217;associazione locale federata a Fedaiisf o legarsi all&#8217;Aiisf nazionale, una netta maggioranza ha deciso per la seconda opzione.<\/p>\n<p>Ringraziamo tutti per la partecipazione particolarmente attiva (i presenti erano 79), tutti insieme possiamo riuscire a ottenere il rispetto che ci compete come categoria e come lavoratori.<\/p>","protected":false},"excerpt":{"rendered":"<p>Ieri sera si \u00e8 ricostituita l&#8217;associazione informatori scientifici di Bologna. La riunione \u00e8 stata egregiamente tenuta dal nostro collega Alberto Bonomo. Di seguito i punti trattati: 1) L&#8217;associazione sar\u00e0 apolitica e asindacale. Abbiamo gi\u00e0 un nostro collega sindacalista Pietro Gualandi, che svolge il suo lavoro in modo eccellente. 2) Al fine di ottenere un&#8217;organizzazione pi\u00f9 &hellip;<\/p>","protected":false},"author":4,"featured_media":36319,"comment_status":"closed","ping_status":"closed","sticky":false,"template":"","format":"standard","meta":{"footnotes":""},"categories":[14],"tags":[45,21],"class_list":["post-36318","post","type-post","status-publish","format-standard","has-post-thumbnail","hentry","category-news-fedaiisf","tag-fedaiisf","tag-informatori-scientifici"],"amp_enabled":true,"_links":{"self":[{"href":"https:\/\/www.fedaiisf.it\/en\/wp-json\/wp\/v2\/posts\/36318","targetHints":{"allow":["GET"]}}],"collection":[{"href":"https:\/\/www.fedaiisf.it\/en\/wp-json\/wp\/v2\/posts"}],"about":[{"href":"https:\/\/www.fedaiisf.it\/en\/wp-json\/wp\/v2\/types\/post"}],"author":[{"embeddable":true,"href":"https:\/\/www.fedaiisf.it\/en\/wp-json\/wp\/v2\/users\/4"}],"replies":[{"embeddable":true,"href":"https:\/\/www.fedaiisf.it\/en\/wp-json\/wp\/v2\/comments?post=36318"}],"version-history":[{"count":0,"href":"https:\/\/www.fedaiisf.it\/en\/wp-json\/wp\/v2\/posts\/36318\/revisions"}],"wp:featuredmedia":[{"embeddable":true,"href":"https:\/\/www.fedaiisf.it\/en\/wp-json\/wp\/v2\/media\/36319"}],"wp:attachment":[{"href":"https:\/\/www.fedaiisf.it\/en\/wp-json\/wp\/v2\/media?parent=36318"}],"wp:term":[{"taxonomy":"category","embeddable":true,"href":"https:\/\/www.fedaiisf.it\/en\/wp-json\/wp\/v2\/categories?post=36318"},{"taxonomy":"post_tag","embeddable":true,"href":"https:\/\/www.fedaiisf.it\/en\/wp-json\/wp\/v2\/tags?post=36318"}],"curies":[{"name":"wp","href":"https:\/\/api.w.org\/{rel}","templated":true}]}}