{"id":36652,"date":"2018-06-26T11:38:33","date_gmt":"2018-06-26T09:38:33","guid":{"rendered":"https:\/\/www.fedaiisf.it\/?p=36652"},"modified":"2018-07-13T12:13:41","modified_gmt":"2018-07-13T10:13:41","slug":"ccnl-proposta-emendamento-da-inserire-nella-declaratoria-del-profilo-dellisf","status":"publish","type":"post","link":"https:\/\/www.fedaiisf.it\/en\/ccnl-proposta-emendamento-da-inserire-nella-declaratoria-del-profilo-dellisf\/","title":{"rendered":"CCNL. Proposed amendment to be included in the declaration of the ISF profile."},"content":{"rendered":"<p>We receive and publish.<\/p>\n<p><em>Proporrei l\u2019inserimento dell\u2019emendamento riportato sotto nelle assemblee sindacali regionali, il 5 luglio. Se siete d\u2019accordo, inviterei tutti gli iscritti alle sigle sindacali nelle varie regioni di presentarlo, pregandoli anche di inviarlo agli eventuali ISF invitati alle Assemblee regionali.<\/em><\/p>\n<p><em>Antonio Giammei<\/em><\/p>\n<hr \/>\n<p><span style=\"font-size: 18px;\"><em><strong>Informatore scientifico del farmaco (1)<\/strong><\/em><\/span><\/p>\n<p>&#8211; Svolge, secondo le direttive aziendali e nel rispetto del D.Lgs. 24 aprile 2006 n. 219, attivit\u00e0 di informazione scientifica presso i medici illustrando loro le caratteristiche farmacologiche e terapeutiche dei farmaci, al fine di assicurarne il corretto impiego.<\/p>\n<p>&#8211; Riferisce all&#8217;impresa, nel rispetto dell&#8217;art. 122 comma 6 del d.lgs 24 Aprile 2006 n. 219 , le osservazioni registrate nell&#8217;uso dei farmaci che emergono dal colloquio con gli operatori sanitari ed in particolare le informazioni sugli effetti secondari dei farmaci ad uso umano.<\/p>\n<p>&#8211; <strong>nell\u2019ambito della sua professione l\u2019ISF deve svolgere la propria attivit\u00e0 da solo, nel rispetto di quanto dichiarato nelle Linee Guida Stato\/Regioni sull\u2019Informazione Scientifica: \u201cGli ISF devono svolgere l\u2019attivit\u00e0 professionale prevista dalla normativa vigente, presso i medici individualmente; la presenza del capo area o di altre figure professionali non correlate all\u2019attivit\u00e0 di informazione scientifica, \u00e8 ammessa solo per funzioni diverse dall\u2019informazione scientifica. Non \u00e8 consentito agli operatori del Servizio Sanitario Regionale e delle farmacie convenzionate fornire agli ISF n\u00e9 indicazioni relative alle abitudini prescrittive dei medici n\u00e9 informazioni inerenti le procedure di acquisto dei medicinali\u201d<\/strong><\/p>\n<p>&#8211; Possiede un titolo di studio idoneo (art. 122, comma 2, d.lgs 24 aprile 2006 n. 219), un&#8217;alta qualificazione professionale ed adeguate conoscenze scientifiche sui farmaci che presenter\u00e0 ai medici.<\/p>\n<p>&#8211; Pu\u00f2 essere chiamato a svolgere, secondo le necessit\u00e0 aziendali, ulteriori attivit\u00e0, sempre nell&#8217;area di pertinenza e <strong>nel rispetto delle norme dettate dal D.lgs. 24 aprile 2006 n. 219 e dalle Regolamentazioni Stato\/Regioni sull\u2019Informazione scientifica<\/strong>, che comportino competenza, esperienza e responsabilit\u00e0.<\/p>\n<p>&#8212;&#8212;&#8212;-<\/p>\n<p>L&#8217;informatore scientifico del farmaco assunto senza esperienza specifica nella mansione sar\u00e0 inquadrato nella posizione organizzativa B2 per un massimo di 24 mesi.<\/p>\n<hr \/>\n<p><span style=\"font-size: 18px;\"><em>Riportiamo il testo del CCNL attualmente vigente:<\/em><\/span><\/p>\n<p><a href=\"https:\/\/www.fedaiisf.it\/wp-content\/uploads\/2018\/06\/CCNL-ISF.png\"><img loading=\"lazy\" decoding=\"async\" class=\"alignnone size-full wp-image-36632\" src=\"https:\/\/www.fedaiisf.it\/wp-content\/uploads\/2018\/06\/CCNL-ISF.png\" alt=\"\" width=\"974\" height=\"900\" srcset=\"https:\/\/www.fedaiisf.it\/wp-content\/uploads\/2018\/06\/CCNL-ISF.png 974w, https:\/\/www.fedaiisf.it\/wp-content\/uploads\/2018\/06\/CCNL-ISF-300x277.png 300w, https:\/\/www.fedaiisf.it\/wp-content\/uploads\/2018\/06\/CCNL-ISF-768x710.png 768w\" sizes=\"auto, (max-width: 974px) 100vw, 974px\" \/><\/a><\/p>\n<p><a href=\"https:\/\/www.fedaiisf.it\/wp-content\/uploads\/2018\/06\/CCNL-ISF-2.png\"><img loading=\"lazy\" decoding=\"async\" class=\"alignnone size-full wp-image-36633\" src=\"https:\/\/www.fedaiisf.it\/wp-content\/uploads\/2018\/06\/CCNL-ISF-2.png\" alt=\"\" width=\"970\" height=\"269\" srcset=\"https:\/\/www.fedaiisf.it\/wp-content\/uploads\/2018\/06\/CCNL-ISF-2.png 970w, https:\/\/www.fedaiisf.it\/wp-content\/uploads\/2018\/06\/CCNL-ISF-2-300x83.png 300w, https:\/\/www.fedaiisf.it\/wp-content\/uploads\/2018\/06\/CCNL-ISF-2-768x213.png 768w\" sizes=\"auto, (max-width: 970px) 100vw, 970px\" \/><\/a><\/p>\n<p><a href=\"https:\/\/www.fedaiisf.it\/wp-content\/uploads\/2018\/06\/Apprendistato-ISF.png\"><img loading=\"lazy\" decoding=\"async\" class=\"alignnone size-full wp-image-36650\" src=\"https:\/\/www.fedaiisf.it\/wp-content\/uploads\/2018\/06\/Apprendistato-ISF.png\" alt=\"\" width=\"978\" height=\"422\" srcset=\"https:\/\/www.fedaiisf.it\/wp-content\/uploads\/2018\/06\/Apprendistato-ISF.png 978w, https:\/\/www.fedaiisf.it\/wp-content\/uploads\/2018\/06\/Apprendistato-ISF-300x129.png 300w, https:\/\/www.fedaiisf.it\/wp-content\/uploads\/2018\/06\/Apprendistato-ISF-768x331.png 768w\" sizes=\"auto, (max-width: 978px) 100vw, 978px\" \/><\/a><\/p>\n<p><span style=\"font-size: 18px;\"><strong>Posizione Organizzativa C<\/strong><\/span><\/p>\n<p><a href=\"https:\/\/www.fedaiisf.it\/wp-content\/uploads\/2018\/06\/CCNL-classificazione-C.png\"><img loading=\"lazy\" decoding=\"async\" class=\"size-full wp-image-36635 aligncenter\" src=\"https:\/\/www.fedaiisf.it\/wp-content\/uploads\/2018\/06\/CCNL-classificazione-C.png\" alt=\"\" width=\"667\" height=\"320\" srcset=\"https:\/\/www.fedaiisf.it\/wp-content\/uploads\/2018\/06\/CCNL-classificazione-C.png 667w, https:\/\/www.fedaiisf.it\/wp-content\/uploads\/2018\/06\/CCNL-classificazione-C-300x144.png 300w\" sizes=\"auto, (max-width: 667px) 100vw, 667px\" \/><\/a><\/p>\n<hr \/>\n<p><a href=\"https:\/\/www.fedaiisf.it\/wp-content\/uploads\/2018\/06\/Servizio-Scentifico.jpg\"><img loading=\"lazy\" decoding=\"async\" class=\"wp-image-36638 alignleft\" src=\"https:\/\/www.fedaiisf.it\/wp-content\/uploads\/2018\/06\/Servizio-Scentifico.jpg\" alt=\"\" width=\"572\" height=\"429\" srcset=\"https:\/\/www.fedaiisf.it\/wp-content\/uploads\/2018\/06\/Servizio-Scentifico.jpg 728w, https:\/\/www.fedaiisf.it\/wp-content\/uploads\/2018\/06\/Servizio-Scentifico-300x225.jpg 300w\" sizes=\"auto, (max-width: 572px) 100vw, 572px\" \/><\/a><a href=\"http:\/\/www.gazzettaufficiale.it\/eli\/id\/2006\/06\/21\/006G0237\/sg\" target=\"_blank\" rel=\"noopener\">\u00a0Legislative Decree 219\/06<\/a><\/p>\n<p><a href=\"http:\/\/www.gazzettaufficiale.it\/atto\/serie_generale\/caricaArticolo?art.progressivo=0&amp;art.idArticolo=122&amp;art.versione=1&amp;art.codiceRedazionale=006G0237&amp;art.dataPubblicazioneGazzetta=2006-06-21&amp;art.idGruppo=14&amp;art.idSottoArticolo1=10&amp;art.idSottoArticolo=1&amp;art.flagTipoArticolo=0#art\" target=\"_blank\" rel=\"noopener\">Article 122<\/a><br \/>\n<a href=\"http:\/\/www.gazzettaufficiale.it\/atto\/serie_generale\/caricaArticolo?art.progressivo=0&amp;art.idArticolo=126&amp;art.versione=1&amp;art.codiceRedazionale=006G0237&amp;art.dataPubblicazioneGazzetta=2006-06-21&amp;art.idGruppo=14&amp;art.idSottoArticolo1=10&amp;art.idSottoArticolo=1&amp;art.flagTipoArticolo=0#art\" target=\"_blank\" rel=\"noopener\">Article 126<\/a><br \/>\n<a href=\"http:\/\/www.medicoeleggi.com\/argomenti00\/italia2006\/19131-130.htm\" target=\"_blank\" rel=\"noopener\">Article 130<\/a><\/p>\n<p><a href=\"http:\/\/www.regioni.it\/conferenze\/2006\/04\/20\/doc-approvato-sanita-linee-guida-regolamento-regionale-informazione-scientifica-farmaco-105196\/\" target=\"_blank\" rel=\"noopener\">Linee Guida di regolamento regionale dell&#8217;informazione scientifica sul farmaco<\/a><\/p>","protected":false},"excerpt":{"rendered":"<p>Riceviamo e pubblichiamo. Proporrei l\u2019inserimento dell\u2019emendamento riportato sotto nelle assemblee sindacali regionali, il 5 luglio. Se siete d\u2019accordo, inviterei tutti gli iscritti alle sigle sindacali nelle varie regioni di presentarlo, pregandoli anche di inviarlo agli eventuali ISF invitati alle Assemblee regionali. Antonio Giammei Informatore scientifico del farmaco (1) &#8211; Svolge, secondo le direttive aziendali e &hellip;<\/p>","protected":false},"author":4,"featured_media":7428,"comment_status":"closed","ping_status":"closed","sticky":false,"template":"","format":"standard","meta":{"footnotes":""},"categories":[16],"tags":[40,21,44],"class_list":["post-36652","post","type-post","status-publish","format-standard","has-post-thumbnail","hentry","category-primo-piano","tag-ccnl","tag-informatori-scientifici","tag-sindacati"],"amp_enabled":true,"_links":{"self":[{"href":"https:\/\/www.fedaiisf.it\/en\/wp-json\/wp\/v2\/posts\/36652","targetHints":{"allow":["GET"]}}],"collection":[{"href":"https:\/\/www.fedaiisf.it\/en\/wp-json\/wp\/v2\/posts"}],"about":[{"href":"https:\/\/www.fedaiisf.it\/en\/wp-json\/wp\/v2\/types\/post"}],"author":[{"embeddable":true,"href":"https:\/\/www.fedaiisf.it\/en\/wp-json\/wp\/v2\/users\/4"}],"replies":[{"embeddable":true,"href":"https:\/\/www.fedaiisf.it\/en\/wp-json\/wp\/v2\/comments?post=36652"}],"version-history":[{"count":0,"href":"https:\/\/www.fedaiisf.it\/en\/wp-json\/wp\/v2\/posts\/36652\/revisions"}],"wp:featuredmedia":[{"embeddable":true,"href":"https:\/\/www.fedaiisf.it\/en\/wp-json\/wp\/v2\/media\/7428"}],"wp:attachment":[{"href":"https:\/\/www.fedaiisf.it\/en\/wp-json\/wp\/v2\/media?parent=36652"}],"wp:term":[{"taxonomy":"category","embeddable":true,"href":"https:\/\/www.fedaiisf.it\/en\/wp-json\/wp\/v2\/categories?post=36652"},{"taxonomy":"post_tag","embeddable":true,"href":"https:\/\/www.fedaiisf.it\/en\/wp-json\/wp\/v2\/tags?post=36652"}],"curies":[{"name":"wp","href":"https:\/\/api.w.org\/{rel}","templated":true}]}}