{"id":36686,"date":"2018-06-27T17:35:30","date_gmt":"2018-06-27T15:35:30","guid":{"rendered":"https:\/\/www.fedaiisf.it\/?p=36686"},"modified":"2018-06-28T10:00:08","modified_gmt":"2018-06-28T08:00:08","slug":"corte-dei-conti-in-sanita-miglioramenti-per-interventi-a-favore-di-farmaci-innovativi-e-oncologici","status":"publish","type":"post","link":"https:\/\/www.fedaiisf.it\/en\/corte-dei-conti-in-sanita-miglioramenti-per-interventi-a-favore-di-farmaci-innovativi-e-oncologici\/","title":{"rendered":"Corte dei Conti. In sanit\u00e0 miglioramenti per interventi a favore di farmaci innovativi e oncologici"},"content":{"rendered":"<p>In sanit\u00e0 si rileva che \u00e8 proseguita l\u2019attivit\u00e0 di monitoraggio degli equilibri gestionali regionali e la verifica del rispetto dei livelli essenziali delle prestazioni. \u201cL\u2019intervento a favore di farmaci innovativi e oncologici innovativi, con una riserva di fondi per un miliardo a ci\u00f2 destinati, rappresenta un passo importante nel miglioramento della qualit\u00e0 dell\u2019offerta sanitaria.<\/p>\n<p>Rivisti i LEA e definito un nuovo nomenclatore, \u00e8 in corso di definizione sia il nuovo sistema di monitoraggio sia l\u2019aggiornamento del tariffario delle prestazioni ambulatoriali. Con la legge di bilancio per il 2018 sono state individuate risorse per una parziale riduzione dei ticket sulla specialistica\u201d.<\/p>\n<p>Nel 2017 \u00e8 stato approvato il piano nazionale per la prevenzione vaccinale con risultati coerenti a quanto programmato in pressoch\u00e9 tutte le regioni.<\/p>\n<p>Procede l\u2019attuazione del DM 70 del 2015 \u2013 spiega ancora la Corte dei Conti &#8211; con il riordino del sistema di assistenza ospedaliera e il potenziamento dei servizi territoriali. Un impulso in tale direzione dovrebbe venire dal Piano nazionale cronicit\u00e0: la cabina di regia costituita in fine esercizio dovr\u00e0 prevedere la ricognizione delle iniziative regionali e la definizione di interventi per promuovere l\u2019integrazione delle cure nei diversi regimi assistenziali.<\/p>\n<p>Taken from <a href=\"http:\/\/www.regioni.it\/newsletter\/n-3408\/del-26-06-2018\/corte-dei-conti-rendiconto-generale-dello-stato-2017-18272\/\" target=\"_blank\" rel=\"noopener\">Regioni.it &#8211; 26\/06\/2018<\/a><\/p>\n<p><em><a href=\"http:\/\/www.corteconti.it\/export\/sites\/portalecdc\/_documenti\/controllo\/sezioni_riunite\/sezioni_riunite_in_sede_di_controllo\/2018\/volume_sintesi.pdf\" target=\"_blank\" rel=\"noopener\"><strong>Documento di sintesi\u00a0 (PDF, 2001 KB)<\/strong><\/a><\/em><\/p>\n<h1 id=\"art18274\"><a title=\"Sanit\u00e0: Corte dei conti, finora &#039;tagli spesso troppo lineari&#039; \" href=\"http:\/\/www.regioni.it\/newsletter\/n-3408\/del-26-06-2018\/sanita-corte-dei-conti-finora-tagli-spesso-troppo-lineari-18274\/\" target=\"_blank\" rel=\"noopener\">Sanit\u00e0: Corte dei conti, finora &#8220;tagli spesso troppo lineari&#8221; <\/a><\/h1>\n<div class=\"newsletter_img\">\n<p><img decoding=\"async\" title=\"\" src=\"http:\/\/www.regioni.it\/cms\/file\/ELEMENTO_NEWSLETTER\/18274\/Avoli_Alberto_200618.jpg\" alt=\"file\/ELEMENTO_NEWSLETTER\/18274\/Avoli_Alberto_200618.jpg\" \/><\/p>\n<div>Alberto Avoli<\/div>\n<div class=\"sommario\">\n<div class=\"divisore\"><\/div>\n<p>Elevato il tasso di obsolescenza delle tecnologie a disposizione delle strutture<\/p>\n<div class=\"divisore\"><\/div>\n<\/div>\n<\/div>\n<h2><i>Nel sistema sanitario nazionale scelte organizzative innovatrici che hanno preservato la qualit\u00e0 dei servizi <\/i><\/h2>\n<div id=\"testo_18274\">\n<p>(<a href=\"http:\/\/www.regioni.it\/newsletter\/n-3408\/del-26-06-2018\/\" target=\"_blank\" rel=\"noopener\">Regioni.it 3408<\/a> &#8211; 26\/06\/2018) &#8220;Nel corso del 2017 la spesa\u00a0 sostenuta dal servizio sanitario nazionale \u00e8 stata pari a 117.472\u00a0 miliardi, in crescita dell&#8221;1,34% rispetto all&#8221;esercizio precedente,\u00a0 quasi interamente ricoperta dal gettito tributario (Iva e accise in\u00a0 primo luogo e quindi Irao e addizionale regionale Irpef), con una\u00a0 incidenza del 6,85% sul Pil.<br \/>\nLa spesa pro capite \u00e8 stata di euro 1.939 (1912 nel 2016). Circa 40 miliardi di euro sono stati impiegati per\u00a0 l&#8217;acquisto di beni e servizi, fra i quali i prodotti farmaceutici (per i quali si rileva una limitata progressione) e i dispositivi medici in incremento&#8221;. Lo afferma il procuratore generale della Corte dei Conti, Alberto Avoli, nella sua memoria orale in occasione della\u00a0 presentazione del &#8221;Giudizio di parificazione sul rendiconto generale\u00a0 dello Stato per l&#8221;esercizio finanziario 2017&#8221;(vedi <a href=\"http:\/\/www.regioni.it\/newsletter\/n-3408\/del-26-06-2018\/#art18272\" target=\"_blank\" rel=\"noopener\">notizia precedente<\/a>).<br \/>\n&#8220;I numerosi interventi in tema di razionalizzazione della spesa si\u00a0 sono abbattuti nel comparto sanitario con tagli spesso troppo lineari\u00a0 &#8211; osserva Avoli &#8211; Tuttavia bisogna riconoscere che il sistema\u00a0 sanitario nazionale ha saputo proporre scelte e metodologie\u00a0 organizzative profondamente innovatrici, in grado di preservare i\u00a0 livelli qualitativi di servizi resi ai cittadini&#8221;.<br \/>\n&#8220;Sostanzialmente immutato &#8211; aggiunge Avoli &#8211; il costo complessivo del\u00a0 personale, si deve purtroppo registrate la contrazione della spesa per investimenti infrastrutturali e tecnologici, il che determina e\u00a0 aggrava il significativo tasso di obsolescenza delle tecnologie a\u00a0 disposizione delle strutture. Secondo dati del ministero della Salute, circa un terzo delle apparecchiature \u00e8 operativo da pi\u00f9 di dieci anni\u00a0 ed ha bisogno di frequenti manutenzioni che le rendono indisponibili\u00a0 per lungo tempo&#8221;. &#8220;Permangono forti differenze nella qualit\u00e0 e\u00a0 nella disponibilit\u00e0 dei servizi fra le varie Regioni e questa\u00a0 situazione di diseguaglianza viene intercettata dalla crescente\u00a0 incidenza della mobilit\u00e0 sanitaria &#8211; ricorda il procuratore generale -.<br \/>\nAd esempio, la Regione Calabria ha una mobilit\u00e0 passiva in uscita del\u00a0 21,3% (a fronte di una mobilit\u00e0 attiva del 2,5%), la Sicilia ha\u00a0 rispettivamente percentuali del 7,1 e dell&#8221;1,8. Quali poli di\u00a0 attrazione per i cittadini che decidono di ricevere le cure in aree\u00a0 diverse da quelle di residenza spiccano Lombardia e Veneto al Nord,\u00a0 Emilia Romagna, Toscana e Umbria al centro&#8221;.<br \/>\nInsomma &#8220;Alcune Regioni hanno dato migliore prova, accentuando ancora di pi\u00f9\u00a0 la divaricazione fra i vari territori regionali, che tuttora\u00a0 caratterizza il comparto&#8221;, conclude Avoli.<\/p>\n<p><a href=\"http:\/\/www.corteconti.it\/export\/sites\/portalecdc\/_documenti\/documenti_procura\/giudizio_di_parifica\/2018_memoria_aggiunta_pg_avoli.pdf\" target=\"_blank\" rel=\"noopener\">Corte dei conti: Memoria aggiunta del Procuratore generale Alberto Avoli\u00a0 (PDF, 123 KB)<\/a><\/p>\n<p>Related news: <a href=\"http:\/\/www.quotidianosanita.it\/studi-e-analisi\/articolo.php?articolo_id=63312\" target=\"_blank\" rel=\"noopener\">\u201cIn Italia spesa sanitaria all\u20198,9% del Pil, meno di Germania, Francia e Belgio. Il 62% della spesa farmaceutica \u00e8 finanziata dal pubblico\u201d. Il rapporto I-Com<\/a><\/p>\n<\/div>","protected":false},"excerpt":{"rendered":"<p>In sanit\u00e0 si rileva che \u00e8 proseguita l\u2019attivit\u00e0 di monitoraggio degli equilibri gestionali regionali e la verifica del rispetto dei livelli essenziali delle prestazioni. \u201cL\u2019intervento a favore di farmaci innovativi e oncologici innovativi, con una riserva di fondi per un miliardo a ci\u00f2 destinati, rappresenta un passo importante nel miglioramento della qualit\u00e0 dell\u2019offerta sanitaria. Rivisti &hellip;<\/p>","protected":false},"author":4,"featured_media":743,"comment_status":"closed","ping_status":"closed","sticky":false,"template":"","format":"standard","meta":{"footnotes":""},"categories":[1],"tags":[26,79],"class_list":["post-36686","post","type-post","status-publish","format-standard","has-post-thumbnail","hentry","category-notizie","tag-spesa-farmaceutica","tag-ssn"],"amp_enabled":true,"_links":{"self":[{"href":"https:\/\/www.fedaiisf.it\/en\/wp-json\/wp\/v2\/posts\/36686","targetHints":{"allow":["GET"]}}],"collection":[{"href":"https:\/\/www.fedaiisf.it\/en\/wp-json\/wp\/v2\/posts"}],"about":[{"href":"https:\/\/www.fedaiisf.it\/en\/wp-json\/wp\/v2\/types\/post"}],"author":[{"embeddable":true,"href":"https:\/\/www.fedaiisf.it\/en\/wp-json\/wp\/v2\/users\/4"}],"replies":[{"embeddable":true,"href":"https:\/\/www.fedaiisf.it\/en\/wp-json\/wp\/v2\/comments?post=36686"}],"version-history":[{"count":0,"href":"https:\/\/www.fedaiisf.it\/en\/wp-json\/wp\/v2\/posts\/36686\/revisions"}],"wp:featuredmedia":[{"embeddable":true,"href":"https:\/\/www.fedaiisf.it\/en\/wp-json\/wp\/v2\/media\/743"}],"wp:attachment":[{"href":"https:\/\/www.fedaiisf.it\/en\/wp-json\/wp\/v2\/media?parent=36686"}],"wp:term":[{"taxonomy":"category","embeddable":true,"href":"https:\/\/www.fedaiisf.it\/en\/wp-json\/wp\/v2\/categories?post=36686"},{"taxonomy":"post_tag","embeddable":true,"href":"https:\/\/www.fedaiisf.it\/en\/wp-json\/wp\/v2\/tags?post=36686"}],"curies":[{"name":"wp","href":"https:\/\/api.w.org\/{rel}","templated":true}]}}