{"id":36726,"date":"2018-06-29T12:06:44","date_gmt":"2018-06-29T10:06:44","guid":{"rendered":"https:\/\/www.fedaiisf.it\/?p=36726"},"modified":"2018-07-13T13:11:08","modified_gmt":"2018-07-13T11:11:08","slug":"giunta-regione-emilia-romagna-programmazione-ssr-le-regolamentazioni-degli-isf-vanno-condivise-con-le-associazioni-di-categoria","status":"publish","type":"post","link":"https:\/\/www.fedaiisf.it\/en\/giunta-regione-emilia-romagna-programmazione-ssr-le-regolamentazioni-degli-isf-vanno-condivise-con-le-associazioni-di-categoria\/","title":{"rendered":"Emilia Romagna Regional Council. SSR programming. The regulations of the ISFs must be shared with the trade associations"},"content":{"rendered":"<p>La Giunta Regionale dell&#8217;Emilia-Romagna nelle linee di programmazione del SSR dedica a pag. 32 un paragrafo all&#8217;<a href=\"http:\/\/servizissiir.regione.emilia-romagna.it\/deliberegiunta\/servlet\/AdapterHTTP?action_name=ACTIONRICERCADELIBERE&amp;operation=downloadTesto&amp;codProtocollo=GPG\/2018\/561&amp;ENTE=1\" target=\"_blank\" rel=\"noopener\"><em>Attivita\u0300 di informazione scientifica nell\u2019ambito del Servizio Sanitario Regionale.<\/em> <\/a><\/p>\n<p>Poche righe su 126 pagine del Documento, ma significative. La frase da evidenziare \u00e8:<\/p>\n<div class=\"page\" title=\"Page 63\">\n<div class=\"layoutArea\">\n<div class=\"column\">\n<blockquote><p><span style=\"font-size: 20px;\">Le Aziende Sanitarie quindi dovranno aggiornare le disposizioni gia\u0300 emanate a livello locale, in accordo con gli avanzamenti regionali in materia <strong>shared with trade associations<\/strong><\/span><\/p><\/blockquote>\n<p>Bene! Le associazioni di categoria sono anche quelle degli ISF. Per rispettare compiutamente la legge dobbiamo osservare che il Regolamento \u00e8 di pertinenza regionale, mentre le Aziende Sanitarie hanno emanato delle proprie regolamentazioni, quando dovrebbero solo applicare le norme regionali. Non c&#8217;\u00e8 traccia in cui si dice &#8220;<span style=\"font-size: small;\"><span style=\"color: #000000;\">Lo svolgimento dell&#8217;attivit\u00e0 degli ISF all&#8217;interno delle strutture del SSR viene assicurato e agevolato&#8221; come dicono le linee guida della conferenza delle Regioni.<\/span><\/span><\/p>\n<p>Da ultimo un&#8217;osservazione sulla privacy. Nella Regolamentazione si parla solo della privacy e riservatezza da parte delle strutture e dei medici sui propri dati di vendita e assistenza. Ma si dice anche che va implementata &#8220;l\u2019istituzione di un registro che attesti l\u2019accesso degli ISF all\u2019interno delle strutture SSR, l\u2019interlocutore\/i e la motivazione&#8221;. Questa \u00e8 una raccolta di dati personali e sensibili che va protetta da persone non indicate dal SSR per i relativi controlli. Bisognerebbe specificare e indicare il responsabile dei dati raccolti, come vuole la legge<\/p>\n<\/div>\n<\/div>\n<\/div>\n<p><a href=\"https:\/\/www.fedaiisf.it\/wp-content\/uploads\/2018\/06\/Intestazione-E.R..png\" target=\"_blank\" rel=\"http:\/\/servizissiir.regione.emilia-romagna.it\/deliberegiunta\/servlet\/AdapterHTTP?action_name=ACTIONRICERCADELIBERE&amp;operation=leggi&amp;cod_protocollo=GPG\/2018\/561&amp;ENTE=1 noopener\"><img loading=\"lazy\" decoding=\"async\" class=\"alignnone wp-image-36729\" src=\"https:\/\/www.fedaiisf.it\/wp-content\/uploads\/2018\/06\/Intestazione-E.R.-1024x490.png\" alt=\"\" width=\"875\" height=\"419\" srcset=\"https:\/\/www.fedaiisf.it\/wp-content\/uploads\/2018\/06\/Intestazione-E.R.-1024x490.png 1024w, https:\/\/www.fedaiisf.it\/wp-content\/uploads\/2018\/06\/Intestazione-E.R.-300x144.png 300w, https:\/\/www.fedaiisf.it\/wp-content\/uploads\/2018\/06\/Intestazione-E.R.-768x367.png 768w, https:\/\/www.fedaiisf.it\/wp-content\/uploads\/2018\/06\/Intestazione-E.R..png 1087w\" sizes=\"auto, (max-width: 875px) 100vw, 875px\" \/><\/a><\/p>\n<p><a href=\"https:\/\/www.fedaiisf.it\/wp-content\/uploads\/2018\/06\/DGR-programmazione-ISF.png\"><img loading=\"lazy\" decoding=\"async\" class=\"size-full wp-image-36727 aligncenter\" src=\"https:\/\/www.fedaiisf.it\/wp-content\/uploads\/2018\/06\/DGR-programmazione-ISF.png\" alt=\"\" width=\"617\" height=\"323\" srcset=\"https:\/\/www.fedaiisf.it\/wp-content\/uploads\/2018\/06\/DGR-programmazione-ISF.png 617w, https:\/\/www.fedaiisf.it\/wp-content\/uploads\/2018\/06\/DGR-programmazione-ISF-300x157.png 300w\" sizes=\"auto, (max-width: 617px) 100vw, 617px\" \/><\/a><\/p>\n<h2><a href=\"http:\/\/www.regioni.it\/conferenze\/2006\/04\/20\/doc-approvato-sanita-linee-guida-regolamento-regionale-informazione-scientifica-farmaco-105196\/\" target=\"_blank\" rel=\"noopener\">REGULATION GUIDELINES FOR SCIENTIFIC INFORMATION ON DRUGS<\/a><\/h2>\n<p><span style=\"color: #ff0000;\">Lo svolgimento dell&#8217;attivit\u00e0 degli ISF all&#8217;interno delle strutture del SSR viene assicurato e agevolato<\/span> dalle Direzioni delle suddette strutture attraverso 1&#8217;individuazione di locali idonei (esempio sala medici, biblioteca di reparto, studio del medico) in fasce orarie concordate con il responsabile dell&#8217;unit\u00e0 operativa,<span style=\"color: #ff0000;\"> sensibilizzando la disponibilit\u00e0 dei medici<\/span> e farmacisti e promuovendo la condivisione di una politica aziendale di programmazione degli incontri di informazione scientifica sui farmaci mediante visite individuali su appuntamento o preferibilmente incontri collegiali organizzati dalle Direzioni medesime e\/o dal responsabile del reparto\/unit\u00e0 operativa. Non sar\u00e0 pertanto ammesso lo svolgimento dell&#8217;attivit\u00e0 di informazione medico scientifica all&#8217;interno dei reparti di degenza nonch\u00e9 negli ambulatori specialistici durante l&#8217;orario di visita dei pazienti ad eccezione degli studi medici.<\/p>\n<p><span style=\"font-size: 14px;\">Lo svolgimento dell&#8217;attivit\u00e0 degli ISF negli studi medici convenzionati (MMG, PLS e Guardia Medica) avviene in apposito orario, concordato con il medico.<\/span><\/p>\n<p><span style=\"color: #ff0000;\">Gli ISF devono svolgere la loro attivit\u00e0 presso i medici da soli<\/span>; la presenza del capoarea o di altre figure professionali non correlate all&#8217;attivit\u00e0 di informazione scientifica, \u00e8 ammessa solo per funzioni diverse dalla informazione scientifica.<\/p>\n<p>&nbsp;<\/p>","protected":false},"excerpt":{"rendered":"<p>La Giunta Regionale dell&#8217;Emilia-Romagna nelle linee di programmazione del SSR dedica a pag. 32 un paragrafo all&#8217;Attivita\u0300 di informazione scientifica nell\u2019ambito del Servizio Sanitario Regionale. Poche righe su 126 pagine del Documento, ma significative. La frase da evidenziare \u00e8: Le Aziende Sanitarie quindi dovranno aggiornare le disposizioni gia\u0300 emanate a livello locale, in accordo con &hellip;<\/p>","protected":false},"author":4,"featured_media":30033,"comment_status":"closed","ping_status":"closed","sticky":false,"template":"","format":"standard","meta":{"footnotes":""},"categories":[16],"tags":[],"class_list":["post-36726","post","type-post","status-publish","format-standard","has-post-thumbnail","hentry","category-primo-piano"],"amp_enabled":true,"_links":{"self":[{"href":"https:\/\/www.fedaiisf.it\/en\/wp-json\/wp\/v2\/posts\/36726","targetHints":{"allow":["GET"]}}],"collection":[{"href":"https:\/\/www.fedaiisf.it\/en\/wp-json\/wp\/v2\/posts"}],"about":[{"href":"https:\/\/www.fedaiisf.it\/en\/wp-json\/wp\/v2\/types\/post"}],"author":[{"embeddable":true,"href":"https:\/\/www.fedaiisf.it\/en\/wp-json\/wp\/v2\/users\/4"}],"replies":[{"embeddable":true,"href":"https:\/\/www.fedaiisf.it\/en\/wp-json\/wp\/v2\/comments?post=36726"}],"version-history":[{"count":0,"href":"https:\/\/www.fedaiisf.it\/en\/wp-json\/wp\/v2\/posts\/36726\/revisions"}],"wp:featuredmedia":[{"embeddable":true,"href":"https:\/\/www.fedaiisf.it\/en\/wp-json\/wp\/v2\/media\/30033"}],"wp:attachment":[{"href":"https:\/\/www.fedaiisf.it\/en\/wp-json\/wp\/v2\/media?parent=36726"}],"wp:term":[{"taxonomy":"category","embeddable":true,"href":"https:\/\/www.fedaiisf.it\/en\/wp-json\/wp\/v2\/categories?post=36726"},{"taxonomy":"post_tag","embeddable":true,"href":"https:\/\/www.fedaiisf.it\/en\/wp-json\/wp\/v2\/tags?post=36726"}],"curies":[{"name":"wp","href":"https:\/\/api.w.org\/{rel}","templated":true}]}}