{"id":36889,"date":"2018-07-05T18:01:46","date_gmt":"2018-07-05T16:01:46","guid":{"rendered":"https:\/\/www.fedaiisf.it\/?p=36889"},"modified":"2018-07-05T19:11:43","modified_gmt":"2018-07-05T17:11:43","slug":"enasarco-presentato-il-bilancio-2017-lisf-non-e-soggetto-obbligato-alla-contribuzione-enasarco","status":"publish","type":"post","link":"https:\/\/www.fedaiisf.it\/en\/enasarco-presentato-il-bilancio-2017-lisf-non-e-soggetto-obbligato-alla-contribuzione-enasarco\/","title":{"rendered":"Enasarco. Presentato il Bilancio 2017. L&#8217;ISF non \u00e8 soggetto obbligato alla contribuzione Enasarco"},"content":{"rendered":"<h1>LA NUOVA ENASARCO PI\u00d9 SOLIDA, TRASPARENTE E VICINA AGLI ISCRITTI<\/h1>\n<h2 class=\"h3\">La Fondazione celebra i suoi primi 80 anni di attivit\u00e0, all\u2019insegna del cambiamento e della partecipazione<\/h2>\n<p align=\"center\"><strong>Presentato il Bilancio sociale 2017, nominati tre componenti del Collegio dei Sindaci e premiati alcuni tra gli agenti con la pi\u00f9 alta anzianit\u00e0 contributiva<\/strong><\/p>\n<p style=\"text-align: left;\" align=\"center\"><a href=\"http:\/\/www.affaritaliani.it\/economia\/la-nuova-enasarco-piu-solida-trasparente-e-vicina-agli-iscritti-549237.html\" target=\"_blank\" rel=\"noopener\">affaritaliani &#8211; 4 luglio 2018<\/a><\/p>\n<p>A 80 anni dalla nascita, oggi la Fondazione Enasarco (Ente Nazionale di Assistenza per gli Agenti e Rappresentanti di Commercio) gode di un\u2019ottima solidit\u00e0 finanziaria e gestionale. Lo dimostrano i dati del bilancio 2017, che presenta un <strong>risultato economico pari a quasi<\/strong> <strong>151 milioni di euro<\/strong>, in miglioramento rispetto al 2016 di circa 30 milioni; i saldi delle gestioni istituzionale, previdenziale e assistenziale sono risultati positivi e in crescita rispetto all\u2019anno passato.<\/p>\n<p>\u201cLa nuova governance &#8211; ha affermato il <strong>Presidente di Enasarco, Gianroberto Costa<\/strong> &#8211;\u00a0 sta dando forma a un Ente sicuramente pi\u00f9 vicino ai bisogni degli iscritti ma anche all\u2019economia reale, per contribuire alla crescita di un Paese che deve rimettere in moto redditi e consumi. Il Bilancio della Fondazione costituisce, pertanto, un tassello importante del percorso di rinnovamento intrapreso, teso, tra le altre cose, a migliorare sempre pi\u00f9 le modalit\u00e0 di comunicazione e condivisione con gli iscritti\u201d.<\/p>\n<p>In occasione della presentazione del Bilancio Sociale, avvenuta oggi a Roma, la Fondazione ha premiato alcuni iscritti con contribuzione Enasarco di pi\u00f9 lunga durata, consegnando delle targhe onorifiche a testimonianza della stima e riconoscenza nei loro confronti.<\/p>\n<p><a href=\"https:\/\/www.fedaiisf.it\/wp-content\/uploads\/2018\/07\/Enasarco-bilancio.png\"><img loading=\"lazy\" decoding=\"async\" class=\"wp-image-36891 alignleft\" src=\"https:\/\/www.fedaiisf.it\/wp-content\/uploads\/2018\/07\/Enasarco-bilancio.png\" alt=\"\" width=\"341\" height=\"479\" srcset=\"https:\/\/www.fedaiisf.it\/wp-content\/uploads\/2018\/07\/Enasarco-bilancio.png 426w, https:\/\/www.fedaiisf.it\/wp-content\/uploads\/2018\/07\/Enasarco-bilancio-214x300.png 214w\" sizes=\"auto, (max-width: 341px) 100vw, 341px\" \/><\/a>Al termine dei lavori dell\u2019Assemblea dei delegati, previsti nella giornata odierna, sono stati nominati, in qualit\u00e0 di nuovi componenti del Collegio sindacale, Oriana Calabresi, Massimo Palladino, Marco Valsecchi. Sindaco supplente Alessandro Ghilardi. Il Collegio si \u00e8 costituito per la prima volta in applicazione del nuovo Statuto della Fondazione.<\/p>\n<p><strong>PERFORMANCE ECONOMICA<\/strong><\/p>\n<p>Il totale dei contributi di previdenza ed assistenza coprono totalmente la spesa pensionistica complessiva (il rapporto \u00e8 in miglioramento rispetto al 2016) e, rispetto alle prestazioni previdenziali nette del 2017, il patrimonio della Fondazione consiste in quasi 5 volte il loro valore.<\/p>\n<p>Nello specifico, la crescita del <strong>patrimonio complessivo<\/strong> della Fondazione \u00e8 arrivata a <strong>7 miliardi e 138 milioni<\/strong>, e di questa somma oltre 4 miliardi e 800 milioni costituiscono il patrimonio della previdenza. Un effetto significativo \u00e8 stato il <strong>saldo positivo della gestione previdenziale: pi\u00f9 di 51 milioni di euro<\/strong>.<\/p>\n<p>Sul fronte della gestione del patrimonio finanziario i risultati appaiono molto soddisfacenti. \u00c8 stata adottata una politica tesa a criteri di massima prudenza, con l\u2019obiettivo di incrementare la redditivit\u00e0 del patrimonio e il grado di liquidit\u00e0 dello stesso ed al contempo di ridurre i costi commissionali. I <strong>proventi finanziari lordi<\/strong> ordinari sono passati dai 73 milioni di euro del 2015 agli oltre <strong>117 milioni di euro del 2017<\/strong>, consolidando un <strong>+60%. <\/strong>The <strong>patrimonio liquido \u00e8 passato dal +5% del 2011 al +42% del 2017<\/strong>, mentre il valore complessivo del patrimonio della Fondazione espresso al <strong>fair value \u00e8 cresciuto di oltre il 13% rispetto al 2012<\/strong>.<\/p>\n<p><strong>LA TRASFORMAZIONE DEGLI INVESTIMENTI: DAL REAL ESTATE AL MONDO PRODUTTIVO<\/strong><\/p>\n<p>Allo scopo di sostenere l\u2019economia reale si \u00e8 deciso di scommettere sulle PMI italiane, che hanno possibilit\u00e0 di diventare protagoniste sul mercato e che garantiscono congrui ritorni di investimento. Ammontano a 840 milioni gli investimenti che la Fondazione detiene in quote di fondi di private equity, infrastrutturali e private debt, di cui <strong>200 milioni di investimenti<\/strong> destinati a diverse aziende italiane che operano in differenti settori. A riprova della spinta motrice che tali investimenti costituiscono per l\u2019economia reale, si rileva che le oltre venti aziende che hanno beneficiato di tali <strong>investimenti hanno fatturato 2,9 miliardi e impiegano tutt\u2019oggi 8.590 persone.<\/strong> Le principali operano nei settori abbigliamento (Navigare, Silvian Heach, Autre Chose, Arav fashion), commercio al dettaglio (Bimbo Store, Pitta Rosso), alimentare (Forno D\u2019Asolo, La Scoiattolo, Ham), ristorazione (Rosso Pomodoro, Ivs), farmaceutica (Sifi), sistemi di riscaldamento (Ravelli), fonica (Fine Sounds), investment banking (Banca Profilo).<\/p>\n<p><strong>WELFARE INTEGRATIVO: STANZIAMENTI PER L\u2019ATTIVIT\u00c0 DI FORMAZIONE PROFESSIONALE<\/strong><\/p>\n<p>Tra le principali novit\u00e0 del programma delle prestazioni integrative 2017 c\u2019\u00e8 il contributo per la formazione e l\u2019aggiornamento professionale previsto per agenti, rappresentanti, consulenti finanziari e per gli agenti che operano sotto forma di societ\u00e0 di capitale. Per gli <strong>agenti<\/strong> \u00e8 stata investita una spesa complessiva di <strong>1,5 milioni<\/strong>, mentre per le <strong>societ\u00e0 di capitale<\/strong> lo stanziamento \u00e8 di <strong>200 contributi fino a 200.000 euro<\/strong>.<\/p>\n<p><strong>CONTRIBUTO SANITARIO PER AGENTI OVER 75<\/strong><\/p>\n<p>Ulteriore importante novit\u00e0 del Programma delle prestazioni integrative 2017 \u00e8 l\u2019introduzione di un contributo sanitario destinato agli agenti in attivit\u00e0 con almeno 75 anni di et\u00e0 compiuti. \u00c8 stato introdotto come forma di sostegno straordinaria per le spese dovute a un infortunio, un ricovero o a spese mediche.<\/p>\n<p><strong>AGEVOLARE L\u2019INGRESSO DI GIOVANI AGENTI NEL MONDO DEL LAVORO<\/strong><\/p>\n<p>Guardando alla complessa fase che il sistema socio-economico sta attraversando, la Fondazione ha intenzione di introdurre un regime contributivo agevolato in favore degli agenti di commercio fino a 30 anni di et\u00e0. L\u2019agevolazione, al vaglio dei Ministeri vigilanti, sar\u00e0 concessa a condizione che l\u2019agente, nel triennio 2018\u20132020, venga iscritto per la prima volta alla Fondazione o che, se gi\u00e0 iscritto, si veda conferire un nuovo incarico purch\u00e9 i precedenti siano cessati da almeno tre anni.<\/p>\n<p><strong>ENASARCO, 80 ANNI DI STORIA GUARDANDO AL FUTURO<\/strong><\/p>\n<p>La presentazione del Bilancio sociale 2017 \u00e8, anche, l\u2019occasione per festeggiare un anniversario speciale. Quest\u2019anno infatti si celebrano gli 80 anni dalla firma dell\u2019Accordo economico collettivo del 30 giugno 1938 per la disciplina del rapporto di agenzia e rappresentanza commerciale. Tale accordo rappresenta la pietra miliare per la nascita dell\u2019Ente avvenuta formalmente l\u2019anno seguente.<\/p>\n<p>Nata da una lungimirante intuizione delle Parti Sociali di allora, la Fondazione Enasarco nel suo percorso continua ad assolvere la sua mission storica di assistenza e tutela agli Agenti e Rappresentanti di Commercio.<\/p>\n<p>Related news: <a href=\"http:\/\/www.enasarco.it\/allegati\/b81e848d-dfc0-4e1a-b29c-d5370bf24865.olts\" target=\"_blank\" rel=\"noopener\">Fondazione ENASARCO. Il bilancio sociale 2017<\/a><\/p>\n<hr \/>\n<h1 style=\"text-align: center;\" align=\"left\"><span style=\"color: #ff0000;\"><strong>l\u2019ISF non \u00e8 soggetto obbligato alla contribuzione Enasarco<\/strong><\/span><\/h1>\n<p align=\"left\">L\u2019obbligo di contribuzione Enasarco vale solo in presenza di una prestazione che abbia le caratteristiche proprie del contratto di agenzia.<\/p>\n<p align=\"left\">In support of the above, the Enasarco Foundation itself clarifies that, based on Resolution no. 2\/2000, mentioned above:<\/p>\n<p align=\"left\">&quot;The principal companies must compulsorily register:<\/p>\n<p align=\"left\">\u2022 Agents operating on an individual basis<\/p>\n<p align=\"left\">\u2022 Agents set up as joint stock companies (spa, srl, limited partnership by shares)<\/p>\n<p align=\"left\">\u2022 i soci illimitatamente responsabili e che svolgono effettivamente attivit\u00e0 di agenzia, nel caso di Agenti costituiti in societ\u00e0 di persone<\/p>\n<p align=\"left\">\u2022 financial advisors.<\/p>\n<p align=\"left\"><a href=\"https:\/\/www.fedaiisf.it\/wp-content\/uploads\/2014\/09\/isf-con-medico.jpg\"><img loading=\"lazy\" decoding=\"async\" class=\"size-full wp-image-3702 alignright\" src=\"https:\/\/www.fedaiisf.it\/wp-content\/uploads\/2014\/09\/isf-con-medico.jpg\" alt=\"\" width=\"241\" height=\"245\" srcset=\"https:\/\/www.fedaiisf.it\/wp-content\/uploads\/2014\/09\/isf-con-medico.jpg 241w, https:\/\/www.fedaiisf.it\/wp-content\/uploads\/2014\/09\/isf-con-medico-36x36.jpg 36w\" sizes=\"auto, (max-width: 241px) 100vw, 241px\" \/><\/a>L\u2019obbligo di iscrizione \u00e8 a carico della Ditta e nasce nel momento in cui conferisce un mandato di Agenzia o Rappresentanza Commerciale. All\u2019atto della prima iscrizione la Fondazione accende un conto personale intestato ad ogni singolo Agente sul quale affluiranno i versamenti effettuati da tutte le Ditte preponenti. La Fondazione, a richiesta dell\u2019interessato o del suo delegato, rilascia all\u2019Agente il certificato di iscrizione ad Enasarco.<\/p>\n<p align=\"left\"><strong>Who must NOT be a member of the Foundation<\/strong><\/p>\n<p align=\"left\">Tutti coloro che svolgono un\u2019attivit\u00e0 che, seppure finalizzata alla promozione\/conclusione di contratti, \u00e8 attuata senza i necessari requisiti di stabilit\u00e0 e continuativit\u00e0 del rapporto con la Ditta e senza assunzione in proprio del rischio economico, come previsto dagli Artt. 1742- 1752 del Codice Civile in materia di contratto di agenzia.<\/p>\n<p align=\"left\">Therefore\u00a0<strong>NON\u00a0devono essere iscritti:<\/strong><\/p>\n<p align=\"left\">\u2022 the mediators<\/p>\n<p align=\"left\">\u2022 business finders<\/p>\n<p align=\"left\">\u2022 scientific propagandists e <span style=\"color: #ff0000;\"><strong>pharmaceutical informants<\/strong><\/span><\/p>\n<p align=\"left\">\u2022 editorial propagandists<\/p>\n<p align=\"left\">\u2022 the custodians and consignees of products<\/p>\n<p align=\"left\">\u2022 insurance agents<\/p>\n<p align=\"left\">\u2022 real estate agents<\/p>\n<p align=\"left\">\u2022 non-administrator or limited partners of partnerships<\/p>\n<p align=\"left\">\u2022 in generale tutti coloro che nelle societ\u00e0 di persone si limitano a percepire gli utili dell\u2019attivit\u00e0 senza partecipare all\u2019attivit\u00e0 di agenzia.<\/p>\n<p align=\"left\"><span style=\"color: #ff0000;\"><strong>A queste figure professionali non si applica la normativa Enasarco e sono quindi escluse dal trattamento previdenziale della Fondazione<\/strong><\/span>. Qualora un soggetto eserciti una molteplicit\u00e0 di funzioni (ad esempio svolga contemporaneamente attivit\u00e0 di agenzia e quella di depositario di merci), l\u2019orientamento della giurisprudenza e della Fondazione \u00e8 quello di individuare il corretto connotato giuridico in base all\u2019attivit\u00e0 prevalente.\u201d<\/p>\n<p align=\"left\"><strong>It is therefore Enasarco itself that believes that the ISF is not subject to the Enasarco contribution, it is and therefore remains obliged to pay the INPS contribution, and can only subject itself to the Enasarco contribution in a supplementary manner.<\/strong><\/p>\n<p align=\"left\">In ordine alla specifica questione che riguarda la possibilit\u00e0 del ricongiungimento presso l\u2019Inps della contribuzione versata presso l\u2019Enasarco, ci\u00f2 \u00e8 impossibile poich\u00e9 <strong>il trattamento previdenziale Enasarco ha natura integrativa e non sostitutiva dell\u2019assicurazione generale obbligatoria<\/strong>.<\/p>\n<p align=\"left\">For the right to reunification, the prerequisite is that, pursuant to law no. 29\/1979, these are forms of social security replacing the compulsory general insurance, while the Enasarco social security treatment has a supplementary nature as expressly indicated in art. 2, first paragraph, of the law n. 12\/1973 (See Court of Appeal of Florence n. 222 of 18.7.2000).<\/p>\n<p align=\"left\">Already the art. 29, paragraph 2, of the law n. 613\/1966 had attributed the same supplementary nature to the social security treatment reserved for agents and sales representatives, so re-proposing the problem today in relation to the ISF appears superfluous, given that if the ISF performs the duties of a real scientific informant, not being qualified as an &quot;agent&quot;, it is not even a subject obliged to pay Enasarco contributions.<\/p>\n<p align=\"left\">CONCLUDING<\/p>\n<p align=\"left\">The ISF is not a commercial agent if it provides information on class A, B or H ethical drugs, but it can be if it provides information on phytotherapeutic, nutraceutical, homeopathic, cosmoceutical drugs, etc.<\/p>\n<p align=\"left\">Ad ogni modo la reale natura dell\u2019ISF \u00e8 scientifica, egli \u00e8 appunto informatore scientifico, come previsto dal D.L. 30.12.1992 n. 541 e dal successivo D.Lgs. <span style=\"font-size: large;\">24 aprile 2006, n. 219.<\/span><\/p>\n<p align=\"left\">Not being a commercial agent, therefore, he is not an obliged Enasarco subject.<\/p>\n<p align=\"left\">La contribuzione Enasarco \u00e8 una mera facolt\u00e0, che non pu\u00f2 essere imposta, nemmeno dal datore di lavoro, rimanendo ex lege obbligato solo ed esclusivamente verso l\u2019INPS, eventuali contratti a provvigioni con previsione di contribuzione Enasarco, potrebbero addirittura ritenersi <strong>irregolari qualora l\u2019ISF svolgesse solo prestazioni scientifiche<\/strong>.<\/p>\n<p align=\"left\">In any case, the ENASARCO contribution does not exclude the obligation to register with INPS with the relative contribution.<\/p>\n<p align=\"left\">Related news: <a href=\"https:\/\/www.change.org\/p\/ministero-del-lavoro-inps-enasarco-20-anni-di-lavoro-per-avere-la-pensione-oppure-perdi-quello-che-hai-versato\" target=\"_blank\" rel=\"noopener\">Enasarco: 20 anni di lavoro per avere la pensione oppure perdi quello che hai versato<\/a><\/p>\n<p align=\"left\"><a href=\"https:\/\/www.change.org\/p\/presidente-della-fondazione-enasarco-enasarco-stop-agli-omicidi-di-stato\" target=\"_blank\" rel=\"noopener\">Enasarco. Un furto legalizzato<\/a><\/p>\n<hr \/>\n<p align=\"left\"><a href=\"http:\/\/www.enasarco.it\/allegati\/09373258-2eea-4036-b812-da8030f0aadb.olts\" target=\"_blank\" rel=\"noopener\"><strong>Dal Vademecum ENASARCO (pagg. 23 e 24)<\/strong><\/a><\/p>\n<p align=\"left\"><a href=\"https:\/\/www.fedaiisf.it\/wp-content\/uploads\/2018\/07\/Enasarco-pag-23.png\"><img loading=\"lazy\" decoding=\"async\" class=\"size-full wp-image-36898 aligncenter\" src=\"https:\/\/www.fedaiisf.it\/wp-content\/uploads\/2018\/07\/Enasarco-pag-23.png\" alt=\"\" width=\"691\" height=\"172\" srcset=\"https:\/\/www.fedaiisf.it\/wp-content\/uploads\/2018\/07\/Enasarco-pag-23.png 691w, https:\/\/www.fedaiisf.it\/wp-content\/uploads\/2018\/07\/Enasarco-pag-23-300x75.png 300w\" sizes=\"auto, (max-width: 691px) 100vw, 691px\" \/><\/a><\/p>\n<p align=\"left\"><a href=\"https:\/\/www.fedaiisf.it\/wp-content\/uploads\/2018\/07\/Enasarco-pag-24.png\"><img loading=\"lazy\" decoding=\"async\" class=\"alignnone size-full wp-image-36899\" src=\"https:\/\/www.fedaiisf.it\/wp-content\/uploads\/2018\/07\/Enasarco-pag-24.png\" alt=\"\" width=\"686\" height=\"865\" srcset=\"https:\/\/www.fedaiisf.it\/wp-content\/uploads\/2018\/07\/Enasarco-pag-24.png 686w, https:\/\/www.fedaiisf.it\/wp-content\/uploads\/2018\/07\/Enasarco-pag-24-238x300.png 238w\" sizes=\"auto, (max-width: 686px) 100vw, 686px\" \/><\/a><\/p>","protected":false},"excerpt":{"rendered":"<p>LA NUOVA ENASARCO PI\u00d9 SOLIDA, TRASPARENTE E VICINA AGLI ISCRITTI La Fondazione celebra i suoi primi 80 anni di attivit\u00e0, all\u2019insegna del cambiamento e della partecipazione Presentato il Bilancio sociale 2017, nominati tre componenti del Collegio dei Sindaci e premiati alcuni tra gli agenti con la pi\u00f9 alta anzianit\u00e0 contributiva affaritaliani &#8211; 4 luglio 2018 &hellip;<\/p>","protected":false},"author":4,"featured_media":36901,"comment_status":"closed","ping_status":"closed","sticky":false,"template":"","format":"standard","meta":{"footnotes":""},"categories":[1],"tags":[21,41],"class_list":["post-36889","post","type-post","status-publish","format-standard","has-post-thumbnail","hentry","category-notizie","tag-informatori-scientifici","tag-leggisentenze"],"amp_enabled":true,"_links":{"self":[{"href":"https:\/\/www.fedaiisf.it\/en\/wp-json\/wp\/v2\/posts\/36889","targetHints":{"allow":["GET"]}}],"collection":[{"href":"https:\/\/www.fedaiisf.it\/en\/wp-json\/wp\/v2\/posts"}],"about":[{"href":"https:\/\/www.fedaiisf.it\/en\/wp-json\/wp\/v2\/types\/post"}],"author":[{"embeddable":true,"href":"https:\/\/www.fedaiisf.it\/en\/wp-json\/wp\/v2\/users\/4"}],"replies":[{"embeddable":true,"href":"https:\/\/www.fedaiisf.it\/en\/wp-json\/wp\/v2\/comments?post=36889"}],"version-history":[{"count":0,"href":"https:\/\/www.fedaiisf.it\/en\/wp-json\/wp\/v2\/posts\/36889\/revisions"}],"wp:featuredmedia":[{"embeddable":true,"href":"https:\/\/www.fedaiisf.it\/en\/wp-json\/wp\/v2\/media\/36901"}],"wp:attachment":[{"href":"https:\/\/www.fedaiisf.it\/en\/wp-json\/wp\/v2\/media?parent=36889"}],"wp:term":[{"taxonomy":"category","embeddable":true,"href":"https:\/\/www.fedaiisf.it\/en\/wp-json\/wp\/v2\/categories?post=36889"},{"taxonomy":"post_tag","embeddable":true,"href":"https:\/\/www.fedaiisf.it\/en\/wp-json\/wp\/v2\/tags?post=36889"}],"curies":[{"name":"wp","href":"https:\/\/api.w.org\/{rel}","templated":true}]}}