{"id":36929,"date":"2018-07-07T11:13:31","date_gmt":"2018-07-07T09:13:31","guid":{"rendered":"https:\/\/www.fedaiisf.it\/?p=36929"},"modified":"2018-07-27T17:19:33","modified_gmt":"2018-07-27T15:19:33","slug":"brutale-aggressione-in-un-ambulatorio-ad-un-isf-a-castellana-grotte-ba","status":"publish","type":"post","link":"https:\/\/www.fedaiisf.it\/en\/brutale-aggressione-in-un-ambulatorio-ad-un-isf-a-castellana-grotte-ba\/","title":{"rendered":"Brutal assault in a clinic at an ISF in Castellana Grotte (BA)"},"content":{"rendered":"<p>Prima la lite, dopo la rissa. \u00c8 accaduto ieri mattina verso le 9,30 in uno studio medico di Castellana Grotte e ad arrivare alle mani sono stati un paziente in attesa, originario del posto, e un informatore scientifico di Torre a Mare (Bari), Massimiliano M.. Stando a quanto appreso, la lite avrebbe avuto inizio all\u2019arrivo dell\u2019informatore nell\u2019ambulatorio e sarebbe scaturita dall\u2019insofferenza del paziente rispetto all\u2019appuntamento tra il medico e il professionista, che avrebbe inevitabilmente ritardato di qualche minuto la sua visita.<\/p>\n<p>Dalle parole, l&#8217;insofferente individuo \u00e8 passato ai fatti all\u2019esterno dello studio medico. Aggredito, in una specie d&#8217;agguato, l\u2019informatore scientifico, un uomo di 51 anni, \u00e8 caduto a terra dove ha continuato a subire calci e pugni, fino a che \u00e8 intervenuto il medico, chiamato da un collega, che ha messo fine all&#8217;aggressione e probabilmente salvandogli la vita.\u00a0 Chiamato il 118, l&#8217;ISF \u00e8 stato trasportato al Policlinico di Bari per gli accertamenti del caso. Sul posto, oltre all\u2019ambulanza, sono intervenuti anche i Carabinieri di Castellana Grotte e l&#8217;energumeno \u00e8 ora in stato di <a href=\"https:\/\/www.fedaiisf.it\/wp-content\/uploads\/2018\/07\/aggressione.png\"><img loading=\"lazy\" decoding=\"async\" class=\"wp-image-36930 alignright\" src=\"https:\/\/www.fedaiisf.it\/wp-content\/uploads\/2018\/07\/aggressione.png\" alt=\"\" width=\"415\" height=\"138\" srcset=\"https:\/\/www.fedaiisf.it\/wp-content\/uploads\/2018\/07\/aggressione.png 665w, https:\/\/www.fedaiisf.it\/wp-content\/uploads\/2018\/07\/aggressione-300x100.png 300w\" sizes=\"auto, (max-width: 415px) 100vw, 415px\" \/><\/a>fermo.<\/p>\n<p>Grave il fatto che nessuno degli astanti sia intervenuto per impedire il misfatto.<\/p>\n<p>Fedaiisf in tutte le sue componenti ha subito fatto pervenire le sue parole di solidariet\u00e0 a Massimiliano e lo sdegno per l&#8217;incredibile accaduto. Fedaiisf si \u00e8 detta pronta a costituirsi parte civile, perch\u00e9 un&#8217;aggressione del genere pu\u00f2 capitare a ogni ISF.<\/p>\n<p>Massimiliano, questa mattina ci ha fatto sapere con SMS:<\/p>\n<p>\u201c<em>Buongiorno a tutti e grazie ancora. Non sono ancora in grado di gestirmi e stare solo. Chiunque ha subito forti traumi in faccia e alla testa sa che va cos\u00ec. Ma non voglio tediarvi col mio stato di salute. Ho avuto quindici giorni di prognosi.<\/em><\/p>\n<p><em>Purtroppo siamo altamente a rischio. E dobbiamo aumentare la consapevolezza, di essere potenzialmente ogni giorno di pi\u00f9, oggetto di prepotenze e violenze e rabbia di gente di ogni risma.<\/em><br \/>\n<em>E quindi, se \u00e8 possibile, aumentare ancora di pi\u00f9 la soglia di attenzione quando veniamo avvicinati da soggetti del genere.<\/em><br \/>\n<em>Vi ringrazio tutti<\/em>&#8220;.<\/p>\n<p>Molti i messaggi di solidariet\u00e0 che ci sono giunti. Molti hanno sottolineato il clima ostile per l&#8217;assurdo processo di criminalizzazione della categoria degli ISF, con il tacito consenso delle aziende farmaceutiche che hanno trovato negli ISF un utile capro espiatorie su cui scaricare colpe che non hanno, obiettivo raggiunto, visto che altrettanti utili idioti, tipo ANAC o Regione Emilia Romagna, hanno abboccato dato i provvedimenti che per ignoranza, arroganza e insipienza hanno preso contro gli ISF, sbagliando appunto bersaglio.<\/p>\n<p>Altri ci dicono che &#8220;questi episodi si ripetono quotidianamente (fortunatamente non sempre di questa portata), dalle violenze verbali alle minacce fino alle vie di fatto. Una ferma condanna da parte di FNOMCeO sarebbe d\u2019obbligo e soprattutto una presa di coscienza da parte dei medici del nostro difficile ruolo&#8221;. Un altro aggiunge: &#8220;\u00c8 un aggressione brutale e senza nessuna giustificazione&#8230;.l&#8217;indifferenza della gente mi ha fatto pi\u00f9 paura&#8221;. Altri ancora sottolineano che pazienti e medici non conoscono il nostro ruolo.<\/p>\n<p>Per un puro caso fortuito quanto accaduto a Castellana Grotte non \u00e8 sfociato in una tragedia. Ora le varie autorit\u00e0 sanitarie, Farmindustria, sindacati devono rendersi conto che non c\u2019\u00e8 pi\u00f9 tempo da perdere: deve essere riconosciuto e fatto conoscere il ruolo di legge dell\u2019ISF, a cui va anche riconosciuto il rispetto per la professione che svolge e la dignit\u00e0 umana a cui ha diritto.<\/p>\n<p>Related news: <a href=\"https:\/\/www.fedaiisf.it\/en\/fnomceo-solidarieta-allisf-aggredito-frutto-di-un-assurdo-clima-di-sospetto\/\" target=\"_blank\" rel=\"noopener\">FNOMCeO. Solidarity with the attacked ISF, the result of an absurd climate of suspicion<\/a><\/p>\n<p>&nbsp;<\/p>","protected":false},"excerpt":{"rendered":"<p>Prima la lite, dopo la rissa. \u00c8 accaduto ieri mattina verso le 9,30 in uno studio medico di Castellana Grotte e ad arrivare alle mani sono stati un paziente in attesa, originario del posto, e un informatore scientifico di Torre a Mare (Bari), Massimiliano M.. Stando a quanto appreso, la lite avrebbe avuto inizio all\u2019arrivo &hellip;<\/p>","protected":false},"author":4,"featured_media":36932,"comment_status":"closed","ping_status":"closed","sticky":false,"template":"","format":"standard","meta":{"footnotes":""},"categories":[16],"tags":[],"class_list":["post-36929","post","type-post","status-publish","format-standard","has-post-thumbnail","hentry","category-primo-piano"],"amp_enabled":true,"_links":{"self":[{"href":"https:\/\/www.fedaiisf.it\/en\/wp-json\/wp\/v2\/posts\/36929","targetHints":{"allow":["GET"]}}],"collection":[{"href":"https:\/\/www.fedaiisf.it\/en\/wp-json\/wp\/v2\/posts"}],"about":[{"href":"https:\/\/www.fedaiisf.it\/en\/wp-json\/wp\/v2\/types\/post"}],"author":[{"embeddable":true,"href":"https:\/\/www.fedaiisf.it\/en\/wp-json\/wp\/v2\/users\/4"}],"replies":[{"embeddable":true,"href":"https:\/\/www.fedaiisf.it\/en\/wp-json\/wp\/v2\/comments?post=36929"}],"version-history":[{"count":0,"href":"https:\/\/www.fedaiisf.it\/en\/wp-json\/wp\/v2\/posts\/36929\/revisions"}],"wp:featuredmedia":[{"embeddable":true,"href":"https:\/\/www.fedaiisf.it\/en\/wp-json\/wp\/v2\/media\/36932"}],"wp:attachment":[{"href":"https:\/\/www.fedaiisf.it\/en\/wp-json\/wp\/v2\/media?parent=36929"}],"wp:term":[{"taxonomy":"category","embeddable":true,"href":"https:\/\/www.fedaiisf.it\/en\/wp-json\/wp\/v2\/categories?post=36929"},{"taxonomy":"post_tag","embeddable":true,"href":"https:\/\/www.fedaiisf.it\/en\/wp-json\/wp\/v2\/tags?post=36929"}],"curies":[{"name":"wp","href":"https:\/\/api.w.org\/{rel}","templated":true}]}}