{"id":37070,"date":"2018-07-13T13:06:40","date_gmt":"2018-07-13T11:06:40","guid":{"rendered":"https:\/\/www.fedaiisf.it\/?p=37070"},"modified":"2018-08-16T12:01:23","modified_gmt":"2018-08-16T10:01:23","slug":"giulia-grillo-scrive-su-facebook-anche-in-sanita-e-scoccata-lora-della-trasparenza-delle-nomine-e-della-qualita-a-cominciare-dal-dg-di-aifa","status":"publish","type":"post","link":"https:\/\/www.fedaiisf.it\/en\/giulia-grillo-scrive-su-facebook-anche-in-sanita-e-scoccata-lora-della-trasparenza-delle-nomine-e-della-qualita-a-cominciare-dal-dg-di-aifa\/","title":{"rendered":"Giulia Grillo scrive su Facebook: Anche in Sanit\u00e0 \u00e8 scoccata l\u2019ora della TRASPARENZA delle nomine e della qualit\u00e0. A cominciare dal DG di AIFA"},"content":{"rendered":"<p>&nbsp;<\/p>\n<p><a href=\"https:\/\/www.fedaiisf.it\/wp-content\/uploads\/2018\/07\/Post-G.Grillo.png\"><img loading=\"lazy\" decoding=\"async\" class=\"size-full wp-image-37072 aligncenter\" src=\"https:\/\/www.fedaiisf.it\/wp-content\/uploads\/2018\/07\/Post-G.Grillo.png\" alt=\"\" width=\"492\" height=\"512\" srcset=\"https:\/\/www.fedaiisf.it\/wp-content\/uploads\/2018\/07\/Post-G.Grillo.png 492w, https:\/\/www.fedaiisf.it\/wp-content\/uploads\/2018\/07\/Post-G.Grillo-288x300.png 288w, https:\/\/www.fedaiisf.it\/wp-content\/uploads\/2018\/07\/Post-G.Grillo-36x36.png 36w\" sizes=\"auto, (max-width: 492px) 100vw, 492px\" \/><\/a><\/p>\n<div id=\"page-header\" class=\"section row-fluid no-space-before\">\n<div class=\"header\">\n<h2 class=\"span11\" style=\"text-align: center;\"><span style=\"color: #ff0000;\">Selezione pubblica per la scelta del nuovo direttore generale di Aifa<\/span><\/h2>\n<p>Il ministro della Salute, <strong>Giulia Grillo<\/strong>, ha lanciato l\u2019invito a partecipare a una manifestazione di interesse a ricoprire l\u2019incarico di direttore generale dell\u2019Agenzia italiana del farmaco (Aifa).<\/p>\n<p>\u201cIl settore farmaceutico \u00e8 uno snodo fondamentale del sistema sanitario pubblico. E a maggior ragione tanto pi\u00f9 cruciale \u00e8 il ruolo che svolge l\u2019Aifa, data anche la rilevanza, circa 31 miliardi di euro, della spesa di settore che l\u2019Agenzia del farmaco presidia. La massima trasparenza delle procedure e la qualit\u00e0 delle nomine &#8211; afferma il ministro &#8211; sono un tratto distintivo di questo Governo, che io intendo applicare sempre e in pieno per quanto di mia competenza. A tutela dei cittadini e della garanzia di tenuta anche finanziaria del Servizio sanitario nazionale\u201d.<\/p>\n<p>Gli interessati all\u2019incarico dovranno essere in possesso di una laurea specialistica nonch\u00e9 di una qualificata e documentata competenza ed esperienza sia tecnico-scientifica nel settore dei farmaci, sia in materia gestionale e manageriale.<\/p>\n<p>La manifestazione d\u2019interesse andr\u00e0 inviata entro luned\u00ec 23 luglio all\u2019indirizzo pec <a href=\"mailto:spm@postacert.sanita.it\" target=\"_blank\" rel=\"noopener\">spm@postacert.sanita.it<\/a>, corredata da: curriculum vitae, lettera motivazionale, dichiarazione di assenza di potenziali conflitti d\u2019interesse, copia conforme di un documento d\u2019identit\u00e0 in corso di validit\u00e0.<\/p>\n<p>Consulta l&#8217;<a href=\"http:\/\/www.salute.gov.it\/portale\/documentazione\/p6_2_7_1.jsp?lingua=italiano&amp;id=138\" target=\"_blank\" rel=\"noopener\">Avviso<\/a><\/p>\n<p><a href=\"http:\/\/www.salute.gov.it\/portale\/news\/p3_2_1_1_1.jsp?lingua=italiano&amp;menu=notizie&amp;p=dalministero&amp;id=3427\" target=\"_blank\" rel=\"noopener\">Ministero della Salute &#8211; 13 luglio 2018<\/a><\/p>\n<\/div>\n<hr \/>\n<div class=\"post-title\">\n<h1 class=\"entry-title\" style=\"text-align: center;\">Cts e Comitato prezzi e rimborso Aifa, ecco i membri designati dalle Regioni<\/h1>\n<\/div>\n<div class=\"post-meta-blog\"><span class=\"meta_author vcard author\"><span class=\"fn\"> <a title=\"Articles written by: RIFday\" href=\"http:\/\/www.rifday.it\/author\/rifday\/\" target=\"_blank\" rel=\"author noopener\">RIFday<\/a><\/span><\/span> <span class=\"meta_date updated\">&#8211; luglio 13, 2018<\/span><\/div>\n<div class=\"post_content entry-content\">\n<div class=\"pf-content\">\n<p>Roma, 13 luglio \u2013 La Commissione Stato-Regioni ha designato\u00a0 gli otto rappresentanti regionali, in totale,\u00a0per il rinnovo della\u00a0Commissione consultiva tecnico scientifica e\u00a0 del\u00a0Comitato prezzi e rimborso dell\u2019Agenzia italiana del farmaco.<br \/>\nPer la Cts, la scelta \u00e8 caduta su <strong>\u00a0Anthony Addis<\/strong> (Regione Lazio, confermato nell\u2019incarico), <strong>Anna Maria Marata<\/strong> (Emilia Romagna, anche lei <a href=\"https:\/\/www.fedaiisf.it\/wp-content\/uploads\/2015\/05\/Giorni.jpg\"><img loading=\"lazy\" decoding=\"async\" class=\"wp-image-18903 alignleft\" src=\"https:\/\/www.fedaiisf.it\/wp-content\/uploads\/2015\/05\/Giorni.jpg\" alt=\"\" width=\"297\" height=\"223\" srcset=\"https:\/\/www.fedaiisf.it\/wp-content\/uploads\/2015\/05\/Giorni.jpg 400w, https:\/\/www.fedaiisf.it\/wp-content\/uploads\/2015\/05\/Giorni-300x225.jpg 300w\" sizes=\"auto, (max-width: 297px) 100vw, 297px\" \/><\/a>confermata)<br \/>\n<strong>Giovambattista De Sarro<\/strong> (Calabria) e\u00a0 <strong>Ida Fortino<\/strong>\u00a0(Lombardia), scelti \u2013 come prevendono le norme, <strong>\u00a0<\/strong>\u201c<em>tra persone di comprovata e documentata competenza tecnico-scientifica almeno quinquennale nel settore della valutazione dei farmaci\u201d.<\/em><\/p>\n<p>Per il \u00a0Comitato prezzi e rimborso<strong>,<\/strong> scelti \u00a0a loro volta \u201c<em>tra persone di comprovata professionalit\u00e0 ed esperienza almeno quinquennale nel settore della metodologia di determinazione del prezzo dei farmaci, dell\u2019economia sanitaria e di farmacoeconomia nonch\u00e9 dell\u2019organizzazione sanitaria e tra esperti di diritto sanitario\u201d<\/em>, i quattro designati sono invece <strong>Roberto Banfi<\/strong> (Toscana),<br \/>\n<strong>Giovanna Scroccaro<\/strong> (Veneto, confermata nell\u2019incarico), <strong>Amelia Filippelli<\/strong> (Campania, anche lei confermata) e <strong>Loredano Days <\/strong>(Piemonte, nella foto)<strong><br \/>\n<\/strong><\/p>\n<p><a href=\"http:\/\/www.rifday.it\/2018\/07\/13\/cts-comitato-prezzi-rimborso-aifa-membri-designati-dalle-regioni\/\" target=\"_blank\" rel=\"noopener\">Rif Day &#8211; 13\/07\/2018<\/a><\/p>\n<hr \/>\n<h1 class=\"entry-title\">Agenzia nazionale del farmaco. Il ministro della Salute Grillo sfratta il direttore. Procedura lampo per scegliere il successore di Melazzini<\/h1>\n<p><a href=\"http:\/\/www.lanotiziagiornale.it\/agenzia-nazionale-del-farmaco-il-ministro-della-salute-grillo-sfratta-il-direttore-procedura-lampo-per-scegliere-il-successore-di-melazzini\/\" target=\"_blank\" rel=\"noopener\">La Notizia &#8211; 16 luglio 2018<\/a><\/p>\n<div class=\"entry-content\">\n<div>Non \u00e8 un avviso di sfratto: di pi\u00f9. Il ministro della Salute, <strong>Giulia Grillo, <\/strong>spazza via il sistema di controllo garantito dalla Lorenzin sull\u2019Aifa, l\u2019importantissima Agenzia nazionale che sovrintende alla diffusione dei farmaci. Un croce-<\/div>\n<div>\n<p>via di potere e interessi economici al centro di continue polemiche, abusi e persino indagini della magistratura, dove negli ultimi anni si sono alternati due soli uomini al comando: prima quel <strong>Luke Pani<\/strong> travolto dalle proteste anche in Parlamento per i suoi altissimi compensi e poi l\u2019ex presidente diventato l\u2019attuale direttore generale, <strong>Mario Melazzini<\/strong>, anche questo ben ammanicato con la politica (era stato assessore in Lombardia) e transitato dalle cronache giornalistiche per curiosit\u00e0 come la richiesta di rimborsi spese per decine di migliaia di euro. Uno stile del passato a cui la Grillo ha messo un punto lanciando ieri l\u2019invito a partecipare a una manifestazione di interesse per ricoprire l\u2019incarico di direttore generale dell\u2019Aifa.<\/p>\n<p><strong>Regola uno: trasparenza<\/strong> \u2013 Una procedura rivoluzionaria in un mondo dove il potere della politica e delle case farmaceutiche ha fatto da sempre il bello e il cattivo tempo. \u201cIl settore farmaceutico \u2013 ha fatto sapere il ministero della Salute, che sovrintende sull\u2019Agenzia insieme a quello dell\u2019Economia e Finanze \u2013 \u00e8 uno snodo fondamentale del sistema sanitario pubblico. E a maggior ragione tanto pi\u00f9 cruciale \u00e8 il ruolo che svolge l\u2019Aifa, data anche la rilevanza, circa 31 miliardi di euro, della spesa di settore che l\u2019Agenzia del farmaco presidia\u201d. Perci\u00f2 il ministro ha richiamato venerd\u00ec in una nota l\u2019esigenza di assicurare la massima trasparenza delle procedure e la qualit\u00e0 delle nomine, ricordando che questo modo di agire \u00e8 un tratto distintivo dell\u2019attuale Governo. Nella nota diffusa venerd\u00ec \u00e8 stato inoltre specificato che gli interessati all\u2019incarico dovranno essere in possesso di una laurea specialistica nonch\u00e9 di una qualificata e documentata competenza ed esperienza sia tecnico-scientifica nel settore dei farmaci, sia in materia gestionale e manageriale.<\/p>\n<p><strong>Maroni non basta<\/strong> \u2013 Unica stranezza, ma non troppo: la manifestazione d\u2019interesse andr\u00e0 inviata entro luned\u00ec 23 luglio. Un tempo strettissimo, anche perch\u00e9 il livello dei candidati che si cercano \u00e8 di altissimo profilo e dunque c\u2019\u00e8 da ritenere che si tratti di professionisti con rilevanti impegni. Evidentemente per\u00f2 tra il ministro e Melazzini non c\u2019\u00e8 nessuna possibilit\u00e0 di interlocuzione, e la decisione \u00e8 urgente e irrevocabile, nonostante l\u2019attuale direttore generale abbia notoriamente forti rapporti con la Lega (ma pi\u00f9 nel dettaglio con quella ormai sparita di Maroni). Perci\u00f2 chiss\u00e0 che oggi Melazzini non rimpianga di non aver ricevuto in Aifa la Grillo quando da componente di minoranza della Commissione Sanit\u00e0 della Camera and\u00f2 con il metro in mano a misurare quanto spazio hanno a disposizione i dipendenti che si pensava di trasferire in un altro immobile, ovviamente con una nuova grosssa spesa per lo Stato.<\/p>\n<\/div>\n<\/div>\n<\/div>\n<\/div>\n<\/div>","protected":false},"excerpt":{"rendered":"<p>&nbsp; Selezione pubblica per la scelta del nuovo direttore generale di Aifa Il ministro della Salute, Giulia Grillo, ha lanciato l\u2019invito a partecipare a una manifestazione di interesse a ricoprire l\u2019incarico di direttore generale dell\u2019Agenzia italiana del farmaco (Aifa). \u201cIl settore farmaceutico \u00e8 uno snodo fondamentale del sistema sanitario pubblico. E a maggior ragione tanto &hellip;<\/p>","protected":false},"author":4,"featured_media":36885,"comment_status":"closed","ping_status":"closed","sticky":false,"template":"","format":"standard","meta":{"footnotes":""},"categories":[16],"tags":[49,127],"class_list":["post-37070","post","type-post","status-publish","format-standard","has-post-thumbnail","hentry","category-primo-piano","tag-aifa","tag-giulia-grillo"],"amp_enabled":true,"_links":{"self":[{"href":"https:\/\/www.fedaiisf.it\/en\/wp-json\/wp\/v2\/posts\/37070","targetHints":{"allow":["GET"]}}],"collection":[{"href":"https:\/\/www.fedaiisf.it\/en\/wp-json\/wp\/v2\/posts"}],"about":[{"href":"https:\/\/www.fedaiisf.it\/en\/wp-json\/wp\/v2\/types\/post"}],"author":[{"embeddable":true,"href":"https:\/\/www.fedaiisf.it\/en\/wp-json\/wp\/v2\/users\/4"}],"replies":[{"embeddable":true,"href":"https:\/\/www.fedaiisf.it\/en\/wp-json\/wp\/v2\/comments?post=37070"}],"version-history":[{"count":0,"href":"https:\/\/www.fedaiisf.it\/en\/wp-json\/wp\/v2\/posts\/37070\/revisions"}],"wp:featuredmedia":[{"embeddable":true,"href":"https:\/\/www.fedaiisf.it\/en\/wp-json\/wp\/v2\/media\/36885"}],"wp:attachment":[{"href":"https:\/\/www.fedaiisf.it\/en\/wp-json\/wp\/v2\/media?parent=37070"}],"wp:term":[{"taxonomy":"category","embeddable":true,"href":"https:\/\/www.fedaiisf.it\/en\/wp-json\/wp\/v2\/categories?post=37070"},{"taxonomy":"post_tag","embeddable":true,"href":"https:\/\/www.fedaiisf.it\/en\/wp-json\/wp\/v2\/tags?post=37070"}],"curies":[{"name":"wp","href":"https:\/\/api.w.org\/{rel}","templated":true}]}}