{"id":37139,"date":"2018-07-17T10:07:22","date_gmt":"2018-07-17T08:07:22","guid":{"rendered":"https:\/\/www.fedaiisf.it\/?p=37139"},"modified":"2018-07-17T11:17:45","modified_gmt":"2018-07-17T09:17:45","slug":"sardegna-per-risparmiare-qualche-soldo-la-regione-toglie-i-farmaci-migliori-ai-reumatici-denuncia-di-michele-cossa","status":"publish","type":"post","link":"https:\/\/www.fedaiisf.it\/en\/sardegna-per-risparmiare-qualche-soldo-la-regione-toglie-i-farmaci-migliori-ai-reumatici-denuncia-di-michele-cossa\/","title":{"rendered":"Sardegna. Per risparmiare qualche soldo la Regione toglie i farmaci migliori ai reumatici &#8211; Denuncia di Michele Cossa"},"content":{"rendered":"<p class=\"fontSize\">\u201cLa Regione Sardegna prosegue nella sua azione cieca e indiscriminata di taglio dei servizi sanitari e rischia di privare i pazienti reumatici e autoimmuni sardi dei farmaci salvavita\u201d. Lo denuncia il Consigliere regionale dei Riformatori, Michele Cossain un\u2019interrogazione urgente all\u2019Assessore alla Sanit\u00e0.<\/p>\n<p><a href=\"https:\/\/www.fedaiisf.it\/wp-content\/uploads\/2018\/07\/Cossu-Regione-sardegna.jpg\"><img loading=\"lazy\" decoding=\"async\" class=\"wp-image-37142 alignright\" src=\"https:\/\/www.fedaiisf.it\/wp-content\/uploads\/2018\/07\/Cossu-Regione-sardegna.jpg\" alt=\"\" width=\"329\" height=\"238\" srcset=\"https:\/\/www.fedaiisf.it\/wp-content\/uploads\/2018\/07\/Cossu-Regione-sardegna.jpg 400w, https:\/\/www.fedaiisf.it\/wp-content\/uploads\/2018\/07\/Cossu-Regione-sardegna-300x217.jpg 300w\" sizes=\"auto, (max-width: 329px) 100vw, 329px\" \/><\/a>\u201cMentre i clinici dei Centri di Eccellenza individuati dalla Regione Sardegna \u2013prosegue Cossa- continuano a prescrivere i farmaci biologici che hanno consentito il controllo ottimale della malattia, la Regione pretende di cambiare la loro terapia per risparmiare qualche euro sulla pelle dei pazienti.<\/p>\n<p>Ma i medici dei Centri di Riferimento non si adeguano e continuano a prescrivere il farmaco migliore, che per\u00f2 non viene pi\u00f9 fornito dalla Regione. Secondo Michele Cossa, \u201cIl rischio \u2013drammatico e reale- \u00e8 dunque che il paziente non abbia n\u00e9 il farmaco biologico (che la Regione non eroga pi\u00f9), ma neppure quello biosimilare, perch\u00e9 i clinici si rifiutano di prescriverlo perch\u00e9 considerano il cambio di terapia rischioso per la salute del paziente.\u201d<\/p>\n<p>\u201cE\u2019 una situazione davvero vergognosa che deve trovare soluzione urgente \u2013conclude il consigliere regionale dei Riformatori- E\u2019 ridicolo che la Regione contesti le prescrizioni dei Centri che essa stessa ha elevato a \u201cCentri di Riferimento\u201d per le patologie reumatiche e Autoimmuni\u201d.<\/p>\n<p><span id=\"ctl00_cntBody_lblOrario\"><a href=\"https:\/\/www.buongiornoalghero.it\/contenuto\/0\/12\/100800\/per-risparmiare-qualche-soldo-la-regione-toglie-i-farmaci-migliori-ai-reumatici-sardi-denuncia-di-michele-cossa\" target=\"_blank\" rel=\"noopener\">16 lug 2018 &#8211; Buon giorno Alghero<\/a><br \/>\n<\/span><\/p>\n<p>Related news: <a href=\"http:\/\/www.aifa.gov.it\/sites\/default\/files\/pp_biosimilari_27.03.2018.pdf\" target=\"_blank\" rel=\"noopener\">Second AIFA Position Paper on Biosimilar Medicines<\/a><\/p>\n<p><a href=\"https:\/\/www.fedaiisf.it\/wp-content\/uploads\/2018\/07\/Biosimilari-AIFA-intercambiabilita\u0300.png\"><img loading=\"lazy\" decoding=\"async\" class=\"size-full wp-image-37143 aligncenter\" src=\"https:\/\/www.fedaiisf.it\/wp-content\/uploads\/2018\/07\/Biosimilari-AIFA-intercambiabilita\u0300.png\" alt=\"\" width=\"656\" height=\"246\" srcset=\"https:\/\/www.fedaiisf.it\/wp-content\/uploads\/2018\/07\/Biosimilari-AIFA-intercambiabilita\u0300.png 656w, https:\/\/www.fedaiisf.it\/wp-content\/uploads\/2018\/07\/Biosimilari-AIFA-intercambiabilita\u0300-300x113.png 300w\" sizes=\"auto, (max-width: 656px) 100vw, 656px\" \/><\/a><\/p>\n<p><a href=\"http:\/\/www.sifoweb.it\/images\/pdf\/pubblicazioni\/altre-edizioni\/Farmacista_Dipartimento\/position_paper_2018_-_web_final.pdf\" target=\"_blank\" rel=\"noopener\">Position Paper AIOM, SIF,SIFO, CIPOMO e Fondazione AIOM<\/a><\/p>\n<p><a href=\"https:\/\/www.fedaiisf.it\/wp-content\/uploads\/2018\/07\/SIFO-Position-paper-biosimilari.png\"><img loading=\"lazy\" decoding=\"async\" class=\"size-full wp-image-37147 aligncenter\" src=\"https:\/\/www.fedaiisf.it\/wp-content\/uploads\/2018\/07\/SIFO-Position-paper-biosimilari.png\" alt=\"\" width=\"587\" height=\"464\" srcset=\"https:\/\/www.fedaiisf.it\/wp-content\/uploads\/2018\/07\/SIFO-Position-paper-biosimilari.png 587w, https:\/\/www.fedaiisf.it\/wp-content\/uploads\/2018\/07\/SIFO-Position-paper-biosimilari-300x237.png 300w\" sizes=\"auto, (max-width: 587px) 100vw, 587px\" \/><\/a><\/p>\n<p><a href=\"https:\/\/www.fedaiisf.it\/en\/associazione-pazienti-reumatici-biosimilari-si-ma-la-salute-del-paziente-deve-venire-prima-del-budget\/\" target=\"_blank\" rel=\"noopener\">Rheumatic patients association. Biosimilars yes, but the patient&#039;s health must come before the budget<\/a><\/p>\n<blockquote><p><em><span style=\"font-size: 18px;\">L&#8217;intercambiabilit\u00e0\/sostituibilit\u00e0 dei biosimilari mi hanno fatto pensare a una questione di pi\u00f9 vasto impatto relativa appunto a un esempio clamoroso di &#8220;inadeguatezza culturale&#8221;, che si trascina da pi\u00f9 15 anni e che riguarda le Liste di trasparenza. Questione mai risolta da chi avrebbe la responsabilit\u00e0 di compilare le liste stesse che, come si sa, dovrebbero guidare la sostituibilit\u00e0 in farmacia esclusivamente fra medicinali bioequivalenti.\u2028\u00a0\u2028<\/span><\/em><\/p>\n<p><em><span style=\"font-size: 18px;\">C&#8217;\u00e8 la sensazione che, a certi livelli, permanga, o ristagni, un po&#8217; di confusione fra i concetti di &#8220;equivalenza&#8221; e di &#8220;bioequivalenza&#8221;.<\/span><\/em><\/p>\n<p><em><span style=\"font-size: 18px;\">Prof. Andrea Gazzaniga\u2028Presidente del Comitato di Direzione della Facolta Di Scienze del Farmaco\u2028Universit\u00e0 degli Studi di Milano\u00a0<\/span><\/em><\/p>\n<p><em><span style=\"font-size: 18px;\">From <a href=\"http:\/\/www.quotidianosanita.it\/lettere-al-direttore\/articolo.php?articolo_id=62362\" target=\"_blank\" rel=\"noopener\">Quotidianosanit\u00e0.it del 30 mag. 2018<\/a><\/span><\/em><\/p>\n<div><\/div>\n<\/blockquote>","protected":false},"excerpt":{"rendered":"<p>\u201cLa Regione Sardegna prosegue nella sua azione cieca e indiscriminata di taglio dei servizi sanitari e rischia di privare i pazienti reumatici e autoimmuni sardi dei farmaci salvavita\u201d. Lo denuncia il Consigliere regionale dei Riformatori, Michele Cossain un\u2019interrogazione urgente all\u2019Assessore alla Sanit\u00e0. \u201cMentre i clinici dei Centri di Eccellenza individuati dalla Regione Sardegna \u2013prosegue Cossa- &hellip;<\/p>","protected":false},"author":4,"featured_media":25620,"comment_status":"closed","ping_status":"closed","sticky":false,"template":"","format":"standard","meta":{"footnotes":""},"categories":[1],"tags":[29,26,79],"class_list":["post-37139","post","type-post","status-publish","format-standard","has-post-thumbnail","hentry","category-notizie","tag-prezzo-farmaci","tag-spesa-farmaceutica","tag-ssn"],"amp_enabled":true,"_links":{"self":[{"href":"https:\/\/www.fedaiisf.it\/en\/wp-json\/wp\/v2\/posts\/37139","targetHints":{"allow":["GET"]}}],"collection":[{"href":"https:\/\/www.fedaiisf.it\/en\/wp-json\/wp\/v2\/posts"}],"about":[{"href":"https:\/\/www.fedaiisf.it\/en\/wp-json\/wp\/v2\/types\/post"}],"author":[{"embeddable":true,"href":"https:\/\/www.fedaiisf.it\/en\/wp-json\/wp\/v2\/users\/4"}],"replies":[{"embeddable":true,"href":"https:\/\/www.fedaiisf.it\/en\/wp-json\/wp\/v2\/comments?post=37139"}],"version-history":[{"count":0,"href":"https:\/\/www.fedaiisf.it\/en\/wp-json\/wp\/v2\/posts\/37139\/revisions"}],"wp:featuredmedia":[{"embeddable":true,"href":"https:\/\/www.fedaiisf.it\/en\/wp-json\/wp\/v2\/media\/25620"}],"wp:attachment":[{"href":"https:\/\/www.fedaiisf.it\/en\/wp-json\/wp\/v2\/media?parent=37139"}],"wp:term":[{"taxonomy":"category","embeddable":true,"href":"https:\/\/www.fedaiisf.it\/en\/wp-json\/wp\/v2\/categories?post=37139"},{"taxonomy":"post_tag","embeddable":true,"href":"https:\/\/www.fedaiisf.it\/en\/wp-json\/wp\/v2\/tags?post=37139"}],"curies":[{"name":"wp","href":"https:\/\/api.w.org\/{rel}","templated":true}]}}