{"id":3733,"date":"2014-09-28T22:09:23","date_gmt":"2014-09-28T20:09:23","guid":{"rendered":"http:\/\/www.fedaiisf.it\/?p=3733"},"modified":"2014-09-30T12:34:14","modified_gmt":"2014-09-30T10:34:14","slug":"registrato-usa-lauto-aziendale-nessun-documento-bordo","status":"publish","type":"post","link":"https:\/\/www.fedaiisf.it\/en\/registrato-usa-lauto-aziendale-nessun-documento-bordo\/","title":{"rendered":"The name of the person using the company car has been registered, but no new documents on board"},"content":{"rendered":"<p><i>Obbligo di registrare alla Motorizzazione e annotare sulla carta di circolazione il nome di chi non \u00e8 intestatario di un veicolo ma ne ha la disponibilit\u00e0 per pi\u00f9 di 30 giorni<\/i><i><\/i><\/p>\n<p><a href=\"http:\/\/www.ilsole24ore.com\/art\/norme-e-tributi\/2014-09-28\/registrato-chi-usa-auto-aziendale-081347.shtml?uuid=ABWcovxB\" target=\"_blank\" rel=\"noopener\">Maurizio Caprino 28 settembre 2014 \u2013 <b><sup>IlSole<\/sup>24 HOURS<\/b><\/a><b><\/b><\/p>\n<p><img loading=\"lazy\" decoding=\"async\" class=\"alignleft\" alt=\"\" src=\"http:\/\/www.omara-group.com\/uploads\/COLLAUDI-MCTC.jpg\" width=\"230\" height=\"84\" \/>Obbligo di registrare alla Motorizzazione e annotare sulla carta di circolazione il nome di chi non \u00e8 intestatario di un veicolo ma ne ha la disponibilit\u00e0 per pi\u00f9 di 30 giorni. E, per chi \u00e8 intestatario, obbligo di registrare e annotare le variazioni quando &#8220;si cambia nome&#8221; (generalit\u00e0 per le persone fisiche e denominazione per quelle giuridiche). Sono novit\u00e0 previste sin dall&#8217;ultima riforma del Codice della strada (legge 120 del luglio 2010, nel punto che ha introdotto il comma 4-bis nell&#8217;articolo 94 del Codice della strada) e regolate da un Dm entrato in vigore il 7 dicembre 2012. Ma diventeranno realmente operative solo il 3 novembre prossimo, quando saranno pronte le procedure informatiche. Solo da quel giorno scatteranno le sanzioni: multa di 705 euro e ritiro della carta di circolazione.<\/p>\n<p>Il ritardo nell&#8217;applicazione degli obblighi deriva anche dallo scarso favore che la norma \u2013 nata per limitare truffe e abusi e per identificare meglio i responsabili di incidenti e infrazioni \u2013 ha riscosso presso varie parti in causa. Cos\u00ec il tempo \u00e8 trascorso anche per limitarne l&#8217;ambito. Un compromesso \u00e8 arrivato con la maxi-<a href=\"http:\/\/www.motorizzazione.provincia.tn.it\/INTESTAZIONE%20TEMPORANEA%20DI%20VEICOLI.pdf\" target=\"_blank\" rel=\"noopener\">circolare prot. n. 15513,<\/a> emanata il 10 luglio scorso dalla Motorizzazione per disciplinare in dettaglio le procedure. La limitazione pi\u00f9 importante \u00e8 temporale: gli obblighi scatteranno solo per gli atti posti in essere dal 3 novembre. Quindi, chi usa gi\u00e0 un veicolo non proprio o ha un&#8217;intestazione non aggiornata non dovr\u00e0 far nulla; se lo vorr\u00e0, comunque, potr\u00e0 effettuare lo stesso la registrazione.<\/p>\n<p><img loading=\"lazy\" decoding=\"async\" class=\"alignright\" alt=\"\" src=\"http:\/\/www.asia-group.it\/portals\/0\/Images\/Site\/1qcc11.jpg\" width=\"250\" height=\"152\" \/>La data del 3 novembre non vale per chi svolge attivit\u00e0 di autotrasporto soggetta a titolo autorizzativo. \u00c8 il caso dell&#8217;iscrizione al Ren (Registro elettronico nazionale) o all&#8217;Albo autotrasportatori, della licenza conto proprio e dell&#8217;autorizzazione per autobus, taxi o noleggio con conducente. La Motorizzazione sta lavorando a procedure specifiche, che saranno pronte in seguito.<\/p>\n<p>Altra limitazione riguarda i soggetti su cui grava l&#8217;obbligo: nel caso di comodato di veicoli aziendali (sia a dipendenti assegnatari a titolo gratuito sia quando i mezzi sono intestati a una casa costruttrice e dati a istituzioni, vip, giornalisti eccetera), il nome dell&#8217;utilizzatore non va annotato sulla carta di circolazione, ma solo registrato alla Motorizzazione e la ricevuta dell&#8217;adempimento non va tenuta a bordo (e lo stesso vale per tutti i veicoli in noleggio senza conducente, con assenso del locatore).<\/p>\n<p>Inoltre, come gi\u00e0 previsto dal Dm, il comodato non va registrato se ne beneficia un familiare convivente dell&#8217;intestatario.<\/p>\n<p>Sempre nel comodato, gli intestatari che possono concederlo sono: il proprietario, il trustee, il locatario in leasing (previo assenso del locatore), l&#8217;usufruttuario e l&#8217;acquirente con patto di riservato dominio (con assenso del venditore).<\/p>\n<p>L&#8217;obbligo di registrazione di disponibilit\u00e0 del mezzo per oltre 30 giorni grava sull&#8217;avente causa (comodatario, affidatario in custodia giudiziale, locatario o sublocatario, eredi, utilizzatore con contratto di rent to buy), ma \u00e8 ammesso che provveda, su delega, anche il dante causa (proprietario \u2013 compreso il trustee \u2013, locatore nel noleggio, nudo proprietario, acquirente con patto di riservato dominio, locatario nel leasing, usufruttuario).<\/p>\n<p>Se le registrazioni riguardano un&#8217;intera flotta aziendale, si pu\u00f2 fare un&#8217;istanza cumulativa (pagando una sola imposta di bollo) ma la carte di circolazione vanno aggiornate una per una.<\/p>\n<p>La circolare di luglio contiene anche un'&#8221;estensione&#8221;, interpretando il comma 4-bis nel punto in cui stabilisce che l&#8217;obbligo di registrazione per autoveicoli, motoveicoli e rimorchi: tra questi ultimi, vi sarebbero soggetti anche quelli di massa complessiva inferiore a 3,5 tonnellate, nonostante non rientrino fra i beni mobili registrati.<\/p>\n<p><img loading=\"lazy\" decoding=\"async\" class=\"aligncenter\" alt=\"\" src=\"http:\/\/www.agrigentoflash.it\/wp-content\/uploads\/2009\/10\/autovelox4.jpg\" width=\"480\" height=\"322\" \/><\/p>","protected":false},"excerpt":{"rendered":"<p>Obbligo di registrare alla Motorizzazione e annotare sulla carta di circolazione il nome di chi non \u00e8 intestatario di un veicolo ma ne ha la disponibilit\u00e0 per pi\u00f9 di 30 giorni Maurizio Caprino 28 settembre 2014 \u2013 IlSole24ORE Obbligo di registrare alla Motorizzazione e annotare sulla carta di circolazione il nome di chi non \u00e8 &hellip;<\/p>","protected":false},"author":4,"featured_media":3736,"comment_status":"closed","ping_status":"closed","sticky":false,"template":"","format":"standard","meta":{"footnotes":""},"categories":[1],"tags":[],"class_list":["post-3733","post","type-post","status-publish","format-standard","has-post-thumbnail","hentry","category-notizie"],"amp_enabled":true,"_links":{"self":[{"href":"https:\/\/www.fedaiisf.it\/en\/wp-json\/wp\/v2\/posts\/3733","targetHints":{"allow":["GET"]}}],"collection":[{"href":"https:\/\/www.fedaiisf.it\/en\/wp-json\/wp\/v2\/posts"}],"about":[{"href":"https:\/\/www.fedaiisf.it\/en\/wp-json\/wp\/v2\/types\/post"}],"author":[{"embeddable":true,"href":"https:\/\/www.fedaiisf.it\/en\/wp-json\/wp\/v2\/users\/4"}],"replies":[{"embeddable":true,"href":"https:\/\/www.fedaiisf.it\/en\/wp-json\/wp\/v2\/comments?post=3733"}],"version-history":[{"count":0,"href":"https:\/\/www.fedaiisf.it\/en\/wp-json\/wp\/v2\/posts\/3733\/revisions"}],"wp:featuredmedia":[{"embeddable":true,"href":"https:\/\/www.fedaiisf.it\/en\/wp-json\/wp\/v2\/media\/3736"}],"wp:attachment":[{"href":"https:\/\/www.fedaiisf.it\/en\/wp-json\/wp\/v2\/media?parent=3733"}],"wp:term":[{"taxonomy":"category","embeddable":true,"href":"https:\/\/www.fedaiisf.it\/en\/wp-json\/wp\/v2\/categories?post=3733"},{"taxonomy":"post_tag","embeddable":true,"href":"https:\/\/www.fedaiisf.it\/en\/wp-json\/wp\/v2\/tags?post=3733"}],"curies":[{"name":"wp","href":"https:\/\/api.w.org\/{rel}","templated":true}]}}