{"id":3754,"date":"2014-09-30T11:49:35","date_gmt":"2014-09-30T09:49:35","guid":{"rendered":"http:\/\/www.fedaiisf.it\/?p=3754"},"modified":"2014-10-01T11:16:14","modified_gmt":"2014-10-01T09:16:14","slug":"piano-terapeutico-mmg-compileranno-per-farmaci-specialistici-territoriali","status":"publish","type":"post","link":"https:\/\/www.fedaiisf.it\/en\/piano-terapeutico-mmg-compileranno-per-farmaci-specialistici-territoriali\/","title":{"rendered":"Therapeutic plan, Mmg will compile it for territorial specialist drugs"},"content":{"rendered":"<p><i>Il piano terapeutico non \u00e8 pi\u00f9 solo una \u201cgabbia\u201d per la prescrizione del medico di famiglia, ma ne diventa una modalit\u00e0 prescrittiva. L\u2019Agenzia del Farmaco Aifa ha deciso che 2000 medici di famiglia possono entrare nel novero dei clinici che richiedano il \u201cpiano\u201d, da sempre appannaggio dello specialista.<\/i><\/p>\n<p><i><a href=\"http:\/\/www.doctor33.it\/piano-terapeutico-mmg-lo-compileranno-per-farmaci-specialistici-territoriali\/politica-e-sanita\/news-52565.html?xrtd=YRVCLPSTRVSPVTSLCPLTCS\" target=\"_blank\" rel=\"noopener\">Marted\u00ec, 30 Settembre 2014 \u2013 Doctor33<\/a><\/i><\/p>\n<p><img loading=\"lazy\" decoding=\"async\" class=\"alignleft\" alt=\"\" src=\"http:\/\/www.fog.it\/fogliani\/giancarlo\/AIFA_logo.jpg\" width=\"429\" height=\"86\" \/>Il piano terapeutico non \u00e8 pi\u00f9 solo una \u201cgabbia\u201d per la prescrizione del medico di famiglia, ma ne diventa una modalit\u00e0 prescrittiva. L\u2019Agenzia del Farmaco Aifa ha deciso che 2000 medici di famiglia possono entrare nel novero dei clinici in grado di identificare i pazienti eleggibili per terapie complesse che richiedano il \u201cpiano\u201d, da sempre appannaggio dello specialista. E ha scritto alle associazioni sindacali e scientifiche di categoria perch\u00e9 le diano una mano nel reclutamento dei clinici che sperimenteranno la prescrizione prevalentemente di farmaci specialistici utilizzati sul territorio: non tanto antitumorali di seconda linea quindi, quanto \u2013 si immagina \u2013 antidiabetici e anticoagulanti orali.<\/p>\n<p>I medici devono segnalarsi compilando un apposito format on line. La conquista \u00e8 epocale, i medici di famiglia potranno prescrivere farmaci sui quali non hanno mai avuto potere decisionale, e l\u2019Aifa avr\u00e0 la possibilit\u00e0 di monitorare in tempo reale la correttezza delle prescrizioni e la loro efficacia dal momento che tutta la comunicazione avviene via web\u00bb, spiega Marco Cambielli, medico di famiglia vicepresidente della societ\u00e0 scientifica Snamid.<\/p>\n<p>Ma l\u2019empowerment del medico di famiglia potrebbe coincidere anche con pi\u00f9 diritti per i pazienti. \u00abIn questi anni per i farmaci soprattutto del territorio si \u00e8 creato un doppio canale di trattamento: chi stava vicino a un ospedale o poteva concedersi un rapporto assiduo con lo specialista aveva pi\u00f9 probabilit\u00e0 di fruire di medicinali prescritti con piano terapeutico, chi aveva per riferimento il medico di famiglia, se questo non era aggiornato o riteneva di non avere idonei strumenti di monitoraggio, rischiava una cura diversa, e poi era difficile mettere a confronto i risultati delle terapie\u00bb, spiega Cambielli.<\/p>\n<p>Ora che accadr\u00e0 ai medici che si segnalano entro il 15 ottobre, data di scadenza dell'&#8221;avviso&#8221; Aifa? \u00abIntanto il comitato tecnico scientifico Aifa far\u00e0 una selezione perch\u00e9, per ciascuna categoria farmacologica testata, bisogner\u00e0 che i mmg siano il pi\u00f9 possibile sparsi per il paese e in grado di sopperire a un\u2019eventuale lontananza dallo specialista o dal centro ospedaliero. Per i prescelti sar\u00e0 prevista una formazione ad hoc che consiste nella conoscenza dettagliata delle note e delle loro implicazioni\u00bb, afferma Cambielli che \u00e8 anche membro del gruppo consultivo Aifa della medicina generale insieme a Walter Marrocco (Fimmg) e Saffi-Ettore Giustini (Simg). Ho una sola preoccupazione: \u00e8 importante che tutti i colleghi validi partecipino, e capisco che non \u00e8 semplice data l\u2019alta quantit\u00e0 di carichi di lavoro pendenti su ciascuno di noi in questa fase storica, ma la posta in palio \u00e8 ridare alla medicina generale la dignit\u00e0 che le spetta\u00bb.<\/p>","protected":false},"excerpt":{"rendered":"<p>Il piano terapeutico non \u00e8 pi\u00f9 solo una \u201cgabbia\u201d per la prescrizione del medico di famiglia, ma ne diventa una modalit\u00e0 prescrittiva. L\u2019Agenzia del Farmaco Aifa ha deciso che 2000 medici di famiglia possono entrare nel novero dei clinici che richiedano il \u201cpiano\u201d, da sempre appannaggio dello specialista. Marted\u00ec, 30 Settembre 2014 \u2013 Doctor33 Il &hellip;<\/p>","protected":false},"author":4,"featured_media":3757,"comment_status":"closed","ping_status":"closed","sticky":false,"template":"","format":"standard","meta":{"footnotes":""},"categories":[1],"tags":[30],"class_list":["post-3754","post","type-post","status-publish","format-standard","has-post-thumbnail","hentry","category-notizie","tag-ricette"],"amp_enabled":true,"_links":{"self":[{"href":"https:\/\/www.fedaiisf.it\/en\/wp-json\/wp\/v2\/posts\/3754","targetHints":{"allow":["GET"]}}],"collection":[{"href":"https:\/\/www.fedaiisf.it\/en\/wp-json\/wp\/v2\/posts"}],"about":[{"href":"https:\/\/www.fedaiisf.it\/en\/wp-json\/wp\/v2\/types\/post"}],"author":[{"embeddable":true,"href":"https:\/\/www.fedaiisf.it\/en\/wp-json\/wp\/v2\/users\/4"}],"replies":[{"embeddable":true,"href":"https:\/\/www.fedaiisf.it\/en\/wp-json\/wp\/v2\/comments?post=3754"}],"version-history":[{"count":0,"href":"https:\/\/www.fedaiisf.it\/en\/wp-json\/wp\/v2\/posts\/3754\/revisions"}],"wp:featuredmedia":[{"embeddable":true,"href":"https:\/\/www.fedaiisf.it\/en\/wp-json\/wp\/v2\/media\/3757"}],"wp:attachment":[{"href":"https:\/\/www.fedaiisf.it\/en\/wp-json\/wp\/v2\/media?parent=3754"}],"wp:term":[{"taxonomy":"category","embeddable":true,"href":"https:\/\/www.fedaiisf.it\/en\/wp-json\/wp\/v2\/categories?post=3754"},{"taxonomy":"post_tag","embeddable":true,"href":"https:\/\/www.fedaiisf.it\/en\/wp-json\/wp\/v2\/tags?post=3754"}],"curies":[{"name":"wp","href":"https:\/\/api.w.org\/{rel}","templated":true}]}}