{"id":37949,"date":"2018-08-31T13:31:10","date_gmt":"2018-08-31T11:31:10","guid":{"rendered":"https:\/\/www.fedaiisf.it\/?p=37949"},"modified":"2018-10-16T17:14:43","modified_gmt":"2018-10-16T15:14:43","slug":"false-notizie-vaccini-potrebbero-provocare-una-mutazione-genetica","status":"publish","type":"post","link":"https:\/\/www.fedaiisf.it\/en\/false-notizie-vaccini-potrebbero-provocare-una-mutazione-genetica\/","title":{"rendered":"Fake news. Vaccines: could they cause a genetic mutation?"},"content":{"rendered":"<p><em>Riportiamo alcuni stralci dell&#8217;articolo &#8220;V<a href=\"https:\/\/www.notizieora.it\/salute-benessere\/vaccini-potrebbero-provocare-una-mutazione-genetica\/\" target=\"_blank\" rel=\"noopener\">accini: potrebbero provocare una mutazione genetica?<\/a>&#8221; comparso il 29 agosto, al cui testo integrale rimandiamo.<\/em><\/p>\n<hr \/>\n<p>In un articolo di <strong>Harold E. Buttram, MD;\u00a0Susan Kreider, RN;\u00a0Alan R. Yurko si sostiene che la scienza sa veramente poco su quanto i vaccini possano interagine con l\u2019immunologia e la genetica umana.<\/strong><\/p>\n<p><strong><a href=\"https:\/\/www.fedaiisf.it\/wp-content\/uploads\/2014\/09\/bufala-sul-web.jpg\"><img loading=\"lazy\" decoding=\"async\" class=\"wp-image-2915 alignright\" src=\"https:\/\/www.fedaiisf.it\/wp-content\/uploads\/2014\/09\/bufala-sul-web.jpg\" alt=\"\" width=\"393\" height=\"227\" srcset=\"https:\/\/www.fedaiisf.it\/wp-content\/uploads\/2014\/09\/bufala-sul-web.jpg 500w, https:\/\/www.fedaiisf.it\/wp-content\/uploads\/2014\/09\/bufala-sul-web-300x173.jpg 300w\" sizes=\"auto, (max-width: 393px) 100vw, 393px\" \/><\/a>L\u2019articolo in questione analizza il lavoro di 3 ricercatori, J<\/strong>ohn Martin, PhD, MD, Howard B Urnovitz, PhD e Dr. MG Montinari, che mostrano prove abbastanza convincenti sul fatto che si siano riscontrati cambiamenti genetici in pazienti in cui le reazioni vaccinali sembrano essere coinvolte. Anche se non ci sono prove che le reazioni vaccinali siano la causa del cambiamento genetico in questione vale la pena analizzare il lavoro dei ricercatori al riguardo.<\/p>\n<p>&#8230; (omissis) &#8230;<\/p>\n<p>Un certo numero di anni fa, il dott. HH Fudenberg, immunologo di fama mondiale con centinaia di pubblicazioni al suo attivo, fece i seguenti commenti: \u201cUn vaccino diminuisce l\u2019immunit\u00e0 cellulo-mediata del 50%, due vaccini del 70% \u2026 tutto i vaccini tripli (MMR, DTaP) compromettono marcatamente l\u2019immunit\u00e0 cellulo-mediata, che predispone a infezioni virali ricorrenti, in particolare l\u2019otite media, nonch\u00e9 infezioni da lieviti e funghi. \u201c<\/p>\n<p>&#8230; (omissis) &#8230;<\/p>\n<h3>Cosa sostiene lo studio?<\/h3>\n<p>Il nostro corpo ha memoria genetica delle sostanze estranee che incontra, compresi i vaccini, ma c\u2019\u00e8 anche un limite alle sostanze estranee che il nostro corpo pu\u00f2 gestire prima che si manifesti un danno genetico. Da tenere presente che il limite cambia da persona a persona.<\/p>\n<p>Sebbene Urnovitz non abbia approfondito la questione della \u201cmemoria genetica\u201d, il suo riferimento ad essa pu\u00f2 essere interpretato come una deduzione che i modelli genetici che ereditiamo dai nostri genitori sono influenzati e potenzialmente modificati nell\u2019adattamento alle esposizioni ambientali durante la nostra vita.<\/p>\n<hr \/>\n<p>Commento<\/p>\n<h3><em>Premessa<\/em><\/h3>\n<p><em>Nell&#8217;articolo si sostiene che pi\u00f9 vaccini (cio\u00e8 antigeni) si fanno pi\u00f9 si &#8220;esaurisce&#8221; l\u2019immunit\u00e0 cellulo-mediata (quella dei linfociti T) perch\u00e9 &#8220;c\u2019\u00e8 anche un limite alle sostanze estranee che il nostro corpo pu\u00f2 gestire&#8221;.<\/em><\/p>\n<p><em>I linfociti sono divisi in due sottopopolazioni: quelli derivati dal timo (cellule T) e quelli derivati dal midollo osseo (cellule B). I linfociti sono ripartiti in cloni e ogni clone si specializza nel riconoscimento di un Antigene (Ag) specifico per mezzo del suo recettore per l&#8217;Ag. Poich\u00e9 il numero degli Ag \u00e8 potenzialmente illimitato, questa specializzazione sembrerebbe gravare il sistema immunitario di un carico eccessivo, ma il complesso problema di dover provvedere a un numero infinito di cloni altamente specifici viene risolto grazie alla capacit\u00e0 dei geni per il recettore antigenico dei linfociti di riarrangiarsi in una serie di combinazioni pressoch\u00e9 illimitate. Ogni giorno ogni essere umano viene in contatto con migliaia di antigeni, senza con questo &#8220;esaurirsi&#8221;. Si cosideri per esempio che <span class=\"entry-content\">10 vaccini contengono circa 200 antigeni mentre quando una zanzara punge ne trasmette decine di migliaia<\/span><br \/>\n<\/em><\/p>\n<h3><em>Gli autori<\/em><\/h3>\n<p><em><strong>John Martin<\/strong>, PhD, MD radiato dall\u2019ordine per aver falsificato lavori per dimostrare un inesistente &#8220;Stealth Virus&#8221;<\/em><\/p>\n<div>\n<p><em><strong>Howard B Urnovitz<\/strong>, PhD \u00e8 fondatore e capo del settore Scienza e Strategia di Chronix Biomedical, Inc. Sostiene che l&#8217;HIV-1, il virus associato all&#8217;AIDS, \u00e8 un virus ibrido scimmia\/umano formatosi quando a 320.000 Africani, furono somministrati vaccini vivi antipolio sperimentali per via orale tra il 1957 e il 1959. Secondo lui sembra che normali retrovirus endogeni trovati in vacche, scimmie, roditori e uccelli, abbiano l&#8217;abilit\u00e0 di ricombinarsi con frammenti di altri virus in altre specie, uomo incluso, e formare nuovi virus chiamati chimere, praticamente nel corso di una notte. Il Dr Urnovitz pensa che \u00e8 a causa di questi virus ibridi che molti Americani soffrono ora di malattie autoimmuni che impiegano dai 20 ai 40 anni a svilupparsi.\u00a0 Ed aggiunge anche che\u2026. &#8220;vi \u00e8 una forte probabilit\u00e0 che non esistessero retro virus umani prima dei vaccini antipolio.&#8221; (Estratto da The Vaccine Reaction, aprile 1996, pubblicato dal National Vaccine Information <a href=\"https:\/\/www.fedaiisf.it\/wp-content\/uploads\/2014\/11\/vaccini5.jpg\"><img loading=\"lazy\" decoding=\"async\" class=\"wp-image-5588 alignleft\" src=\"https:\/\/www.fedaiisf.it\/wp-content\/uploads\/2014\/11\/vaccini5.jpg\" alt=\"\" width=\"486\" height=\"254\" srcset=\"https:\/\/www.fedaiisf.it\/wp-content\/uploads\/2014\/11\/vaccini5.jpg 745w, https:\/\/www.fedaiisf.it\/wp-content\/uploads\/2014\/11\/vaccini5-300x157.jpg 300w\" sizes=\"auto, (max-width: 486px) 100vw, 486px\" \/><\/a>Center.)<\/em><\/p>\n<p><em><strong>Dr. MG Montinari<\/strong>, dirigente l\u2019ufficio sanitario della polizia dell\u2019VIII reparto mobile di Firenze, ha fino ad oggi in cura migliaia di pazienti fra cui oltre 6.000 malati di \u201cautismo da Vaccino\u201d. \u00c8 stato sospeso per sei mesi dall\u2019Ordine dei medici dopo che aveva pubblicato un libro nel quale presentava il suo metodo per curare l&#8217;autismo senza alcuna prova scientifica con integratori e prodotti omotossicologici (simili a quelli omeopatici). Prescrive anche alcuni prodotti brevettati da lui stesso, prodotti da una casa farmaceutica di Napoli. La moglie si occupa del laboratorio di analisi e della contabilit\u00e0. Si \u00e8 specializzato nella consulenze delle famiglie nelle battaglie legali contro le aziende farmaceutiche.<\/em><\/p>\n<p><em><strong>Dr. HH Fudenberg<\/strong>, radiato dall\u2019Ordine dei Medici della Carolina del Sud nel 1995 per uso di stupefacenti. Fudenberg ha pubblicato una sua ricerca nella rivista Brief Biotherapy (ora interrotta) nel 1996, in cui concludeva che &#8220;Quindici dei pazienti [True Autism] hanno sviluppato sintomi di autismo entro una settimana dall&#8217;immunizzazione con il vaccino [MMR]. Questo lavoro \u00e8 stato citato da Andrew Wakefield radiato per aver pubblicato su Lancet nel 1998 un falso studio che metteva in correlazione vaccini con autismo, &#8220;la beffa medica pi\u00f9 dannosa degli ultimi 100 anni&#8221;. Il lavoro di Wakefield doveva servire da supporto scientifico per chiedere danni miliardari alle aziende produttrici di vaccini.<br \/>\n<\/em><\/p>\n<p><em>Ogni altro commento ci sembra superfluo.<\/em><\/p>\n<p>Notizie correlate: <a href=\"https:\/\/thevision.com\/scienza\/mappa-no-vax-mondo\/\" target=\"_blank\" rel=\"noopener\">Mappa sui danni causati dai movimenti antivaccinisti<\/a>.<\/p>\n<p class=\"entry-title \"><a href=\"https:\/\/portale.fnomceo.it\/contro-le-fake-news-in-sanita-e-partita-una-campagna-sugli-autobus-cittadini-a-parma\/\" target=\"_blank\" rel=\"noopener\">Contro le fake news in sanit\u00e0 \u00e8 partita una campagna sugli autobus cittadini a Parma<\/a><\/p>\n<\/div>\n<div><\/div>\n","protected":false},"excerpt":{"rendered":"<p>Riportiamo alcuni stralci dell&#8217;articolo &#8220;Vaccini: potrebbero provocare una mutazione genetica?&#8221; comparso il 29 agosto, al cui testo integrale rimandiamo. In un articolo di Harold E. Buttram, MD;\u00a0Susan Kreider, RN;\u00a0Alan R. Yurko si sostiene che la scienza sa veramente poco su quanto i vaccini possano interagine con l\u2019immunologia e la genetica umana. L\u2019articolo in questione analizza &hellip;<\/p>","protected":false},"author":4,"featured_media":9605,"comment_status":"closed","ping_status":"closed","sticky":false,"template":"","format":"standard","meta":{"footnotes":""},"categories":[1],"tags":[39],"class_list":["post-37949","post","type-post","status-publish","format-standard","has-post-thumbnail","hentry","category-notizie","tag-vaccini"],"amp_enabled":true,"_links":{"self":[{"href":"https:\/\/www.fedaiisf.it\/en\/wp-json\/wp\/v2\/posts\/37949","targetHints":{"allow":["GET"]}}],"collection":[{"href":"https:\/\/www.fedaiisf.it\/en\/wp-json\/wp\/v2\/posts"}],"about":[{"href":"https:\/\/www.fedaiisf.it\/en\/wp-json\/wp\/v2\/types\/post"}],"author":[{"embeddable":true,"href":"https:\/\/www.fedaiisf.it\/en\/wp-json\/wp\/v2\/users\/4"}],"replies":[{"embeddable":true,"href":"https:\/\/www.fedaiisf.it\/en\/wp-json\/wp\/v2\/comments?post=37949"}],"version-history":[{"count":0,"href":"https:\/\/www.fedaiisf.it\/en\/wp-json\/wp\/v2\/posts\/37949\/revisions"}],"wp:featuredmedia":[{"embeddable":true,"href":"https:\/\/www.fedaiisf.it\/en\/wp-json\/wp\/v2\/media\/9605"}],"wp:attachment":[{"href":"https:\/\/www.fedaiisf.it\/en\/wp-json\/wp\/v2\/media?parent=37949"}],"wp:term":[{"taxonomy":"category","embeddable":true,"href":"https:\/\/www.fedaiisf.it\/en\/wp-json\/wp\/v2\/categories?post=37949"},{"taxonomy":"post_tag","embeddable":true,"href":"https:\/\/www.fedaiisf.it\/en\/wp-json\/wp\/v2\/tags?post=37949"}],"curies":[{"name":"wp","href":"https:\/\/api.w.org\/{rel}","templated":true}]}}