{"id":38027,"date":"2018-09-05T10:33:55","date_gmt":"2018-09-05T08:33:55","guid":{"rendered":"https:\/\/www.fedaiisf.it\/?p=38027"},"modified":"2018-09-05T10:33:55","modified_gmt":"2018-09-05T08:33:55","slug":"ema-istituita-una-task-force-comunitaria-per-contrastare-le-carenze","status":"publish","type":"post","link":"https:\/\/www.fedaiisf.it\/en\/ema-istituita-una-task-force-comunitaria-per-contrastare-le-carenze\/","title":{"rendered":"Ema, set up a community task force to counter the shortcomings"},"content":{"rendered":"<p>Migliorare l\u2019offerta di farmaci\u00a0 autorizzati nell\u2019Ue, eliminando i fenomeni che ne pregiudicano la disponibilit\u00e0 e ostacolano l\u2019accesso alle cure. Questo l\u2019obiettivo dichiarato della speciale task force istituita dall\u2019Ema, l\u2019agenzia regolatoria dell\u2019Unione europea, in collaborazione con le agenzie dei farmaci nazionali, rappresentanti della Commissione europea, autorit\u00e0 nazionali e altri partner.<\/p>\n<p><a href=\"https:\/\/www.fedaiisf.it\/wp-content\/uploads\/2018\/09\/ENA-task-force-carenza.png\"><img loading=\"lazy\" decoding=\"async\" class=\"wp-image-38029 alignright\" src=\"https:\/\/www.fedaiisf.it\/wp-content\/uploads\/2018\/09\/ENA-task-force-carenza.png\" alt=\"\" width=\"489\" height=\"270\" srcset=\"https:\/\/www.fedaiisf.it\/wp-content\/uploads\/2018\/09\/ENA-task-force-carenza.png 883w, https:\/\/www.fedaiisf.it\/wp-content\/uploads\/2018\/09\/ENA-task-force-carenza-300x166.png 300w, https:\/\/www.fedaiisf.it\/wp-content\/uploads\/2018\/09\/ENA-task-force-carenza-768x424.png 768w, https:\/\/www.fedaiisf.it\/wp-content\/uploads\/2018\/09\/ENA-task-force-carenza-546x300.png 546w\" sizes=\"auto, (max-width: 489px) 100vw, 489px\" \/><\/a>A darne notizia \u00e8 <a href=\"http:\/\/www.ema.europa.eu\/ema\/index.jsp?curl=pages%2Fnews_and_events%2Fnews%2F2018%2F08%2Fnews_detail_003007.jsp&amp;mid=WC0b01ac058004d5c1\" target=\"_blank\" rel=\"noopener\">una nota della stessa Ema,<\/a> precisando che nei prossimi due anni l\u2019organismo lavorer\u00e0 per prevenire, identificare e comunicare con la maggiore effficacia possibile i problemi legati alla disponibilit\u00e0 di farmaci, al fine di garantirne la fornitura continua in tutta l\u2019Unione europea. <em>\u201cLa task force svilupper\u00e0 e coordiner\u00e0<\/em>\u201d spiega l\u2019Ema <em>\u201cazioni per migliorare la prevenzione, l\u2019identificazione, la gestione e la comunicazione su questioni che possono influire sulla disponibilit\u00e0 di medicinali\u201d.<\/em><\/p>\n<p>Il prossimo atto del nuovo organismo sar\u00e0 l\u2019organizzazione di un seminario,\u00a0 l\u20198 e 9 novembre prossimi, aperto a tutti i soggetti coinvolti nel problema (autorit\u00e0 regolatorie, protagonisti della filiera del farmaco come industria, distributori e farmacisti, ma anche mondo accademico, pazienti, consumatori, operatori sanitari), che servir\u00e0 a mettere a fuoco la situazione e registrare i contributi di tutti gli stakeholders su come affrontare i problemi di disponibilit\u00e0,\u00a0 che la task force \u00e8 chiamata ad affrontare cominciando da cinque priorit\u00e0. La prima \u00e8 ovviamente quella di ridurre le interruzioni ed evitare le carenze, favorendo l\u2019approvazione e vendita di farmaci con gli strumenti regolatori oggi disponibili, auspicabilmente con tempi pi\u00f9 rapidi. Seguono la necessit\u00e0 di sviluppare strategie per migliorare la prevenzione e la gestione delle carenze causate da interruzioni nella catena di approvvigionamento, approntando ad esempio linee guida per le aziende sulla segnalazione di carenze. Ma \u00e8 anche necessario incoraggiare le migliori pratiche nelle industrie per prevenire le carenze, migliorare la condivisione di informazioni tra le autorit\u00e0 regolatorie europee per coordinare interventi nell\u2019Ue e migliorare la comunicazione sui problemi di fornitura ai cittadini europei.<\/p>\n<p>L\u2019agezia regolatoria comunitaria non manca di ricordare, in conclusione, che l\u2019uscita del Regno Unito dall\u2019Unione europea non mancher\u00e0 di produrre ricadute\u00a0 sulla disponibilit\u00e0 di farmaci all\u2019interno dell\u2019Unione: per questo la task force predisporr\u00e0 e rendere disponibile una piattaforma per facilitare e coordinare le azioni tra Stati membri, Ema e Commissione europea.<\/p>\n<p><a href=\"http:\/\/www.rifday.it\/2018\/09\/05\/ema-istituita-task-force-comunitaria-contrastare-le-carenze\/\" target=\"_blank\" rel=\"noopener\">Rif Day &#8211; 5 settembre 2018<\/a><\/p>","protected":false},"excerpt":{"rendered":"<p>Migliorare l\u2019offerta di farmaci\u00a0 autorizzati nell\u2019Ue, eliminando i fenomeni che ne pregiudicano la disponibilit\u00e0 e ostacolano l\u2019accesso alle cure. Questo l\u2019obiettivo dichiarato della speciale task force istituita dall\u2019Ema, l\u2019agenzia regolatoria dell\u2019Unione europea, in collaborazione con le agenzie dei farmaci nazionali, rappresentanti della Commissione europea, autorit\u00e0 nazionali e altri partner. A darne notizia \u00e8 una nota &hellip;<\/p>","protected":false},"author":4,"featured_media":31244,"comment_status":"closed","ping_status":"closed","sticky":false,"template":"","format":"standard","meta":{"footnotes":""},"categories":[1],"tags":[49,41],"class_list":["post-38027","post","type-post","status-publish","format-standard","has-post-thumbnail","hentry","category-notizie","tag-aifa","tag-leggisentenze"],"amp_enabled":true,"_links":{"self":[{"href":"https:\/\/www.fedaiisf.it\/en\/wp-json\/wp\/v2\/posts\/38027","targetHints":{"allow":["GET"]}}],"collection":[{"href":"https:\/\/www.fedaiisf.it\/en\/wp-json\/wp\/v2\/posts"}],"about":[{"href":"https:\/\/www.fedaiisf.it\/en\/wp-json\/wp\/v2\/types\/post"}],"author":[{"embeddable":true,"href":"https:\/\/www.fedaiisf.it\/en\/wp-json\/wp\/v2\/users\/4"}],"replies":[{"embeddable":true,"href":"https:\/\/www.fedaiisf.it\/en\/wp-json\/wp\/v2\/comments?post=38027"}],"version-history":[{"count":0,"href":"https:\/\/www.fedaiisf.it\/en\/wp-json\/wp\/v2\/posts\/38027\/revisions"}],"wp:featuredmedia":[{"embeddable":true,"href":"https:\/\/www.fedaiisf.it\/en\/wp-json\/wp\/v2\/media\/31244"}],"wp:attachment":[{"href":"https:\/\/www.fedaiisf.it\/en\/wp-json\/wp\/v2\/media?parent=38027"}],"wp:term":[{"taxonomy":"category","embeddable":true,"href":"https:\/\/www.fedaiisf.it\/en\/wp-json\/wp\/v2\/categories?post=38027"},{"taxonomy":"post_tag","embeddable":true,"href":"https:\/\/www.fedaiisf.it\/en\/wp-json\/wp\/v2\/tags?post=38027"}],"curies":[{"name":"wp","href":"https:\/\/api.w.org\/{rel}","templated":true}]}}