{"id":38055,"date":"2018-09-08T11:55:21","date_gmt":"2018-09-08T09:55:21","guid":{"rendered":"https:\/\/www.fedaiisf.it\/?p=38055"},"modified":"2018-09-08T12:08:56","modified_gmt":"2018-09-08T10:08:56","slug":"marketing-in-farmacia","status":"publish","type":"post","link":"https:\/\/www.fedaiisf.it\/en\/marketing-in-farmacia\/","title":{"rendered":"Pharmacy marketing. Ed"},"content":{"rendered":"<p><em>Su Amazon viene venduto il sottostante libro:<\/em><\/p>\n<p><a href=\"https:\/\/www.fedaiisf.it\/wp-content\/uploads\/2018\/09\/dermocosmesi-e-marketing-in-farmacia.png\"><img loading=\"lazy\" decoding=\"async\" class=\"alignnone size-full wp-image-38056\" src=\"https:\/\/www.fedaiisf.it\/wp-content\/uploads\/2018\/09\/dermocosmesi-e-marketing-in-farmacia.png\" alt=\"\" width=\"887\" height=\"701\" srcset=\"https:\/\/www.fedaiisf.it\/wp-content\/uploads\/2018\/09\/dermocosmesi-e-marketing-in-farmacia.png 887w, https:\/\/www.fedaiisf.it\/wp-content\/uploads\/2018\/09\/dermocosmesi-e-marketing-in-farmacia-300x237.png 300w, https:\/\/www.fedaiisf.it\/wp-content\/uploads\/2018\/09\/dermocosmesi-e-marketing-in-farmacia-768x607.png 768w\" sizes=\"auto, (max-width: 887px) 100vw, 887px\" \/><\/a><\/p>\n<p><a href=\"https:\/\/www.fedaiisf.it\/wp-content\/uploads\/2018\/09\/libro-dermocosmesi.png\"><img loading=\"lazy\" decoding=\"async\" class=\"size-full wp-image-38059 aligncenter\" src=\"https:\/\/www.fedaiisf.it\/wp-content\/uploads\/2018\/09\/libro-dermocosmesi.png\" alt=\"\" width=\"483\" height=\"543\" srcset=\"https:\/\/www.fedaiisf.it\/wp-content\/uploads\/2018\/09\/libro-dermocosmesi.png 483w, https:\/\/www.fedaiisf.it\/wp-content\/uploads\/2018\/09\/libro-dermocosmesi-267x300.png 267w\" sizes=\"auto, (max-width: 483px) 100vw, 483px\" \/><\/a><\/p>\n<p><em>La prima recensione che appare \u00e8 la seguente:<\/em><\/p>\n<p><a href=\"https:\/\/www.fedaiisf.it\/wp-content\/uploads\/2018\/09\/Recensione-marketing-in-farmacia.png\"><img loading=\"lazy\" decoding=\"async\" class=\"alignnone size-full wp-image-38057\" src=\"https:\/\/www.fedaiisf.it\/wp-content\/uploads\/2018\/09\/Recensione-marketing-in-farmacia.png\" alt=\"\" width=\"803\" height=\"208\" srcset=\"https:\/\/www.fedaiisf.it\/wp-content\/uploads\/2018\/09\/Recensione-marketing-in-farmacia.png 803w, https:\/\/www.fedaiisf.it\/wp-content\/uploads\/2018\/09\/Recensione-marketing-in-farmacia-300x78.png 300w, https:\/\/www.fedaiisf.it\/wp-content\/uploads\/2018\/09\/Recensione-marketing-in-farmacia-768x199.png 768w\" sizes=\"auto, (max-width: 803px) 100vw, 803px\" \/><\/a><\/p>\n<p><em>Uno degli autori cos\u00ec replica su <a href=\"http:\/\/cosmesi.farmacista33.it\/marketing-incompatibile-con-la-farmacia-forse-100-anni-fa\/#comments\" target=\"_blank\" rel=\"noopener\">farmacista33 dermocosmesi<\/a><\/em><\/p>\n<p>07 settembre 2018 ~ 2 COMMENTI<br \/>\nMarketing incompatibile con la farmacia? Forse 100 anni fa!<br \/>\nGestione reparto<\/p>\n<p>Non so se lasciare questo post vuoto e lasciarlo commentare a voi, Cari lettori. Si tratta, come potete vedere sotto, di un commento che ho trovato tra le recensioni di Amazon, sul libro reparto dermocosmetico guida all\u2019uso, il primo dei tre che insieme alla mia collega Maria Teresa Ascioti ed altri autori, abbiamo scritto come sapete sul tema dermocosmesi in farmacia.<\/p>\n<p>Mi trovo abbastanza in imbarazzo a dover rispondere a un, credo collega, il quale afferma che marketing e scienza non c\u2019entrano niente l\u2019uno con l\u2019altro. Caro collega il marketing, anche quello farmaceutico, esiste , fattene una ragione. Il marketing \u00e8 l\u2019essenza della vendita, e di vendita si parla in farmacia. Ti ricordo l\u2019articolo 21 in cui si indica che il farmacista e l\u2019imprenditore sono due figure inscindibili. Credo sia anche per questo che l\u2019onorevole Andrea Mandelli, Presidente della Fofi, ha scritto molto volentieri la prefazione a questo volume.<\/p>\n<p>E conoscendolo so per certo che anche lui crede nel settore dermocosmetico come una grande crescita per la farmacia, ma ovviamente il tutto legato al marketing, alle tecniche di vendita e, purtroppo per lei, al neuromarketing che \u00e8 un concetto molto complesso e legato al mondo della Scienza molto di pi\u00f9 di quello che lei immagina. La invito pertanto a riflettere e a leggere qualcosa sul marketing, perch\u00e9 non \u00e8 il male e di certo non \u00e8 contro la farmacia, perch\u00e9 \u00e8 anche di marketing che noi viviamo.<br \/>\nNicola Posa<\/p>\n<p><a href=\"http:\/\/www.mastertorinofarmacia.it\/images\/curriculum%20vitae\/POSA_CV.pdf\" target=\"_blank\" rel=\"noopener\"><em>Profilo dell&#8217;autore N. Posa<\/em><\/a><\/p>\n<p>Estratto del libro &#8220;<a href=\"https:\/\/www.amazon.it\/Reparto-dermocosmetico-Guida-alluso-Penazzi\/dp\/8821439208\/ref=sr_1_2?s=books&amp;ie=UTF8&amp;qid=1536397646&amp;sr=1-2&amp;keywords=dermocosmetico\" target=\"_blank\" rel=\"noopener\">Reparto dermocosmetico &#8211; guida all&#8217;uso<\/a>&#8221;<\/p>\n<p><strong>Ed<\/strong>: <em>tutto ci\u00f2 ci fa venire in mente uno dei pi\u00f9 incompetenti ministri della salute che con le sue leggi lasciava la &#8220;prescrizione&#8221; del farmaco generico al farmacista perch\u00e9 i medici sarebbero stati &#8220;interessati&#8221;.<\/em><\/p>","protected":false},"excerpt":{"rendered":"<p>Su Amazon viene venduto il sottostante libro: La prima recensione che appare \u00e8 la seguente: Uno degli autori cos\u00ec replica su farmacista33 dermocosmesi 07 settembre 2018 ~ 2 COMMENTI Marketing incompatibile con la farmacia? Forse 100 anni fa! Gestione reparto Non so se lasciare questo post vuoto e lasciarlo commentare a voi, Cari lettori. Si &hellip;<\/p>","protected":false},"author":4,"featured_media":3063,"comment_status":"closed","ping_status":"closed","sticky":false,"template":"","format":"standard","meta":{"footnotes":""},"categories":[1,48],"tags":[54,38],"class_list":["post-38055","post","type-post","status-publish","format-standard","has-post-thumbnail","hentry","category-notizie","category-note-di-redazione","tag-marketing","tag-n-d-r"],"amp_enabled":true,"_links":{"self":[{"href":"https:\/\/www.fedaiisf.it\/en\/wp-json\/wp\/v2\/posts\/38055","targetHints":{"allow":["GET"]}}],"collection":[{"href":"https:\/\/www.fedaiisf.it\/en\/wp-json\/wp\/v2\/posts"}],"about":[{"href":"https:\/\/www.fedaiisf.it\/en\/wp-json\/wp\/v2\/types\/post"}],"author":[{"embeddable":true,"href":"https:\/\/www.fedaiisf.it\/en\/wp-json\/wp\/v2\/users\/4"}],"replies":[{"embeddable":true,"href":"https:\/\/www.fedaiisf.it\/en\/wp-json\/wp\/v2\/comments?post=38055"}],"version-history":[{"count":0,"href":"https:\/\/www.fedaiisf.it\/en\/wp-json\/wp\/v2\/posts\/38055\/revisions"}],"wp:featuredmedia":[{"embeddable":true,"href":"https:\/\/www.fedaiisf.it\/en\/wp-json\/wp\/v2\/media\/3063"}],"wp:attachment":[{"href":"https:\/\/www.fedaiisf.it\/en\/wp-json\/wp\/v2\/media?parent=38055"}],"wp:term":[{"taxonomy":"category","embeddable":true,"href":"https:\/\/www.fedaiisf.it\/en\/wp-json\/wp\/v2\/categories?post=38055"},{"taxonomy":"post_tag","embeddable":true,"href":"https:\/\/www.fedaiisf.it\/en\/wp-json\/wp\/v2\/tags?post=38055"}],"curies":[{"name":"wp","href":"https:\/\/api.w.org\/{rel}","templated":true}]}}