{"id":3828,"date":"2014-10-01T18:54:09","date_gmt":"2014-10-01T16:54:09","guid":{"rendered":"http:\/\/www.fedaiisf.it\/?p=3828"},"modified":"2014-10-02T20:20:12","modified_gmt":"2014-10-02T18:20:12","slug":"ortolani-fonchim-tfr-si-pensa-uovo-oggi-non-gallina-domani","status":"publish","type":"post","link":"https:\/\/www.fedaiisf.it\/en\/ortolani-fonchim-tfr-si-pensa-uovo-oggi-non-gallina-domani\/","title":{"rendered":"Ortolani (Fonchim), on severance pay we think of an egg today and not a chicken tomorrow"},"content":{"rendered":"<p><i>E significa rendere pi\u00f9 poveri i lavoratori che andranno in pensione. Quella della previdenza complementare, ricorda Ortolani, &#8220;\u00e8 una realt\u00e0 importante con 6 milioni di iscritti e un patrimonio di 121 mld complessivo<\/i><b><i><\/i><\/b><\/p>\n<p><b><i><a href=\"http:\/\/www.adnkronos.com\/soldi\/lavoro\/2014\/10\/01\/ortolani-fonchim-tfr-pensa-uovo-oggi-non-gallina-domani_KAFaV8AJ2KUaSc3o5xNGRJ.html\" target=\"_blank\" rel=\"noopener\">Articolo pubblicato il: 01\/10\/2014 &#8211; adnkronos<\/a><\/i><\/b><\/p>\n<p><img loading=\"lazy\" decoding=\"async\" class=\"alignleft\" alt=\"\" src=\"http:\/\/www.stralciando.com\/wp-content\/uploads\/2011\/10\/gallina.jpg\" width=\"140\" height=\"169\" \/><span style=\"color: #000000;\">Anticipare il Tfr in busta paga significa &#8220;pensare all&#8217;uovo oggi e non alla gallina di domani e significa rendere pi\u00f9 poveri i lavoratori che andranno in pensione&#8221;. E&#8217; netto il giudizio di Fabio Ortolani, presidente di<\/span> <a href=\"http:\/\/www.fonchim.it\/index.php?lang=it\" target=\"_blank\" rel=\"noopener\">Fonchim<\/a>, <span style=\"color: #000000;\">Fondo di previdenza complementare per i lavoratori dell&#8217;industria chimica e farmaceutica e dei settori affini, che parlando con Labitalia aggiunge: &#8220;Ritengo estremamente azzardate le intenzioni del governo Renzi di rendere disponibile il tfr perch\u00e9 metterebbero a rischio il futuro pensionistico degli italiani che hanno scelto o sceglieranno la previdenza complementare quale strumento di sostenibilit\u00e0 post lavorativa e renderebbero difficile la liquidit\u00e0 in molte imprese medio-piccole&#8221;.<\/span><\/p>\n<p><span style=\"color: #000000;\">&#8220;I fondi pensione -aggiunge Ortolani, che \u00e8 stato membro della Commissione di Vigilanza Covip per 7 anni- sono stati introdotti e normati per garantire ai lavoratori una pensione complementare che si aggiunga a quella obbligatoria, che di fatto non \u00e8 pi\u00f9 in grado di garantire un contributo adeguato ai futuri pensionati: il tasso di sostituzione post lavorativo si aggira infatti intorno al 55\/60% dell&#8217;ultima retribuzione&#8221;.<\/span><\/p>\n<p><span style=\"color: #000000;\">&#8220;Togliere una delle forme di finanziamento dei fondi pensione, il Tfr appunto, e lasciare solo la contribuzione del datore di lavoro e quella volontaria del lavoratore, ridurrebbe drasticamente il montante a disposizione -osserva Ortolani- con enormi riduzioni dell\u2019assegno versato dopo il pensionamento e nei fatti annullandolo&#8221;.<\/span><\/p>\n<p><span style=\"color: #000000;\"><img loading=\"lazy\" decoding=\"async\" class=\"alignright\" alt=\"\" src=\"http:\/\/www.previnforma.it\/lab\/wp-content\/uploads\/2012\/05\/ortolani_fonchim.jpg\" width=\"200\" height=\"150\" \/>Quella della previdenza complementare, ricorda Ortolani, &#8220;\u00e8 una realt\u00e0 importante con 6 milioni di iscritti e un patrimonio di 121 mld complessivo tra fondi negoziali, fondi aperti e pip&#8221;. Patrimonio composto &#8220;anche da 24 miliardi di Titoli di Stato come Bot e Cct e da 2,5m miliardi di obbligazioni e titoli azionari&#8221;, aggiunge.<\/span><\/p>\n<p><span style=\"color: #000000;\">Una ricchezza che, tramite i gestori, dice, &#8220;potrebbe anche essere investita nell&#8217;economia reale delle pmi se ci fosse una garanzia dello Stato su quelle attivit\u00e0&#8221;. Ma quest&#8217;ipotesi di passare dagli investimenti finanziari agli investimenti &#8216;reali&#8217;, avverte, &#8220;non si pu\u00f2 assolutamente realizzare se si blocca l&#8217;afferenza del tfr, che alimenta una parte consistente della previdenza complementare&#8221;.<\/span><\/p>\n<p><span style=\"color: #000000;\">Ortolani sottolinea &#8220;che ancora una volta il governo italiano, per trovare soluzioni alla difficile situazione economica, pensa di mettere mano al futuro dei lavoratori italiani, che sono le vittime di questa condizione&#8221;. &#8220;E\u2019 successo con le varie riforme pensionistiche, ultima quella messa in atto da Elsa Fornero, che ridurranno drasticamente il contributo ai futuri pensionati e potrebbe succedere -conclude- nuovamente con i fondi pensione&#8221;.<\/span><\/p>\n<p>&nbsp;<\/p>","protected":false},"excerpt":{"rendered":"<p>E significa rendere pi\u00f9 poveri i lavoratori che andranno in pensione. Quella della previdenza complementare, ricorda Ortolani, &#8220;\u00e8 una realt\u00e0 importante con 6 milioni di iscritti e un patrimonio di 121 mld complessivo Articolo pubblicato il: 01\/10\/2014 &#8211; adnkronos Anticipare il Tfr in busta paga significa &#8220;pensare all&#8217;uovo oggi e non alla gallina di domani &hellip;<\/p>","protected":false},"author":4,"featured_media":3830,"comment_status":"closed","ping_status":"closed","sticky":false,"template":"","format":"standard","meta":{"footnotes":""},"categories":[1],"tags":[44],"class_list":["post-3828","post","type-post","status-publish","format-standard","has-post-thumbnail","hentry","category-notizie","tag-sindacati"],"amp_enabled":true,"_links":{"self":[{"href":"https:\/\/www.fedaiisf.it\/en\/wp-json\/wp\/v2\/posts\/3828","targetHints":{"allow":["GET"]}}],"collection":[{"href":"https:\/\/www.fedaiisf.it\/en\/wp-json\/wp\/v2\/posts"}],"about":[{"href":"https:\/\/www.fedaiisf.it\/en\/wp-json\/wp\/v2\/types\/post"}],"author":[{"embeddable":true,"href":"https:\/\/www.fedaiisf.it\/en\/wp-json\/wp\/v2\/users\/4"}],"replies":[{"embeddable":true,"href":"https:\/\/www.fedaiisf.it\/en\/wp-json\/wp\/v2\/comments?post=3828"}],"version-history":[{"count":0,"href":"https:\/\/www.fedaiisf.it\/en\/wp-json\/wp\/v2\/posts\/3828\/revisions"}],"wp:featuredmedia":[{"embeddable":true,"href":"https:\/\/www.fedaiisf.it\/en\/wp-json\/wp\/v2\/media\/3830"}],"wp:attachment":[{"href":"https:\/\/www.fedaiisf.it\/en\/wp-json\/wp\/v2\/media?parent=3828"}],"wp:term":[{"taxonomy":"category","embeddable":true,"href":"https:\/\/www.fedaiisf.it\/en\/wp-json\/wp\/v2\/categories?post=3828"},{"taxonomy":"post_tag","embeddable":true,"href":"https:\/\/www.fedaiisf.it\/en\/wp-json\/wp\/v2\/tags?post=3828"}],"curies":[{"name":"wp","href":"https:\/\/api.w.org\/{rel}","templated":true}]}}