{"id":38287,"date":"2018-09-21T19:16:12","date_gmt":"2018-09-21T17:16:12","guid":{"rendered":"https:\/\/www.fedaiisf.it\/?p=38287"},"modified":"2018-09-23T10:14:37","modified_gmt":"2018-09-23T08:14:37","slug":"ddl-autonomia-regioni-fnomceo-il-ministro-grillo-vigili-perche-il-nostro-ssn-non-sia-fatto-a-pezzi","status":"publish","type":"post","link":"https:\/\/www.fedaiisf.it\/en\/ddl-autonomia-regioni-fnomceo-il-ministro-grillo-vigili-perche-il-nostro-ssn-non-sia-fatto-a-pezzi\/","title":{"rendered":"Ddl autonomia Regioni. Fnomceo: \u201cIl Ministro Grillo vigili perch\u00e9 il nostro SSN non sia fatto a pezzi\u201d"},"content":{"rendered":"<h2><span style=\"color: #000080;\"><strong>Anelli, Fnomceo: \u201cIl Ministro Grillo vigili perch\u00e9 il nostro Servizio Sanitario Nazionale non sia fatto a pezzi\u201d<\/strong><\/span><\/h2>\n<p><strong>\u00a0<\/strong><em>\u201cChiediamo l\u2019intervento<strong>\u00a0<\/strong>del Ministro della Salute Giulia Grillo per sventare ogni possibile tentativo<strong>\u00a0<\/strong>Of<strong>\u00a0<\/strong>smantellare il nostro Servizio Sanitario Nazionale. Siamo in partenza per Venezia, per festeggiare, sabato e domenica, i quarant\u2019anni dalla sua istituzione. Non vorremmo dover celebrare, al posto di un compleanno, un funerale\u201d.<\/em><\/p>\n<p><a href=\"https:\/\/www.fedaiisf.it\/wp-content\/uploads\/2018\/09\/Erika-Stefani-Ministro-alle-Regioni-Lega.png\"><img loading=\"lazy\" decoding=\"async\" class=\"wp-image-38288 alignright\" src=\"https:\/\/www.fedaiisf.it\/wp-content\/uploads\/2018\/09\/Erika-Stefani-Ministro-alle-Regioni-Lega.png\" alt=\"\" width=\"395\" height=\"285\" srcset=\"https:\/\/www.fedaiisf.it\/wp-content\/uploads\/2018\/09\/Erika-Stefani-Ministro-alle-Regioni-Lega.png 473w, https:\/\/www.fedaiisf.it\/wp-content\/uploads\/2018\/09\/Erika-Stefani-Ministro-alle-Regioni-Lega-300x216.png 300w\" sizes=\"auto, (max-width: 395px) 100vw, 395px\" \/><\/a>\u00c8 preoccupato Filippo\u00a0<strong>Rings<\/strong>, presidente della Federazione nazionale degli Ordini dei Medici Chirurghi e degli Odontoiatri, dalle dichiarazioni del Ministro per gli Affari Regionali e le autonomie Erika\u00a0<strong>Stefani<\/strong> \u2013\u00a0rilasciate in Audizione davanti alle commissioni riunite Affari costituzionali di Camera e Senato e in interviste a organi di Stampa \u2013 secondo le quali sarebbe pronto per essere presentato entro ottobre in Consiglio dei Ministri un disegno di Legge per conferire alle Regioni che ne facciano richiesta autonomie sulle materie di competenza. Tra queste, per molte Regioni, ci sarebbe la Sanit\u00e0.<\/p>\n<p><em>\u201cNon abbiamo ovviamente ancora letto il testo del progetto di legge sul cosiddetto \u2018regionalismo differenziato\u2019 \u2013\u00a0<\/em>soggiunge\u00a0<strong>Rings<\/strong><em>\u00a0\u2013 ma possiamo anticipare alcune riflessioni su quanto dichiarato dal Ministro Stefani\u201d.<\/em><\/p>\n<p><em>\u201cLa Legge 833 del 1978 ha sancito la nascita del nostro Servizio Sanitario Nazionale, fondandolo su alcuni principi fondamentali, tra cui l\u2019universalismo e la solidariet\u00e0 \u2013\u00a0<\/em>explains<em>\u00a0-. Ci\u00f2 significa che a tutti i cittadini va garantita la Salute nello stesso modo, negli stessi termini, con uguali diritti, in ossequio agli articoli 3 e 32 della nostra Costituzione. E vuol dire anche che se un cittadino, o una Regione, si trovano in difficolt\u00e0, gli altri cittadini, le altre Regioni devono adoperarsi per aiutarli. Un sistema, dunque, concepito come organico, flessibile, solidaristico\u201d.<\/em><\/p>\n<p><em><a href=\"https:\/\/www.fedaiisf.it\/wp-content\/uploads\/2018\/09\/Costituzione-Art.32-diritto-alla-salute.jpg\"><img loading=\"lazy\" decoding=\"async\" class=\"wp-image-38214 alignleft\" src=\"https:\/\/www.fedaiisf.it\/wp-content\/uploads\/2018\/09\/Costituzione-Art.32-diritto-alla-salute.jpg\" alt=\"\" width=\"440\" height=\"330\" srcset=\"https:\/\/www.fedaiisf.it\/wp-content\/uploads\/2018\/09\/Costituzione-Art.32-diritto-alla-salute.jpg 638w, https:\/\/www.fedaiisf.it\/wp-content\/uploads\/2018\/09\/Costituzione-Art.32-diritto-alla-salute-300x225.jpg 300w\" sizes=\"auto, (max-width: 440px) 100vw, 440px\" \/><\/a>\u201cOrbene \u2013 ipotizza \u2013 nel momento in cui le Regioni fossero completamente autonome, questa flessibilit\u00e0 verrebbe meno. Il Ministro Stefani ha infatti dichiarato che la riforma si far\u00e0 senza \u2018<\/em>alcun aggravio sulla finanza pubblica: tutto sar\u00e0 declinato in base al costo storico dello Stato regionalizzato per le materie trasferite\u2019.\u00a0<em>Ma cosa significa questo? Che ogni Regione si organizzer\u00e0 secondo i suoi bilanci ma, se un\u2019altra Regione dovesse essere in difficolt\u00e0, il sistema, diventato rigido e a comparti stagni, non sarebbe pi\u00f9 solidaristico e collasserebbe<\/em>\u201d.<\/p>\n<p><em>\u201cSolo pochi mesi fa la Cimo, uno dei pi\u00f9 grandi Sindacati medici, ha lanciato una proposta: il\u00a0passaggio di tutto il personale della sanit\u00e0 alle dirette dipendenze del Ministero della Salute<\/em>\u00a0\u2013 aggiunge ancora\u00a0<strong>Rings<\/strong>\u00a0\u2013\u00a0<em>per dare uniformit\u00e0 di trattamento su tutto il territorio nazionale. E noi vogliamo creare disuguaglianze tra i nostri pazienti, tra i nostri cittadini?\u201d.<\/em><\/p>\n<p>\u201c<em>Diciamolo a chiare lettere: il trasferimento di competenze, se condotto in maniera cos\u00ec netta \u2013 lo definirei quasi uno scippo \u2013 confligge con la visione unitaria del servizio Sanitario Nazionale, e con gli articoli 3 e 32 della Costituzione. La Costituzione non si pu\u00f2 applicare a pezzi! Per questo chiediamo, sul tema che pi\u00f9 di ogni altro le compete, la Salute di tutti i cittadini, un intervento forte del Ministro Grillo, perch\u00e9 non vada in frantumi un Servizio sanitario che tutto il mondo ci invidia<\/em>\u201d.<\/p>\n<p><strong><em>\u00a0<\/em><\/strong><strong><em>Fnomceo Press Office<br \/>\n<u><a href=\"mailto:informazione@fnomceo.it\">informazione@fnomceo.it<\/a><\/u><\/em><\/strong><\/p>\n<p>Related news: <a href=\"http:\/\/www.quotidianosanita.it\/governo-e-parlamento\/articolo.php?articolo_id=65739\" target=\"_blank\" rel=\"noopener\">Sta per compiersi una controriforma istituzionale e la sanit\u00e0 sta a guardare<\/a><\/p>","protected":false},"excerpt":{"rendered":"<p>Anelli, Fnomceo: \u201cIl Ministro Grillo vigili perch\u00e9 il nostro Servizio Sanitario Nazionale non sia fatto a pezzi\u201d \u00a0\u201cChiediamo l\u2019intervento\u00a0del Ministro della Salute Giulia Grillo per sventare ogni possibile tentativo\u00a0di\u00a0smantellare il nostro Servizio Sanitario Nazionale. Siamo in partenza per Venezia, per festeggiare, sabato e domenica, i quarant\u2019anni dalla sua istituzione. Non vorremmo dover celebrare, al posto &hellip;<\/p>","protected":false},"author":4,"featured_media":38109,"comment_status":"closed","ping_status":"closed","sticky":false,"template":"","format":"standard","meta":{"footnotes":""},"categories":[1],"tags":[],"class_list":["post-38287","post","type-post","status-publish","format-standard","has-post-thumbnail","hentry","category-notizie"],"amp_enabled":true,"_links":{"self":[{"href":"https:\/\/www.fedaiisf.it\/en\/wp-json\/wp\/v2\/posts\/38287","targetHints":{"allow":["GET"]}}],"collection":[{"href":"https:\/\/www.fedaiisf.it\/en\/wp-json\/wp\/v2\/posts"}],"about":[{"href":"https:\/\/www.fedaiisf.it\/en\/wp-json\/wp\/v2\/types\/post"}],"author":[{"embeddable":true,"href":"https:\/\/www.fedaiisf.it\/en\/wp-json\/wp\/v2\/users\/4"}],"replies":[{"embeddable":true,"href":"https:\/\/www.fedaiisf.it\/en\/wp-json\/wp\/v2\/comments?post=38287"}],"version-history":[{"count":0,"href":"https:\/\/www.fedaiisf.it\/en\/wp-json\/wp\/v2\/posts\/38287\/revisions"}],"wp:featuredmedia":[{"embeddable":true,"href":"https:\/\/www.fedaiisf.it\/en\/wp-json\/wp\/v2\/media\/38109"}],"wp:attachment":[{"href":"https:\/\/www.fedaiisf.it\/en\/wp-json\/wp\/v2\/media?parent=38287"}],"wp:term":[{"taxonomy":"category","embeddable":true,"href":"https:\/\/www.fedaiisf.it\/en\/wp-json\/wp\/v2\/categories?post=38287"},{"taxonomy":"post_tag","embeddable":true,"href":"https:\/\/www.fedaiisf.it\/en\/wp-json\/wp\/v2\/tags?post=38287"}],"curies":[{"name":"wp","href":"https:\/\/api.w.org\/{rel}","templated":true}]}}