{"id":38465,"date":"2018-10-01T19:28:17","date_gmt":"2018-10-01T17:28:17","guid":{"rendered":"https:\/\/www.fedaiisf.it\/?p=38465"},"modified":"2018-10-01T19:31:25","modified_gmt":"2018-10-01T17:31:25","slug":"pfizer-cambio-al-vertice","status":"publish","type":"post","link":"https:\/\/www.fedaiisf.it\/en\/pfizer-cambio-al-vertice\/","title":{"rendered":"Pfizer. Change at the top"},"content":{"rendered":"<p><span id=\"result_box\" class=\"\" lang=\"it\"><span class=\"\">L&#8217;amministratore delegato di Pfizer Inc (PFE.N), Ian Read, lascer\u00e0 le redini del pi\u00f9 grande produttore di farmaci <a href=\"https:\/\/www.fedaiisf.it\/wp-content\/uploads\/2018\/10\/ian-Reed-CEO-Pfizer.png\"><img loading=\"lazy\" decoding=\"async\" class=\"wp-image-38469 alignright\" src=\"https:\/\/www.fedaiisf.it\/wp-content\/uploads\/2018\/10\/ian-Reed-CEO-Pfizer-1024x787.png\" alt=\"\" width=\"511\" height=\"393\" srcset=\"https:\/\/www.fedaiisf.it\/wp-content\/uploads\/2018\/10\/ian-Reed-CEO-Pfizer-1024x787.png 1024w, https:\/\/www.fedaiisf.it\/wp-content\/uploads\/2018\/10\/ian-Reed-CEO-Pfizer-300x231.png 300w, https:\/\/www.fedaiisf.it\/wp-content\/uploads\/2018\/10\/ian-Reed-CEO-Pfizer-768x590.png 768w, https:\/\/www.fedaiisf.it\/wp-content\/uploads\/2018\/10\/ian-Reed-CEO-Pfizer.png 1034w\" sizes=\"auto, (max-width: 511px) 100vw, 511px\" \/><\/a>statunitense al veterano Albert Bourla a gennaio, dopo otto anni passati al timone dell&#8217;\u00ecazienda, nella prospettiva di un maggiore controllo sui prezzi dei farmaci.<\/span><\/span><\/p>\n<p><span id=\"result_box\" class=\"\" lang=\"it\"><span title=\"Under Read, a Scot who joined the company in 1978, Pfizer has weathered patent expirations of several blockbusters, including cholesterol drug Lipitor, through dealmaking, expansion in emerging markets and cost cuts. \">Sotto Read, uno scozzese entrato a far parte dell&#8217;azienda nel 1978, Pfizer ha affrontato le scadenze brevettuali di numerosi\u00a0blockbusters di successo, tra cui il farmaco per il colesterolo Lipitor, attraverso operazioni di dealmaking, espansione nei mercati emergenti e tagli dei costi.<\/span><\/span><\/p>\n<p><span title=\"The company also won 30 approvals from the U.S. health regulator during his tenure.\">La societ\u00e0 ha anche ottenuto 30 approvazioni da parte del regolatore della salute degli Stati Uniti durante il suo mandato. Reed<\/span><span title=\"Read, however, failed to pull off two high-profile mega deals. \">, tuttavia, non \u00e8 riuscito a concludere due mega affari di alto profilo.<\/span><\/p>\n<p><span title=\"Pfizer walked away from buying British drugmaker AstraZeneca (AZN.L) in 2014 as the deal met with opposition from both countries over jobs and corporate tax maneuvers. \">Pfizer ha dovuto rinunciare all&#8217;acquisto la casa farmaceutica britannica AstraZeneca (AZN.L) nel 2014 poich\u00e9 l&#8217;accordo ha incontrato l&#8217;opposizione di entrambi i Paesi per quanto riguarda i posti di lavoro e le manovre societarie.<\/span><\/p>\n<p><span title=\"A move to acquire Ireland-based Allergan Plc (AGN.N) in 2016 was scuttled after a decision by the Obama administration limited benefits of a tax inversion deal. \">Una mossa per acquisire Allergan Plc (AGN.N) in Irlanda nel 2016 \u00e8 stata vanificata dopo che una decisione dell&#8217;amministrazione Obama ha limitato i benefici di un accordo di inversione fiscale.<\/span><\/p>\n<p><span title=\"\u201cNow is the right time for a leadership change and Albert is the right person to guide Pfizer through the coming era,\u201d Read, who will become executive chairman, said. \">&#8220;Ora \u00e8 il momento giusto per un cambio di leadership e Albert \u00e8 la persona giusta per guidare Pfizer attraverso nel futuro&#8221;, ha detto Read, che diventer\u00e0 presidente esecutivo.<\/span><\/p>\n<p><span title=\"Shares of the drugmaker, which have risen about 160 percent since Read took over as CEO in December 2010, were trading up nearly a percent at $44.42.\">Le quote del produttore di farmaci, che sono aumentate di circa il 160 percento da quando Read ha assunto il ruolo di CEO nel dicembre 2010, si sono scambiate a $ 44,42.<\/span><\/p>\n<p><span id=\"result_box\" class=\"\" lang=\"it\"><span class=\"\"><strong><a href=\"https:\/\/www.fedaiisf.it\/wp-content\/uploads\/2018\/10\/Albert-Bourla-nuovo-CEO-Pfizer.png\"><img loading=\"lazy\" decoding=\"async\" class=\"wp-image-38471 alignleft\" src=\"https:\/\/www.fedaiisf.it\/wp-content\/uploads\/2018\/10\/Albert-Bourla-nuovo-CEO-Pfizer.png\" alt=\"\" width=\"539\" height=\"309\" srcset=\"https:\/\/www.fedaiisf.it\/wp-content\/uploads\/2018\/10\/Albert-Bourla-nuovo-CEO-Pfizer.png 958w, https:\/\/www.fedaiisf.it\/wp-content\/uploads\/2018\/10\/Albert-Bourla-nuovo-CEO-Pfizer-300x172.png 300w, https:\/\/www.fedaiisf.it\/wp-content\/uploads\/2018\/10\/Albert-Bourla-nuovo-CEO-Pfizer-768x441.png 768w\" sizes=\"auto, (max-width: 539px) 100vw, 539px\" \/><\/a>Bourla<\/strong>, 56 anni, \u00e8 stato nominato Chief Operating Officer all&#8217;inizio di quest&#8217;anno ed \u00e8 stato ampiamente considerato il candidato principale per il lavoro di CEO.<\/span><\/span><\/p>\n<p><span class=\"\">Prima di diventare COO, ha guidato l&#8217;attivit\u00e0 Innovative Health del produttore farmaceutico, che ha registrato un fatturato di $ 31,4 miliardi nel 2017. Nel 2017 Pfizer ha realizzato entrate complessive per $ 52,5 miliardi.<\/span><\/p>\n<p><span class=\"\">&#8220;Sembra una transizione ben ponderata, quindi non sono convinto che preannuncer\u00e0 un grande cambiamento nella strategia aziendale, in particolare perch\u00e9 Ian rester\u00e0 come presidente&#8221;, ha detto l&#8217;analista di Berenberg, Alistair Campbell.<\/span><\/p>\n<p><span class=\"\">Il cambio della guardia arriva in un momento in cui l&#8217;amministrazione Trump ha esercitato pressioni sui produttori di farmaci per abbassare i costi delle prescrizione.<\/span><\/p>\n<p><span id=\"result_box\" class=\"\" lang=\"it\"><span class=\"\">Dopo una conversazione tra Read e il President Trump, Pfizer a luglio ha deciso di rinviare gli aumenti di prezzo per non pi\u00f9 di sei mesi.<\/span><\/span><\/p>\n<p>L&#8217;azienda, che ha cercato di vendere la propria attivit\u00e0 consumer healthcare negli ultimi anni, si sta preparando per la scadenza del brevetto del trattamento per malattia neurologica Lyrica, che ha raccolto $ 1,2 miliardi nelle vendite del secondo trimestre.<\/p>\n<p>&#8220;La tempistica di questa transizione ha senso data l&#8217;et\u00e0 di Reed&#8221;, ha detto Ashtyn Evans, analista di Edward Jones.<\/p>\n<p>La scorsa settimana, la rivale Merck &amp; Co Inc (MRK.N) ha detto che avrebbe modificato la politica aziendale per consentire al suo capo, Kenneth Frazier, di rimanere CEO oltre il 2019, quando era previsto che andasse in pensione.<\/p>\n<p><a href=\"https:\/\/www.reuters.com\/article\/us-pfizer-ceo\/pfizer-to-replace-longtime-ceo-read-with-veteran-bourla-idUSKCN1MB29D\" target=\"_blank\" rel=\"noopener\">Reuters &#8211; October 1, 2018\u00a0<\/a><\/p>\n<p><strong><span style=\"color: #993366;\">Note<\/span>:<\/strong> <span id=\"result_box\" class=\"\" lang=\"it\"><span class=\"\">l&#8217;indennizzo del CEO <strong>Ian Read<\/strong> per il 2017 \u00e8 $ 27,9 milioni, con un aumento del 61% rispetto all&#8217;anno precedente.<\/span><br \/>\n<span class=\"\">La paga include un premio speciale di $ 8 milioni che maturer\u00e0 se il rendimento medio delle azioni della farmaceutica supera il 25% per 30 giorni di negoziazione consecutivi prima della fine del 2022.<\/span> Reed<span class=\"\">, che compir\u00e0 65 anni a maggio, rimarr\u00e0 amministratore delegato almeno fino al prossimo marzo e non dovr\u00e0 lavorare per un concorrente per un minimo di due anni dopo aver lasciato l&#8217;incarico in Pfizer (<a href=\"https:\/\/www.bloomberg.com\/news\/articles\/2018-03-15\/pfizer-lifts-ceo-s-pay-61-to-27-9-million-with-retention-bonus\" target=\"_blank\" rel=\"noopener\">source Bloomberg<\/a>).<\/span><\/span><\/p>\n<p><strong>Albert Bourla<\/strong> ha percepito un compenso totale di $ 6.068.632 nell&#8217;anno fiscale 2017 (<a href=\"https:\/\/www1.salary.com\/PFIZER-INC-Executive-Salaries.html\" target=\"_blank\" rel=\"noopener\">source Bloomberg<\/a>)<\/p>\n<p><a href=\"https:\/\/www.fedaiisf.it\/wp-content\/uploads\/2018\/10\/andamento-azionario-Pfizer-2010-19.png\"><img loading=\"lazy\" decoding=\"async\" class=\"wp-image-38473 aligncenter\" src=\"https:\/\/www.fedaiisf.it\/wp-content\/uploads\/2018\/10\/andamento-azionario-Pfizer-2010-19-1024x522.png\" alt=\"\" width=\"821\" height=\"419\" srcset=\"https:\/\/www.fedaiisf.it\/wp-content\/uploads\/2018\/10\/andamento-azionario-Pfizer-2010-19-1024x522.png 1024w, https:\/\/www.fedaiisf.it\/wp-content\/uploads\/2018\/10\/andamento-azionario-Pfizer-2010-19-300x153.png 300w, https:\/\/www.fedaiisf.it\/wp-content\/uploads\/2018\/10\/andamento-azionario-Pfizer-2010-19-768x392.png 768w, https:\/\/www.fedaiisf.it\/wp-content\/uploads\/2018\/10\/andamento-azionario-Pfizer-2010-19.png 1200w\" sizes=\"auto, (max-width: 821px) 100vw, 821px\" \/><\/a><\/p>","protected":false},"excerpt":{"rendered":"<p>L&#8217;amministratore delegato di Pfizer Inc (PFE.N), Ian Read, lascer\u00e0 le redini del pi\u00f9 grande produttore di farmaci statunitense al veterano Albert Bourla a gennaio, dopo otto anni passati al timone dell&#8217;\u00ecazienda, nella prospettiva di un maggiore controllo sui prezzi dei farmaci. Sotto Read, uno scozzese entrato a far parte dell&#8217;azienda nel 1978, Pfizer ha affrontato &hellip;<\/p>","protected":false},"author":4,"featured_media":19267,"comment_status":"closed","ping_status":"closed","sticky":false,"template":"","format":"standard","meta":{"footnotes":""},"categories":[1],"tags":[47,51],"class_list":["post-38465","post","type-post","status-publish","format-standard","has-post-thumbnail","hentry","category-notizie","tag-big-pharma","tag-compenso-top-manager"],"amp_enabled":true,"_links":{"self":[{"href":"https:\/\/www.fedaiisf.it\/en\/wp-json\/wp\/v2\/posts\/38465","targetHints":{"allow":["GET"]}}],"collection":[{"href":"https:\/\/www.fedaiisf.it\/en\/wp-json\/wp\/v2\/posts"}],"about":[{"href":"https:\/\/www.fedaiisf.it\/en\/wp-json\/wp\/v2\/types\/post"}],"author":[{"embeddable":true,"href":"https:\/\/www.fedaiisf.it\/en\/wp-json\/wp\/v2\/users\/4"}],"replies":[{"embeddable":true,"href":"https:\/\/www.fedaiisf.it\/en\/wp-json\/wp\/v2\/comments?post=38465"}],"version-history":[{"count":0,"href":"https:\/\/www.fedaiisf.it\/en\/wp-json\/wp\/v2\/posts\/38465\/revisions"}],"wp:featuredmedia":[{"embeddable":true,"href":"https:\/\/www.fedaiisf.it\/en\/wp-json\/wp\/v2\/media\/19267"}],"wp:attachment":[{"href":"https:\/\/www.fedaiisf.it\/en\/wp-json\/wp\/v2\/media?parent=38465"}],"wp:term":[{"taxonomy":"category","embeddable":true,"href":"https:\/\/www.fedaiisf.it\/en\/wp-json\/wp\/v2\/categories?post=38465"},{"taxonomy":"post_tag","embeddable":true,"href":"https:\/\/www.fedaiisf.it\/en\/wp-json\/wp\/v2\/tags?post=38465"}],"curies":[{"name":"wp","href":"https:\/\/api.w.org\/{rel}","templated":true}]}}