{"id":38754,"date":"2018-10-12T12:32:25","date_gmt":"2018-10-12T10:32:25","guid":{"rendered":"https:\/\/www.fedaiisf.it\/?p=38754"},"modified":"2018-10-12T12:44:29","modified_gmt":"2018-10-12T10:44:29","slug":"protesta-medici-sit-in-il-17-ottobre-sciopero-il-9-novembre","status":"publish","type":"post","link":"https:\/\/www.fedaiisf.it\/en\/protesta-medici-sit-in-il-17-ottobre-sciopero-il-9-novembre\/","title":{"rendered":"Protest Doctors. Sit In on October 17, strike on November 9"},"content":{"rendered":"<p><em>Con una comunicazione inviata alle istituzioni competenti dai sindacati \u00e8 stata proclamata per il <strong>9 novembre<\/strong> la prima data dell&#8217;annunciato sciopero dei camici bianchi. L&#8217;astensione dal servizio durer\u00e0 24 ore ma, come previsto per legge,<\/em> <em>&#8220;sar\u00e0<\/em> <a href=\"https:\/\/www.fedaiisf.it\/wp-content\/uploads\/2018\/10\/Locandina-SitIn-Medici.png\"><img loading=\"lazy\" decoding=\"async\" class=\"wp-image-38758 alignright\" src=\"https:\/\/www.fedaiisf.it\/wp-content\/uploads\/2018\/10\/Locandina-SitIn-Medici.png\" alt=\"\" width=\"423\" height=\"595\" srcset=\"https:\/\/www.fedaiisf.it\/wp-content\/uploads\/2018\/10\/Locandina-SitIn-Medici.png 631w, https:\/\/www.fedaiisf.it\/wp-content\/uploads\/2018\/10\/Locandina-SitIn-Medici-213x300.png 213w\" sizes=\"auto, (max-width: 423px) 100vw, 423px\" \/><\/a><em>garantita la continuit\u00e0 delle prestazioni indispensabili&#8221;<\/em>.<\/p>\n<p><em>A promuovere la mobilitazione, le organizzazioni sindacali di categoria che saranno in piazza anche il <strong>17 ottobre<\/strong> in un sit davanti a Montecitorio, tra cui l&#8217;Anaao e la Fp Cgil. Una seconda giornata di sciopero dovrebbe tenersi anche il <strong>23 novembre<\/strong>, come riporta il sito della Commissione di Garanzia sugli Scioperi. In questo caso a incrociare le braccia saranno solo i medici del sindacato degli anestesisti e rianimatori, Aaeroi-Emac.<\/em><\/p>\n<hr \/>\n<h2 class=\"articolo_titolo\"><span style=\"color: #ff0000;\">Medici, il 9 novembre \u00e8 sciopero<\/span><\/h2>\n<p><a href=\"http:\/\/www.rassegna.it\/articoli\/medici-il-9-novembre-e-sciopero\" target=\"_blank\" rel=\"noopener\">12 ottobre 2018 &#8211; rassegna.it<\/a><\/p>\n<p><em>Stop nazionale a sostegno della vertenza aperta con regioni e governo. I sindacati chiedono il finanziamento adeguato del Fondo sanitario nazionale, assunzioni e il contratto subito<\/em><\/p>\n<div class=\"articolo_testo-content\">\n<p>Finanziamento adeguato del Fondo sanitario nazionale, assunzioni e contratto subito. \u00c8 quanto chiedono i medici e i dirigenti sanitari iscirtti ai sindacati Anaao Assomed, Cimo, Fp Cgil Medici e Dirigenti Ssn, Fvm Federazione Veterinari e Medici, Fassid (Aipac-Aupi-Simet-Sinafo-Snr), Cisl Medici, Fesmed, Anpo-Ascoti-Fials Medici, e Uil Fpl Coordinamento nazionale delle Aree Contrattuali Medica, Veterinaria Sanitaria. Per questo il 9 novembre i lavoratori si asterranno dal lavoro, mentre il 23 novembre si fermeranno gli anestesisti dell&#8217;Aaroi-Emac.<\/p>\n<p>I sindacati hanno infatti proclamato <strong>uno sciopero nazionale a sostegno della vertenza aperta con regioni e <a href=\"https:\/\/www.fedaiisf.it\/wp-content\/uploads\/2018\/10\/Sciopero-medici.png\"><img loading=\"lazy\" decoding=\"async\" class=\"size-full wp-image-38759 alignleft\" src=\"https:\/\/www.fedaiisf.it\/wp-content\/uploads\/2018\/10\/Sciopero-medici.png\" alt=\"\" width=\"335\" height=\"526\" srcset=\"https:\/\/www.fedaiisf.it\/wp-content\/uploads\/2018\/10\/Sciopero-medici.png 335w, https:\/\/www.fedaiisf.it\/wp-content\/uploads\/2018\/10\/Sciopero-medici-191x300.png 191w\" sizes=\"auto, (max-width: 335px) 100vw, 335px\" \/><\/a>government<\/strong>, dopo l&#8217;interruzione del confronto tecnico al tavolo contrattuale. Alla base delle rivendicazioni dei medici c\u2019\u00e8 soprattutto il finanziamento del Fondo sanitario nazionale 2019 che preveda le risorse indispensabili per garantire i nuovi Lea ai cittadini e per onorare i contratti di lavoro scaduti da 10 anni. \u201c\u00c8 spregevole \u2013 scrivono \u2013 mettere in competizione, su risorse insufficienti, il diritto alla cura dei cittadini e quello a\u00a0un dignitoso contratto di lavoro per i professionisti che quelle cure devono erogare\u201d.<\/p>\n<p><strong>Tra le richieste <\/strong>ci sono poi gli aumenti contrattuali previsti per il restante pubblico impiego, \u201crisolvendo in via definitiva l&#8217;annosa questione del riconoscimento dell&#8217;indennit\u00e0 di esclusivit\u00e0 di rapporto nella loro massa salariale\u201d.<\/p>\n<p>Ma i medici chiedono anche il \u201csuperamento, alla firma del contratto, del congelamento al 2016 del <strong>trattamento accessorio posto dalla legge Madia<\/strong>, restituendo la retribuzione individuale di anzianit\u00e0 dei dirigenti pensionati\u201d, \u201cpatrimonio contrattuale irrinunciabile delle categorie, ai fondi aziendali per assicurare le risorse necessarie per carriere e disagio\u201d.<\/p>\n<p>Infine, tra le richieste c\u2019\u00e8 anche la <strong>cancellazione del blocco della spesa<\/strong> per il personale della sanit\u00e0, fissato al dato 2004 ridotto dell&#8217;1,4%, \u201cper facilitare il turnover del personale aprendo una grande stagione di assunzioni nel Ssn in grado di far\u00a0fronte nei prossimi cinque anni al pensionamento del 40% dei medici, veterinari e dirigenti sanitari attualmente operanti come dipendenti\u201d, completando cos\u00ec \u201ci percorsi di stabilizzazione dei precari della dirigenza, avviati con la legge Madia, ma ancora disattesi in molte Regioni\u201d. Oltre che la previsione nella legge di bilancio \u201cdel <strong>finanziamento di quota parte del contratto 2019-2021<\/strong>, o perlomeno dell&#8217;indennit\u00e0 di vacanza contrattuale, anche per sfuggire al sospetto di un nuovo blocco contrattuale\u201d.<\/p>\n<p>Related news: <a href=\"http:\/\/www.anaao.it\/public\/aaa_7601282_cs_sciopero9-23novembre2018.pdf\" target=\"_blank\" rel=\"noopener\">Comunicato stampa intersindacale<\/a><\/p>\n<p><a href=\"https:\/\/www.fedaiisf.it\/wp-content\/uploads\/2018\/10\/Comunicazione-sciopero-medici.png\"><img loading=\"lazy\" decoding=\"async\" class=\"wp-image-38761 aligncenter\" src=\"https:\/\/www.fedaiisf.it\/wp-content\/uploads\/2018\/10\/Comunicazione-sciopero-medici.png\" alt=\"\" width=\"726\" height=\"420\" srcset=\"https:\/\/www.fedaiisf.it\/wp-content\/uploads\/2018\/10\/Comunicazione-sciopero-medici.png 955w, https:\/\/www.fedaiisf.it\/wp-content\/uploads\/2018\/10\/Comunicazione-sciopero-medici-300x173.png 300w, https:\/\/www.fedaiisf.it\/wp-content\/uploads\/2018\/10\/Comunicazione-sciopero-medici-768x444.png 768w\" sizes=\"auto, (max-width: 726px) 100vw, 726px\" \/><\/a><\/p>\n<\/div>\n<div class=\"articolo_autore\"><\/div>","protected":false},"excerpt":{"rendered":"<p>Con una comunicazione inviata alle istituzioni competenti dai sindacati \u00e8 stata proclamata per il 9 novembre la prima data dell&#8217;annunciato sciopero dei camici bianchi. L&#8217;astensione dal servizio durer\u00e0 24 ore ma, come previsto per legge, &#8220;sar\u00e0 garantita la continuit\u00e0 delle prestazioni indispensabili&#8221;. A promuovere la mobilitazione, le organizzazioni sindacali di categoria che saranno in piazza &hellip;<\/p>","protected":false},"author":4,"featured_media":7765,"comment_status":"closed","ping_status":"closed","sticky":false,"template":"","format":"standard","meta":{"footnotes":""},"categories":[1],"tags":[],"class_list":["post-38754","post","type-post","status-publish","format-standard","has-post-thumbnail","hentry","category-notizie"],"amp_enabled":true,"_links":{"self":[{"href":"https:\/\/www.fedaiisf.it\/en\/wp-json\/wp\/v2\/posts\/38754","targetHints":{"allow":["GET"]}}],"collection":[{"href":"https:\/\/www.fedaiisf.it\/en\/wp-json\/wp\/v2\/posts"}],"about":[{"href":"https:\/\/www.fedaiisf.it\/en\/wp-json\/wp\/v2\/types\/post"}],"author":[{"embeddable":true,"href":"https:\/\/www.fedaiisf.it\/en\/wp-json\/wp\/v2\/users\/4"}],"replies":[{"embeddable":true,"href":"https:\/\/www.fedaiisf.it\/en\/wp-json\/wp\/v2\/comments?post=38754"}],"version-history":[{"count":0,"href":"https:\/\/www.fedaiisf.it\/en\/wp-json\/wp\/v2\/posts\/38754\/revisions"}],"wp:featuredmedia":[{"embeddable":true,"href":"https:\/\/www.fedaiisf.it\/en\/wp-json\/wp\/v2\/media\/7765"}],"wp:attachment":[{"href":"https:\/\/www.fedaiisf.it\/en\/wp-json\/wp\/v2\/media?parent=38754"}],"wp:term":[{"taxonomy":"category","embeddable":true,"href":"https:\/\/www.fedaiisf.it\/en\/wp-json\/wp\/v2\/categories?post=38754"},{"taxonomy":"post_tag","embeddable":true,"href":"https:\/\/www.fedaiisf.it\/en\/wp-json\/wp\/v2\/tags?post=38754"}],"curies":[{"name":"wp","href":"https:\/\/api.w.org\/{rel}","templated":true}]}}