{"id":38781,"date":"2018-10-14T20:16:22","date_gmt":"2018-10-14T18:16:22","guid":{"rendered":"https:\/\/www.fedaiisf.it\/?p=38781"},"modified":"2018-11-03T11:47:38","modified_gmt":"2018-11-03T10:47:38","slug":"smi-aslcentrotoscana-e-corretto-per-per-i-medici-di-famiglia-accettare-compensi-per-limitare-le-prescrizioni-di-farmaci","status":"publish","type":"post","link":"https:\/\/www.fedaiisf.it\/en\/smi-aslcentrotoscana-e-corretto-per-per-i-medici-di-famiglia-accettare-compensi-per-limitare-le-prescrizioni-di-farmaci\/","title":{"rendered":"SMI ASLcentroToscana. E&#8217; corretto per i medici di famiglia accettare compensi per limitare le prescrizioni di farmaci?"},"content":{"rendered":"<div align=\"center\">\n<p style=\"text-align: left;\"><a href=\"https:\/\/www.fedaiisf.it\/wp-content\/uploads\/2018\/10\/SMI-ASKcentroToscana-su-premi-medici.png\"><img loading=\"lazy\" decoding=\"async\" class=\"wp-image-38782 aligncenter\" src=\"https:\/\/www.fedaiisf.it\/wp-content\/uploads\/2018\/10\/SMI-ASKcentroToscana-su-premi-medici.png\" alt=\"\" width=\"641\" height=\"784\" srcset=\"https:\/\/www.fedaiisf.it\/wp-content\/uploads\/2018\/10\/SMI-ASKcentroToscana-su-premi-medici.png 697w, https:\/\/www.fedaiisf.it\/wp-content\/uploads\/2018\/10\/SMI-ASKcentroToscana-su-premi-medici-245x300.png 245w\" sizes=\"auto, (max-width: 641px) 100vw, 641px\" \/><\/a> <span style=\"color: #800080;\"><strong>Ed<\/strong><\/span>: <em>Grande clamore e sdegno aveva suscitato la delibera dell&#8217;INPS, firmata direttamente dal presidente Tito Boeri a marzo 2018, che introduceva per la prima volta da quest\u2019anno le prestazioni per malattia negate e invalidit\u00e0 revocate tra i <a href=\"https:\/\/www.fedaiisf.it\/wp-content\/uploads\/2018\/10\/Premi-a-medici-ASL-Toscana-risparmio-farmaceutico.png\"><img loading=\"lazy\" decoding=\"async\" class=\"wp-image-38786 alignright\" src=\"https:\/\/www.fedaiisf.it\/wp-content\/uploads\/2018\/10\/Premi-a-medici-ASL-Toscana-risparmio-farmaceutico.png\" alt=\"\" width=\"631\" height=\"525\" srcset=\"https:\/\/www.fedaiisf.it\/wp-content\/uploads\/2018\/10\/Premi-a-medici-ASL-Toscana-risparmio-farmaceutico.png 885w, https:\/\/www.fedaiisf.it\/wp-content\/uploads\/2018\/10\/Premi-a-medici-ASL-Toscana-risparmio-farmaceutico-300x249.png 300w, https:\/\/www.fedaiisf.it\/wp-content\/uploads\/2018\/10\/Premi-a-medici-ASL-Toscana-risparmio-farmaceutico-768x639.png 768w\" sizes=\"auto, (max-width: 631px) 100vw, 631px\" \/><\/a>criteri di valutazione utili alla retribuzione di risultato dei medici, senza per altro far riferimento a quelle indebitamente riconosciute.<\/em><\/p>\n<p style=\"text-align: left;\"><em>\u201cQuesto incentivo, se confermato, \u00e8 un\u2019aberrazione per la professione medica e segna il tradimento di principi costituzionali. I medici non ne tengano conto\u201d, il giudizio di Filippo Anelli, presidente FNOMCeO che continua: \u201cNon siamo i medici dello Stato ma del cittadino. Questo incentivo, se confermato, \u00e8 un\u2019aberrazione per la professione medica e segna\u00a0il tradimento di principi costituzionali. Chiunque debba valutare, sappia che siamo contrari\u201d, e conclude \u201cil medico non si compra\u201d.<\/em><\/p>\n<p style=\"text-align: left;\"><em>\u201cNon si pu\u00f2 anteporre il diritto del cittadino a un pur ragionevole incentivo del medico. Le due cose non possono essere confliggenti. Puoi chiedere al medico di essere pi\u00f9 efficiente sugli aspetti gestionali e operativi del suo lavoro, ma non agendo sul merito delle loro decisioni. Non puoi svendere per qualche euro in pi\u00f9 in busta paga l\u2019autonomia di pensiero e di giudizio professionale\u201d.<\/em><\/p>\n<p style=\"text-align: left;\"><em>Gli &#8220;incentivi&#8221; da parte di ASL o SSR ai medici che risparmiano sulle prescrizioni di farmaci o esami diagnostici sono esattamente la stessa cosa. Lo sa la popolazione che si risparmia sulla loro salute? Che ne sarebbe del rapporto di fiducia?<\/em><\/p>\n<p style=\"text-align: left;\"><em>Il giudizio del Presidente dell&#8217;Ordine, Anelli, si applica anche a questi aspetti. Lo condividiamo pienamente senza altro aggiungere e apprezziamo che finalmente qualcuno si ponga il problema. Meglio tardi che mai! Si spera che anche questo quesito non cada nel vuoto.<\/em><\/p>\n<blockquote>\n<h3><a href=\"https:\/\/portale.fnomceo.it\/wp-content\/uploads\/2018\/03\/CODICE-DEONTOLOGIA-MEDICA-2014.pdf\" target=\"_blank\" rel=\"noopener\">Codice Deontologia Medica<\/a><\/h3>\n<p><strong><span style=\"font-size: 18px;\">Article 31<\/span><\/strong><\/p>\n<p><span style=\"font-size: 18px;\">Accordi illeciti nella prescrizione<\/span><\/p>\n<p style=\"text-align: left;\"><span style=\"font-size: 18px;\">Al medico \u00e8 vietata ogni forma di prescrizione concordata che possa procurare o procuri a se stesso o a terzi un illecito vantaggio economico o altre utilit\u00e0.<\/span><\/p>\n<\/blockquote>\n<\/div>\n<p>&nbsp;<\/p>\n<p>Related news: <a href=\"https:\/\/www.nuovairpinia.it\/2018\/10\/15\/prescrizioni-di-farmaci-una-brutta-vicenda-ma-risolta-bene\/\" target=\"_blank\" rel=\"noopener\">Irpinia. Prescrizioni di farmaci, una brutta vicenda ma risolta bene<\/a><\/p>\n<div align=\"center\">\n<hr \/>\n<\/div>\n<div style=\"text-align: left;\" align=\"center\"><strong><span style=\"color: #800080;\">Related news:<\/span><\/strong><\/div>\n<div align=\"center\"><\/div>\n<div align=\"center\"><a href=\"http:\/\/www.sindacatomedicitaliani.it\/VNews\/NewsItem\/7081?Sezione=1\" target=\"_blank\" rel=\"noopener\"><strong>SMI &#8211; COMUNICATO STAMPA<\/strong><\/a><\/div>\n<div align=\"center\"><strong>\u00a0<\/strong><\/div>\n<p align=\"center\"><strong>SPENDING REVIEW, SMI: SBAGLIATA E INEFFICACE E DA MODIFICARE LA NORMA SUI FARMACI GENERICI. NESSUN RISPARMIO E POCA CHIAREZZA SULLE RESPONSABILIT\u00c0 LEGALI DELLA PRESCRIZIONE<\/strong><\/p>\n<p align=\"center\"><strong>MARIA PAOLA VOLPONI: \u201cSERVE CON URGENZA UN TAVOLO DI CONFRONTO PER DEFINIRE BENE I CONFINI TRA LIBERT\u00c0 PRESCRITTIVA, QUALIT\u00c0 DELL\u2019OFFERTA, RUOLO DEL FARMACISTA. L\u2019OBIETTIVO \u00c8 LA TUTELA DELLA SALUTE DEI CITTADINI, COS\u00cc MESSA A RISCHIO\u201d<\/strong><\/p>\n<p><strong>Il Sindacato dei Medici Italiani, con una nota, critica l\u2019inserimento nell\u2019iter di conversione del decreto legge sulla Spending Review di una norma che obbliga a prescrivere i farmaci generici quando un medico, <em>\u201ccuri un paziente, per la prima volta, per una patologia cronica, ovvero per un nuovo episodio di patologia non cronica\u201d.<\/em><\/strong><\/p>\n<p>Per Maria Paola Volponi, responsabile nazionale dello Smi per la medicina generale, il provvedimento \u00e8 \u00absbagliato e inefficace\u00bb. \u00abChe senso ha questa norma \u2013 spiega \u2013 non produce risparmi allo Stato. E quindi perch\u00e9 viene inserita in una manovra di revisione della spesa? Infatti le leggi vigenti stabiliscono una quota fissa rimborsata dal SSN. Il costo maggiore \u00e8 a carico del paziente, qualora questo decida di scegliere il farmaco <em>di marca <\/em>eventualmente prescritto del medico curante\u00bb.<\/p>\n<p>\u00abCos\u00ec \u2013 continua &#8211; si interviene in modo maldestro sulla libert\u00e0 prescrittiva dei medici e sulla gestione della salute dei cittadini. E anche se in questo caso, a differenza di precedenti tentativi analoghi, si restringe il campo alla cura \u201cdi un paziente, per la prima volta, per una patologia cronica, ovvero per un nuovo episodio di patologia non cronica\u201d, rimane irrisolto il nodo della qualit\u00e0 dei generici e quello della responsabilit\u00e0 legale. Non \u00e8 vero, infatti, che i generici sono tutti equivalenti. E non \u00e8 per nulla chiaro cosa succede nel caso che il farmaco produca, per esempio, una crisi anafilattica al paziente. La responsabilit\u00e0 \u00e8 del farmacista che sceglie di fatto il generico o del medico che ha solo indicato il principio attivo? Ci sono gi\u00e0 state, \u00e8 bene segnalarlo, diverse controversie in tal senso\u00bb.<\/p>\n<p>\u00abInoltre \u2013 sottolinea Volponi &#8211; che senso ha, mettere continuamente in discussione la buona fede dei medici di famiglia che prescrivono secondo \u201cscienza e coscienza\u201d, conoscendo il paziente, i suoi problemi e che sanno riconoscere qual \u00e8 il farmaco pi\u00f9 adeguato per la sua malattia, che sia griffato o generico\u00bb.<\/p>\n<p>\u00abInfine \u2013 aggiunge la dirigente Smi \u2013 perch\u00e9 non guardiamo ad altri modelli, prendendo come riferimento, per esempio, la definizione di una lista certificata di farmaci generici come \u00e8 l\u2019Orange Book negli Stati Uniti.<\/p>\n<p>\u00abChiediamo che si modifichi la norma &#8211; conclude Volponi \u2013 e considerando che sicuramente verr\u00e0 approvata con il voto di fiducia, invitiamo il ministro Balduzzi a convocare urgentemente un tavolo per trovare le soluzioni legislative pi\u00f9 adeguate alla soluzione delle criticit\u00e0 avanzate da tutta la categoria medica\u00bb.<\/p>\n<div>Roma, 30 luglio 2012<\/div>","protected":false},"excerpt":{"rendered":"<p>N.d.R.: Grande clamore e sdegno aveva suscitato la delibera dell&#8217;INPS, firmata direttamente dal presidente Tito Boeri a marzo 2018, che introduceva per la prima volta da quest\u2019anno le prestazioni per malattia negate e invalidit\u00e0 revocate tra i criteri di valutazione utili alla retribuzione di risultato dei medici, senza per altro far riferimento a quelle indebitamente &hellip;<\/p>","protected":false},"author":4,"featured_media":33258,"comment_status":"closed","ping_status":"closed","sticky":false,"template":"","format":"standard","meta":{"footnotes":""},"categories":[16],"tags":[],"class_list":["post-38781","post","type-post","status-publish","format-standard","has-post-thumbnail","hentry","category-primo-piano"],"amp_enabled":true,"_links":{"self":[{"href":"https:\/\/www.fedaiisf.it\/en\/wp-json\/wp\/v2\/posts\/38781","targetHints":{"allow":["GET"]}}],"collection":[{"href":"https:\/\/www.fedaiisf.it\/en\/wp-json\/wp\/v2\/posts"}],"about":[{"href":"https:\/\/www.fedaiisf.it\/en\/wp-json\/wp\/v2\/types\/post"}],"author":[{"embeddable":true,"href":"https:\/\/www.fedaiisf.it\/en\/wp-json\/wp\/v2\/users\/4"}],"replies":[{"embeddable":true,"href":"https:\/\/www.fedaiisf.it\/en\/wp-json\/wp\/v2\/comments?post=38781"}],"version-history":[{"count":0,"href":"https:\/\/www.fedaiisf.it\/en\/wp-json\/wp\/v2\/posts\/38781\/revisions"}],"wp:featuredmedia":[{"embeddable":true,"href":"https:\/\/www.fedaiisf.it\/en\/wp-json\/wp\/v2\/media\/33258"}],"wp:attachment":[{"href":"https:\/\/www.fedaiisf.it\/en\/wp-json\/wp\/v2\/media?parent=38781"}],"wp:term":[{"taxonomy":"category","embeddable":true,"href":"https:\/\/www.fedaiisf.it\/en\/wp-json\/wp\/v2\/categories?post=38781"},{"taxonomy":"post_tag","embeddable":true,"href":"https:\/\/www.fedaiisf.it\/en\/wp-json\/wp\/v2\/tags?post=38781"}],"curies":[{"name":"wp","href":"https:\/\/api.w.org\/{rel}","templated":true}]}}