{"id":38916,"date":"2018-10-20T13:30:09","date_gmt":"2018-10-20T11:30:09","guid":{"rendered":"https:\/\/www.fedaiisf.it\/?p=38916"},"modified":"2018-10-21T12:07:49","modified_gmt":"2018-10-21T10:07:49","slug":"la-mistificazione-della-spesa-farmaceutica-il-caso-dellosteoporosi-per-risparmiare-sui-514-milioni-sulla-spesa-farmaceutica-si-spendono-94-miliardi-per-le-fratture-dei-pazienti-non-trattati","status":"publish","type":"post","link":"https:\/\/www.fedaiisf.it\/en\/la-mistificazione-della-spesa-farmaceutica-il-caso-dellosteoporosi-per-risparmiare-sui-514-milioni-sulla-spesa-farmaceutica-si-spendono-94-miliardi-per-le-fratture-dei-pazienti-non-trattati\/","title":{"rendered":"The mystification of pharmaceutical spending. The case of osteoporosis: to save on 514 million in pharmaceutical spending, 9.4 billion are spent on fractures of untreated patients"},"content":{"rendered":"<p>Nel nostro paese si sono verificate 560.000 fratture da osteoporosi (circa 100.000 di femore) con un costo per il sistema sanitario nazionale pari a 9,4 miliardi di euro. Ma si prevede che questa spesa annuale aumenter\u00e0 quasi del 26% (raggiungendo 11,9 miliardi di euro) entro il 2030.<\/p>\n<p>L\u2019onere associato alle fratture da fragilit\u00e0 in Italia supera quello associato alla broncopneumopatia cronica ostruttiva (Bpco) e all\u2019ictus ischemico e, confrontando i costi associati alle fratture e il costo totale della sanit\u00e0, in Italia si registra la percentuale pi\u00f9 alta di spesa destinata a questo problema rispetto agli altri cinque paesi inclusi nel <a href=\"https:\/\/www.fondazionefirmo.com\/event\/report-eu6-conferenza-stampa\" target=\"_blank\" rel=\"noopener\">report internazionale<\/a> che pone a confronto la situazione italiana con quella di altri cinque paesi (Francia, Spagna, UK, Svezia, Germania).<\/p>\n<p>I risultati degli studi dimostrano che, nonostante la disponibilit\u00e0 di efficaci terapie preventive e approcci di gestione per le fratture da fragilit\u00e0, solo il 20% dei pazienti viene trattato farmacologicamente. \u201cOgni frattura aumenta di cinque volte il rischio di incorrere in una nuova frattura\u201d, precisa la Prof. Maria Luisa Brandi, presidente Fondazione FIRMO.<\/p>\n<p>Cosa accade di preciso? L\u2019autorizzazione per prescrivere questi farmaci appartiene solo a pochi centri autorizzati, mentre il medico di medicina generale si trova limitato nella scelta: o prescrivere farmaci generici o prescrivere la tanto dibattuta vitamina D. \u201cPer questo motivo \u2013 osserva Brandi \u2013 in Italia le prescrizioni di vitamina D sono tante, al contrario di quelle dei farmaci post-frattura\u201d.<\/p>\n<p>Nonostante, quindi, l\u2019esistenza dei farmaci e le disposizioni dell\u2019Aifa (Agenzia Italiana del Farmaco) di trattare determinati pazienti con questa terapia, in Italia non si fa. \u201cForse, un ruolo in tutta questa storia \u00e8 da attribuire allo scandalo calcitonina all\u2019inizio degli anni \u201890, quando in Italia per l\u2019osteoporosi si prescriveva questo farmaco che non funzionava. Sicuramente \u2013 racconta Brandi \u2013 \u00e8 stato un episodio che ha marcato in senso negativo quest\u2019area della medicina, ma la situazione potrebbe essere sbloccata con l\u2019emanazione di linee guida che abbiano valore legale e che consentano a tutti di accedere alle terapie\u201d. (Estratto da <a href=\"https:\/\/www.angolonews.it\/2018\/10\/19\/fratture-e-osteoporosi-lallarme-degli-esperti\/\" target=\"_blank\" rel=\"noopener\">Fratture e osteoporosi, l\u2019allarme degli esperti<\/a>)<\/p>\n<p><a href=\"https:\/\/www.fedaiisf.it\/wp-content\/uploads\/2018\/10\/Gruppi-Farmaci-intestazione.png\"><img loading=\"lazy\" decoding=\"async\" class=\"alignnone size-full wp-image-38918\" src=\"https:\/\/www.fedaiisf.it\/wp-content\/uploads\/2018\/10\/Gruppi-Farmaci-intestazione.png\" alt=\"\" width=\"803\" height=\"87\" srcset=\"https:\/\/www.fedaiisf.it\/wp-content\/uploads\/2018\/10\/Gruppi-Farmaci-intestazione.png 803w, https:\/\/www.fedaiisf.it\/wp-content\/uploads\/2018\/10\/Gruppi-Farmaci-intestazione-300x33.png 300w, https:\/\/www.fedaiisf.it\/wp-content\/uploads\/2018\/10\/Gruppi-Farmaci-intestazione-768x83.png 768w\" sizes=\"auto, (max-width: 803px) 100vw, 803px\" \/><\/a><\/p>\n<p><a href=\"https:\/\/www.fedaiisf.it\/wp-content\/uploads\/2018\/10\/Farmaci-osdteoporosi.png\"><img loading=\"lazy\" decoding=\"async\" class=\"alignnone size-full wp-image-38919\" src=\"https:\/\/www.fedaiisf.it\/wp-content\/uploads\/2018\/10\/Farmaci-osdteoporosi.png\" alt=\"\" width=\"803\" height=\"181\" srcset=\"https:\/\/www.fedaiisf.it\/wp-content\/uploads\/2018\/10\/Farmaci-osdteoporosi.png 803w, https:\/\/www.fedaiisf.it\/wp-content\/uploads\/2018\/10\/Farmaci-osdteoporosi-300x68.png 300w, https:\/\/www.fedaiisf.it\/wp-content\/uploads\/2018\/10\/Farmaci-osdteoporosi-768x173.png 768w\" sizes=\"auto, (max-width: 803px) 100vw, 803px\" \/><\/a><\/p>\n<p><a href=\"http:\/\/www.agenziafarmaco.gov.it\/sites\/default\/files\/Emilia_Romagna-Uso_dei_farmaci_nel_2017.pdf\" target=\"_blank\" rel=\"noopener\">Fonte OsMed<\/a><\/p>\n<hr \/>\n<div class=\"columns-inner clear-block\">\n<div id=\"content-column\">\n<div class=\"content-inner\">\n<div id=\"main-content\" role=\"main\">\n<h1 id=\"page-title\">Online i Report regionali sul consumo dei farmaci in Italia<\/h1>\n<div id=\"content\" class=\"section region\">\n<div id=\"node-23467\" class=\"node node-general\" role=\"article\">\n<div class=\"node-inner\">\n<div class=\"node-content\">\n<div class=\"field field-type-date field-field-datanotizia\">\n<div class=\"field-items\">\n<div class=\"field-item odd\"><a href=\"http:\/\/www.agenziafarmaco.gov.it\/content\/online-i-report-regionali-sul-consumo-dei-farmaci-italia-0\" target=\"_blank\" rel=\"noopener\"><span class=\"date-display-single\">AIFA &#8211; 18\/10\/2018<\/span><\/a><\/div>\n<\/div>\n<\/div>\n<p>L\u2019Agenzia Italiana del Farmaco ha elaborato e reso disponibili per la prima volta dei Report regionali sul consumo dei farmaci nell\u2019anno 2017. Obiettivo principale dei rapporti \u00e8 fornire ai referenti regionali uno strumento a supporto della programmazione sanitaria e delle iniziative di formazione e informazione.<\/p>\n<p>I Report sono stati elaborati sulla base dei dati utilizzati per la stesura del Rapporto OsMed 2017: per ciascuna regione sono presentate le analisi contenute nel Rapporto nazionale, ritenute di maggior impatto ai fini delle decisioni locali. In particolare, i Report forniscono i dati di spesa e consumo, relativi sia all\u2019assistenza convenzionata sia all\u2019acquisto da parte delle strutture sanitarie pubbliche, con diversi livelli di aggregazione. Ad esempio per ciascuna <a class=\"glossary-term\" href=\"http:\/\/www.agenziafarmaco.gov.it\/glossary\/term\/1437\" target=\"_blank\" rel=\"noopener\"><dfn title=\"Gruppo di farmaci che agisce sulle stesse patologie o con il medesimo meccanismo di azione.\">categoria terapeutica<\/dfn><\/a> vengono riportati i dati dei sottogruppi e dei principi attivi a maggior spesa, con un confronto rispetto alla media nazionale e distinti per canale di erogazione. Inoltre, viene presentato l\u2019elenco dei principi attivi a maggior consumo, spesa e variazione della stessa rispetto all\u2019anno precedente. Infine, i Report presentano i dati per i sottogruppi di farmaci a maggior prescrizione nel 2017 (es. antibiotici, oncologici, farmaci per l\u2019ipertensione) e un focus su biosimilari ed equivalenti, fornendo sempre un confronto rispetto alla media nazionale.<\/p>\n<p>I Rapporti intendono rappresentare uno strumento di <a class=\"glossary-term\" href=\"http:\/\/www.agenziafarmaco.gov.it\/glossary\/term\/3465\" target=\"_blank\" rel=\"noopener\"><dfn title=\"A measure or standard to which an activity, performance, service or result can be compared. Benchmarking is the term given to the process of measuring standards of actual performance against those achieved by others with broadly similar characteristics. The aim is to improve quality so that all organisations or services can raise their own performance to that of the best. [Source: NICE Glossary] \">benchmark<\/dfn><\/a> tra le diverse Regioni e all\u2019interno delle stesse, con l\u2019obiettivo di contribuire all\u2019individuazione delle aree di maggiore criticit\u00e0, di consentire un\u2019allocazione pi\u00f9 efficiente e pi\u00f9 mirata delle risorse in ambito farmaceutico, migliorando l\u2019uso dei farmaci nella popolazione.<\/p>\n<p><em><strong>Elenco dei Report regionali sul consumo dei farmaci in Italia:<\/strong><\/em><\/p>\n<ul>\n<li><em><a href=\"http:\/\/www.agenziafarmaco.gov.it\/sites\/default\/files\/Liguria-Uso_dei_farmaci_nel_2017.pdf\" target=\"_blank\" rel=\"noopener\">Liguria<\/a><\/em><\/li>\n<li><em><a href=\"http:\/\/www.agenziafarmaco.gov.it\/sites\/default\/files\/Piemonte-Uso_dei_farmaci_nel_2017.pdf\" target=\"_blank\" rel=\"noopener\">Piemonte<\/a><\/em><\/li>\n<li><em><a href=\"http:\/\/www.agenziafarmaco.gov.it\/sites\/default\/files\/Valle_D_Aosta-Uso_dei_farmaci_nel_2017.pdf\" target=\"_blank\" rel=\"noopener\">Valle D&#8217;Aosta<\/a><\/em><\/li>\n<li><em><a href=\"http:\/\/www.agenziafarmaco.gov.it\/sites\/default\/files\/Lombardia-Uso_dei_farmaci_nel_2017.pdf\" target=\"_blank\" rel=\"noopener\">Lombardia<\/a><\/em><\/li>\n<li><em><a href=\"http:\/\/www.agenziafarmaco.gov.it\/sites\/default\/files\/PA_Trento-Uso_dei_farmaci_nel_2017.pdf\" target=\"_blank\" rel=\"noopener\">PA di Trento<\/a><\/em><\/li>\n<li><em><a href=\"http:\/\/www.agenziafarmaco.gov.it\/sites\/default\/files\/PA_Bolzano-Uso_dei_farmaci_nel_2017.pdf\" target=\"_blank\" rel=\"noopener\">PA di Bolzano<\/a><\/em><\/li>\n<li><em><a href=\"http:\/\/www.agenziafarmaco.gov.it\/sites\/default\/files\/Veneto-Uso_dei_farmaci_nel_2017.pdf\" target=\"_blank\" rel=\"noopener\">Veneto<\/a><\/em><\/li>\n<li><em><a href=\"http:\/\/www.agenziafarmaco.gov.it\/sites\/default\/files\/Friuli_Venezia_Giulia-Uso_dei_farmaci_nel_2017.pdf\" target=\"_blank\" rel=\"noopener\">Friuli Venezia Giulia<\/a><\/em><\/li>\n<li><em><a href=\"http:\/\/www.agenziafarmaco.gov.it\/sites\/default\/files\/Emilia_Romagna-Uso_dei_farmaci_nel_2017.pdf\" target=\"_blank\" rel=\"noopener\">Emilia Romagna<\/a><\/em><\/li>\n<li><em><a href=\"http:\/\/www.agenziafarmaco.gov.it\/sites\/default\/files\/Toscana-Uso_dei_farmaci_nel_2017.pdf\" target=\"_blank\" rel=\"noopener\">Toscana<\/a><\/em><\/li>\n<li><em><a href=\"http:\/\/www.agenziafarmaco.gov.it\/sites\/default\/files\/Umbria-Uso_dei_farmaci_nel_2017.pdf\" target=\"_blank\" rel=\"noopener\">Umbria<\/a><\/em><\/li>\n<li><em><a href=\"http:\/\/www.agenziafarmaco.gov.it\/sites\/default\/files\/Marche-Uso_dei_farmaci_nel_2017.pdf\" target=\"_blank\" rel=\"noopener\">Marche<\/a><\/em><\/li>\n<li><em><a href=\"http:\/\/www.agenziafarmaco.gov.it\/sites\/default\/files\/Lazio-Uso_dei_farmaci_nel_2017.pdf\" target=\"_blank\" rel=\"noopener\">Lazio<\/a><\/em><\/li>\n<li><em><a href=\"http:\/\/www.agenziafarmaco.gov.it\/sites\/default\/files\/Abruzzo-Uso_dei_farmaci_nel_2017.pdf\" target=\"_blank\" rel=\"noopener\">Abruzzo<\/a><\/em><\/li>\n<li><em><a href=\"http:\/\/www.agenziafarmaco.gov.it\/sites\/default\/files\/Molise-Uso_dei_farmaci_nel_2017.pdf\" target=\"_blank\" rel=\"noopener\">Molise<\/a><\/em><\/li>\n<li><em><a href=\"http:\/\/www.agenziafarmaco.gov.it\/sites\/default\/files\/Campania-Uso_dei_farmaci_nel_2017.pdf\" target=\"_blank\" rel=\"noopener\">Campania<\/a><\/em><\/li>\n<li><em><a href=\"http:\/\/www.agenziafarmaco.gov.it\/sites\/default\/files\/Puglia-Uso_dei_farmaci_nel_2017.pdf\" target=\"_blank\" rel=\"noopener\">Puglia<\/a><\/em><\/li>\n<li><em><a href=\"http:\/\/www.agenziafarmaco.gov.it\/sites\/default\/files\/Basilicata-Uso_dei_farmaci_nel_2017.pdf\" target=\"_blank\" rel=\"noopener\">Basilicata<\/a><\/em><\/li>\n<li><em><a href=\"http:\/\/www.agenziafarmaco.gov.it\/sites\/default\/files\/Calabria-Uso_dei_farmaci_nel_2017.pdf\" target=\"_blank\" rel=\"noopener\">Calabria<\/a><\/em><\/li>\n<li><em><a href=\"http:\/\/www.agenziafarmaco.gov.it\/sites\/default\/files\/Sicilia-Uso_dei_farmaci_nel_2017.pdf\" target=\"_blank\" rel=\"noopener\">Sicilia<\/a><\/em><\/li>\n<li><em><a href=\"http:\/\/www.agenziafarmaco.gov.it\/sites\/default\/files\/Sardegna-Uso_dei_farmaci_nel_2017.pdf\" target=\"_blank\" rel=\"noopener\">Sardegna<\/a><\/em><\/li>\n<\/ul>\n<hr \/>\n<\/div>\n<\/div>\n<\/div>\n<\/div>\n<\/div>\n<\/div>\n<\/div>\n<div id=\"sidebar-left\" class=\"section sidebar region\">\n<div class=\"sidebar-inner\">\n<div id=\"block-menu_block-10\" class=\"block block-menu_block\" role=\"complementary\">\n<div class=\"block-inner\">\n<div class=\"box-top\">\n<div class=\"box-top-left\"><\/div>\n<p class=\"box-top-right\">Il Report di AIFA ha dato lo spunto ad alcuni giornale a tuonare contro lo spreco dei farmaci in Italia. <a href=\"http:\/\/www.lastampa.it\/2018\/10\/20\/italia\/prescrizioni-allegre-di-farmaci-ogni-anno-si-sprecano-miliardi-jug5IbQNIRVjqYp4F6BycO\/premium.html\" target=\"_blank\" rel=\"noopener\">La STAMPA<\/a> per esempio dedica un&#8217;intera pagina all&#8217;argomento<\/p>\n<\/div>\n<\/div>\n<\/div>\n<\/div>\n<\/div>\n<div class=\"sidebar-inner\">\n<div id=\"block-cck_blocks-field_link\" class=\"block block-cck_blocks\" role=\"complementary\">\n<div class=\"block-inner\">\n<div class=\"block-content\">\n<div class=\"field field-type-link field-field-link\">\n<div class=\"field-items\">\n<h3><a href=\"https:\/\/www.fedaiisf.it\/wp-content\/uploads\/2018\/10\/La-Stampa-spesa-farmaceutica.png\"><img loading=\"lazy\" decoding=\"async\" class=\"size-full wp-image-38923 alignleft\" src=\"https:\/\/www.fedaiisf.it\/wp-content\/uploads\/2018\/10\/La-Stampa-spesa-farmaceutica.png\" alt=\"\" width=\"443\" height=\"328\" srcset=\"https:\/\/www.fedaiisf.it\/wp-content\/uploads\/2018\/10\/La-Stampa-spesa-farmaceutica.png 443w, https:\/\/www.fedaiisf.it\/wp-content\/uploads\/2018\/10\/La-Stampa-spesa-farmaceutica-300x222.png 300w\" sizes=\"auto, (max-width: 443px) 100vw, 443px\" \/><\/a>&#8220;<em>Nel report Aifa le differenze di spesa tra le Regioni. Sotto la lente l\u2019abuso di antidepressivi, antibiotici e cardiovascolari<\/em><\/h3>\n<\/div>\n<\/div>\n<\/div>\n<\/div>\n<\/div>\n<\/div>\n<\/div>\n<p><em>Il sole, si sa, fa bene alle ossa. Ma chiss\u00e0 perch\u00e9 nelle assolate Puglia e Sardegna si consuma il doppio dei farmaci per la cura dell\u2019osteoporosi rispetto alle fredde Piemonte e Valle d\u2019Aosta. Si sa anche che gli italiani sono un po\u2019 troppo facili divoratori di antinfiammatori, al punto da dover poi consumare altre medicine per curare i danni provocati allo stomaco. Ma che si prescrivano in modo allegro lo dimostra ora il dato di Puglia e Calabria, dove si mandano gi\u00f9 il triplo delle pillole<\/em>&#8220;.<\/p>\n<p>Nell&#8217;articolo si prende il caso della Vitamina D: &#8220;<em>Fa bene ma assunta in dosi non necessarie pu\u00f2 diventare tossica e generare fratture o ipertensione. In Italia se ne fa uso ed abuso, tant&#8217;\u00e8 che in soli 5 anni il mercato gi\u00e0 in crescita \u00e8 lievitato da 187 a 260 milioni, 29 dei quali, calcola l&#8217;AIFA, potrbbero essere risparmiati se i consumi si livallassero a livello su quelli delle parsimoniose Sicilia e Valle d&#8217;Aosta. Una piena di sole, l&#8217;altra meno, a dimostrazione che i consumi sono slegati dai bisogni di salute, visto che la vitamina D viene spesso usata come integratore per facilitare la calcificazione delle ossa. cosa che fa appunto il sole<\/em>&#8220;. &#8230;<\/p>\n<p>Il motivo della prescrizione di Vitamina D \u00e8 espresso sopra, cio\u00e8 \u00e8 l&#8217;unica cosa che pu\u00f2 prescrivere il medico di medicina generale per l&#8217;osteoporosi. Probabilmente si potrebbero risparmiare anche quei 29 milioni di spesa per la Vitamina D, ma il problema \u00e8 come risparmiare i 9,4 miliardi per l&#8217;osteoporosi non curata n\u00e9 preventivamente n\u00e9 per le seconde fratture. \u201cOgni frattura aumenta di cinque volte il rischio di incorrere in una nuova frattura\u201d, precisa la Prof. Brandi. E, questo, pu\u00f2 innescare una spirale negativa di dipendenza dall\u2019assistenza sanitaria, aumento dei costi e compromissione della qualit\u00e0 della vita.<\/p>\n<p>Questo succede quando si affrontano i problemi quando si hanno dei pregiudizi. Come quello sul consumo di farmaci in Italia. Dato smentito dai fatti!<\/p>\n<p><a href=\"https:\/\/www.fedaiisf.it\/wp-content\/uploads\/2018\/09\/Spesa-pro-capite-farmaci-Italia-Europa.png\"><img loading=\"lazy\" decoding=\"async\" class=\"size-full wp-image-38259 aligncenter\" src=\"https:\/\/www.fedaiisf.it\/wp-content\/uploads\/2018\/09\/Spesa-pro-capite-farmaci-Italia-Europa.png\" alt=\"\" width=\"580\" height=\"461\" srcset=\"https:\/\/www.fedaiisf.it\/wp-content\/uploads\/2018\/09\/Spesa-pro-capite-farmaci-Italia-Europa.png 580w, https:\/\/www.fedaiisf.it\/wp-content\/uploads\/2018\/09\/Spesa-pro-capite-farmaci-Italia-Europa-300x238.png 300w\" sizes=\"auto, (max-width: 580px) 100vw, 580px\" \/><\/a><\/p>\n<p>&nbsp;<\/p>\n<div><\/div>\n","protected":false},"excerpt":{"rendered":"<p>Nel nostro paese si sono verificate 560.000 fratture da osteoporosi (circa 100.000 di femore) con un costo per il sistema sanitario nazionale pari a 9,4 miliardi di euro. Ma si prevede che questa spesa annuale aumenter\u00e0 quasi del 26% (raggiungendo 11,9 miliardi di euro) entro il 2030. L\u2019onere associato alle fratture da fragilit\u00e0 in Italia &hellip;<\/p>","protected":false},"author":4,"featured_media":9282,"comment_status":"closed","ping_status":"closed","sticky":false,"template":"","format":"standard","meta":{"footnotes":""},"categories":[1],"tags":[26,79],"class_list":["post-38916","post","type-post","status-publish","format-standard","has-post-thumbnail","hentry","category-notizie","tag-spesa-farmaceutica","tag-ssn"],"amp_enabled":true,"_links":{"self":[{"href":"https:\/\/www.fedaiisf.it\/en\/wp-json\/wp\/v2\/posts\/38916","targetHints":{"allow":["GET"]}}],"collection":[{"href":"https:\/\/www.fedaiisf.it\/en\/wp-json\/wp\/v2\/posts"}],"about":[{"href":"https:\/\/www.fedaiisf.it\/en\/wp-json\/wp\/v2\/types\/post"}],"author":[{"embeddable":true,"href":"https:\/\/www.fedaiisf.it\/en\/wp-json\/wp\/v2\/users\/4"}],"replies":[{"embeddable":true,"href":"https:\/\/www.fedaiisf.it\/en\/wp-json\/wp\/v2\/comments?post=38916"}],"version-history":[{"count":0,"href":"https:\/\/www.fedaiisf.it\/en\/wp-json\/wp\/v2\/posts\/38916\/revisions"}],"wp:featuredmedia":[{"embeddable":true,"href":"https:\/\/www.fedaiisf.it\/en\/wp-json\/wp\/v2\/media\/9282"}],"wp:attachment":[{"href":"https:\/\/www.fedaiisf.it\/en\/wp-json\/wp\/v2\/media?parent=38916"}],"wp:term":[{"taxonomy":"category","embeddable":true,"href":"https:\/\/www.fedaiisf.it\/en\/wp-json\/wp\/v2\/categories?post=38916"},{"taxonomy":"post_tag","embeddable":true,"href":"https:\/\/www.fedaiisf.it\/en\/wp-json\/wp\/v2\/tags?post=38916"}],"curies":[{"name":"wp","href":"https:\/\/api.w.org\/{rel}","templated":true}]}}