{"id":3897,"date":"2014-10-04T11:58:22","date_gmt":"2014-10-04T09:58:22","guid":{"rendered":"http:\/\/www.fedaiisf.it\/?p=3897"},"modified":"2014-10-04T11:58:22","modified_gmt":"2014-10-04T09:58:22","slug":"cosmesi-parola-dermatologa-si-sinergia-medico-farmacista","status":"publish","type":"post","link":"https:\/\/www.fedaiisf.it\/en\/cosmesi-parola-dermatologa-si-sinergia-medico-farmacista\/","title":{"rendered":"Cosmetics. Word to the dermatologist: yes to the doctor-pharmacist synergy"},"content":{"rendered":"<p><img loading=\"lazy\" decoding=\"async\" class=\"alignleft\" alt=\"\" src=\"http:\/\/www2.tv2000.it\/s2ewtv2000\/s2magazine\/mediacenter_v3\/media_file\/miniature\/2012_maggio\/6641_miniatura_Romano.jpg\" width=\"232\" height=\"163\" \/>Buongiorno a tutti, oggi vi anticipo una delle risposte che la dottoressa Pucci Romano mi ha rilasciato per il prossimo numero di Punto Effe. Lei \u00e8 una nota dermatologa e Presidente della associazione Skineco (eco-dermatologia) di cui vi ho gi\u00e0 parlato pi\u00f9 volte. Interessantissimo, a mio parere, il suo punto di vista per quanto riguarda il rapporto medico \u2013 farmacista.<\/p>\n<p><strong>&lt;<\/strong><b>\u00a0<\/b>Poter contare sulla collaborazione di Farmacisti che condividano la filosofia di SKINECO \u00e8 importantissimo _ spiega Pucci Romano_ \u00a0Intanto, sarebbe la prima volta che 2 categorie di operatori scientifici (medici e farmacisti)\u00a0 si predispongono a una costruttiva sinergia. Poi, e non meno significativo, \u00e8 la possibilit\u00e0 di poter contare su professionisti qualificati ogni qual volta un consumatore\/paziente \u00e8 libero di scegliere e acquistare\u00a0 un prodotto da banco senza necessariamente passare dal medico prescrittore, il dermatologo in questo caso &gt;.<\/p>\n<p>La dottoressa, come vedete apre ad un concetto molto importante: quello cio\u00e8 che vede il farmacista che pu\u00f2 consigliare un prodotto per la pelle senza passare dal dermatologo, nei casi in cui il medico non sia necessario! E\u2019 secondo me una apertura fondamentale per il nostro ruolo di professionisti del cosmetico, non trovate???<\/p>\n<p><i><a href=\"http:\/\/cosmesi.farmacista33.it\/parola-alla-dermatologa-si-alla-sinergia-medico-farmacista\/\" target=\"_blank\" rel=\"noopener\">02 ottobre 2014 \u2013 Cosmesi Blog di farmacista33<\/a><\/i><\/p>\n<p>&nbsp;<\/p>","protected":false},"excerpt":{"rendered":"<p>Buongiorno a tutti, oggi vi anticipo una delle risposte che la dottoressa Pucci Romano mi ha rilasciato per il prossimo numero di Punto Effe. Lei \u00e8 una nota dermatologa e Presidente della associazione Skineco (eco-dermatologia) di cui vi ho gi\u00e0 parlato pi\u00f9 volte. Interessantissimo, a mio parere, il suo punto di vista per quanto riguarda &hellip;<\/p>","protected":false},"author":4,"featured_media":3900,"comment_status":"closed","ping_status":"closed","sticky":false,"template":"","format":"standard","meta":{"footnotes":""},"categories":[1],"tags":[],"class_list":["post-3897","post","type-post","status-publish","format-standard","has-post-thumbnail","hentry","category-notizie"],"amp_enabled":true,"_links":{"self":[{"href":"https:\/\/www.fedaiisf.it\/en\/wp-json\/wp\/v2\/posts\/3897","targetHints":{"allow":["GET"]}}],"collection":[{"href":"https:\/\/www.fedaiisf.it\/en\/wp-json\/wp\/v2\/posts"}],"about":[{"href":"https:\/\/www.fedaiisf.it\/en\/wp-json\/wp\/v2\/types\/post"}],"author":[{"embeddable":true,"href":"https:\/\/www.fedaiisf.it\/en\/wp-json\/wp\/v2\/users\/4"}],"replies":[{"embeddable":true,"href":"https:\/\/www.fedaiisf.it\/en\/wp-json\/wp\/v2\/comments?post=3897"}],"version-history":[{"count":0,"href":"https:\/\/www.fedaiisf.it\/en\/wp-json\/wp\/v2\/posts\/3897\/revisions"}],"wp:featuredmedia":[{"embeddable":true,"href":"https:\/\/www.fedaiisf.it\/en\/wp-json\/wp\/v2\/media\/3900"}],"wp:attachment":[{"href":"https:\/\/www.fedaiisf.it\/en\/wp-json\/wp\/v2\/media?parent=3897"}],"wp:term":[{"taxonomy":"category","embeddable":true,"href":"https:\/\/www.fedaiisf.it\/en\/wp-json\/wp\/v2\/categories?post=3897"},{"taxonomy":"post_tag","embeddable":true,"href":"https:\/\/www.fedaiisf.it\/en\/wp-json\/wp\/v2\/tags?post=3897"}],"curies":[{"name":"wp","href":"https:\/\/api.w.org\/{rel}","templated":true}]}}