{"id":38974,"date":"2018-10-24T11:48:36","date_gmt":"2018-10-24T09:48:36","guid":{"rendered":"https:\/\/www.fedaiisf.it\/?p=38974"},"modified":"2018-10-24T11:48:36","modified_gmt":"2018-10-24T09:48:36","slug":"giulia-grillo-vendere-farmaci-con-dosi-personalizzate","status":"publish","type":"post","link":"https:\/\/www.fedaiisf.it\/en\/giulia-grillo-vendere-farmaci-con-dosi-personalizzate\/","title":{"rendered":"Giulia Grillo. Selling drugs with customized doses"},"content":{"rendered":"<h1 class=\"entry-title\">Il Ministro Grillo a Rai Radio2: \u201cNelle terapie farmacologiche c\u2019\u00e8 un eccesso di consumo di farmaci\u201d<\/h1>\n<p><a href=\"https:\/\/secolo-trentino.com\/attualita\/il-ministro-grillo-a-rai-radio2-nelle-terapie-farmacologiche-ce-un-eccesso-di-consumo-di-farmaci\/\" target=\"_blank\" rel=\"noopener\">Secolo Trentino &#8211; <span class=\"td-post-date\"><time class=\"entry-date updated td-module-date\" datetime=\"2018-10-24T09:15:23+00:00\">ottobre 24, 2018<\/time><\/span><\/a><\/p>\n<p>Il Ministro della Salute <strong>Giulia Grillo<\/strong> \u00e8 intervenuta ai microfoni del programma radio <strong>\u201cI Lunatici\u201d<\/strong> Of <strong>Rai Radio2<\/strong> condotto da <strong>Roberto Arduini<\/strong> And <strong>Andrea di Ciancio<\/strong>.<\/p>\n<p><strong>Durante l\u2019intervento Giulia Grillo ha toccato diversi punti, in primis ha voluto lasciare un messaggio agli operatori sanitari notturni dichiarando<\/strong>: <em>\u201cSo quanto sia faticoso, per un piccolo periodo l\u2019ho fatto anche io, \u00e8 un lavoro complicato, richiede molta concentrazione anche quando il nostro corpo non \u00e8 portato per questo. Verso gli operatori sanitari ho tanta gratitudine e tanto apprezzamento. Loro devono essere presenti anche quando tutti gli altri si divertono o si riposano\u201d.<\/em><\/p>\n<p><strong>Successivamente, interrogata sull\u2019operato del Governo in questi primi mesi ha detto<\/strong>: <em>\u201cE\u2019 abbastanza positivo, anche se la macchina ministeriale, come tutte le burocrazie,\u00a0 \u00e8 ingolfata e procede a rilento. Siamo riusciti a far approvare un po\u2019 di atti, a muoverci sulle disposizioni anticipate di trattamento e di fine vita,abbiamo fatto approvare un disegno di legge contro la violenza sugli operatori <a href=\"https:\/\/www.fedaiisf.it\/wp-content\/uploads\/2017\/09\/pillola.sperimentazione-clinica-prev.jpg\"><img loading=\"lazy\" decoding=\"async\" class=\"wp-image-32724 alignright\" src=\"https:\/\/www.fedaiisf.it\/wp-content\/uploads\/2017\/09\/pillola.sperimentazione-clinica-prev.jpg\" alt=\"\" width=\"444\" height=\"231\" srcset=\"https:\/\/www.fedaiisf.it\/wp-content\/uploads\/2017\/09\/pillola.sperimentazione-clinica-prev.jpg 484w, https:\/\/www.fedaiisf.it\/wp-content\/uploads\/2017\/09\/pillola.sperimentazione-clinica-prev-300x156.jpg 300w\" sizes=\"auto, (max-width: 444px) 100vw, 444px\" \/><\/a>sanitari. C\u2019\u00e8 molto da fare, la burocrazia ci rallenta, ma stiamo procedendo spediti\u201d.<\/em><\/p>\n<p><b>Il Ministro Grillo ha poi voluto affrontare il tema, tanto caro a Beppe Grillo, delle sovradiagnosi aggiungendo:<\/b><em>\u00a0\u201cE\u2019 un tema generale che riguarda sia la sanit\u00e0 pubblica che quella privata. C\u2019\u00e8 un tema di eccesso di prestazioni che deriva in parte anche dalla medicina difensiva, cio\u00e8 quella medicina che viene fatta perch\u00e9 siamo un Paese in cui c\u2019\u00e8 un altissimo contenzioso tra cittadini e medici, perch\u00e9 nel tempo il rapporto di fiducia tra medico e cittadino si \u00e8 molto corroso. E quindi a volte si verifica un eccesso di prescrizione di esami strumentali con profilo difensivo. Da questo punto di vista bisogna cercare di essere pi\u00f9 attenti. <\/em><\/p>\n<p><em>Anche nelle terapie farmacologiche c\u2019\u00e8 un <strong>eccesso di consumo di farmaci<\/strong>, a volte in modo del tutto inappropriato, come accade con gli antibiotici. La macchina \u00e8 complessa da gestire, ci sono varie misure di contenimento. Sui farmaci uno dei temi potrebbe essere quello di <strong>vendere una dose corrispondente alla terapia prescritta<\/strong>. Se si compra l\u2019intera scatola, \u00e8 normale che rimanendo a casa dei farmaci i cittadini autonomamente decidono di assumerli anche quando non c\u2019\u00e8 un\u2019indicazione terapeutica\u201d<\/em>.<\/p>\n<p>Concludendo il suo intervento Giulia Grillo ha ricordato agli ascoltatori i suoi personali obiettivi come Ministro, tra cui spicca <strong>l\u2019abbattimento delle liste d\u2019attesa<\/strong>. Questa problematica, che affligge gli italiani da troppo tempo, merita di essere affrontata con seriet\u00e0 ed urgenza, <strong>la speranza del Ministro \u00e8 quella di riuscire entro un anno a raccogliere qualche risultato.<\/strong><\/p>","protected":false},"excerpt":{"rendered":"<p>Il Ministro Grillo a Rai Radio2: \u201cNelle terapie farmacologiche c\u2019\u00e8 un eccesso di consumo di farmaci\u201d Secolo Trentino &#8211; ottobre 24, 2018 Il Ministro della Salute Giulia Grillo \u00e8 intervenuta ai microfoni del programma radio \u201cI Lunatici\u201d di Rai Radio2 condotto da Roberto Arduini e Andrea di Ciancio. Durante l\u2019intervento Giulia Grillo ha toccato diversi &hellip;<\/p>","protected":false},"author":4,"featured_media":36193,"comment_status":"closed","ping_status":"closed","sticky":false,"template":"","format":"standard","meta":{"footnotes":""},"categories":[1],"tags":[],"class_list":["post-38974","post","type-post","status-publish","format-standard","has-post-thumbnail","hentry","category-notizie"],"amp_enabled":true,"_links":{"self":[{"href":"https:\/\/www.fedaiisf.it\/en\/wp-json\/wp\/v2\/posts\/38974","targetHints":{"allow":["GET"]}}],"collection":[{"href":"https:\/\/www.fedaiisf.it\/en\/wp-json\/wp\/v2\/posts"}],"about":[{"href":"https:\/\/www.fedaiisf.it\/en\/wp-json\/wp\/v2\/types\/post"}],"author":[{"embeddable":true,"href":"https:\/\/www.fedaiisf.it\/en\/wp-json\/wp\/v2\/users\/4"}],"replies":[{"embeddable":true,"href":"https:\/\/www.fedaiisf.it\/en\/wp-json\/wp\/v2\/comments?post=38974"}],"version-history":[{"count":0,"href":"https:\/\/www.fedaiisf.it\/en\/wp-json\/wp\/v2\/posts\/38974\/revisions"}],"wp:featuredmedia":[{"embeddable":true,"href":"https:\/\/www.fedaiisf.it\/en\/wp-json\/wp\/v2\/media\/36193"}],"wp:attachment":[{"href":"https:\/\/www.fedaiisf.it\/en\/wp-json\/wp\/v2\/media?parent=38974"}],"wp:term":[{"taxonomy":"category","embeddable":true,"href":"https:\/\/www.fedaiisf.it\/en\/wp-json\/wp\/v2\/categories?post=38974"},{"taxonomy":"post_tag","embeddable":true,"href":"https:\/\/www.fedaiisf.it\/en\/wp-json\/wp\/v2\/tags?post=38974"}],"curies":[{"name":"wp","href":"https:\/\/api.w.org\/{rel}","templated":true}]}}