{"id":39289,"date":"2018-11-09T13:11:21","date_gmt":"2018-11-09T12:11:21","guid":{"rendered":"https:\/\/www.fedaiisf.it\/?p=39289"},"modified":"2018-11-09T13:17:03","modified_gmt":"2018-11-09T12:17:03","slug":"jobs-act-dalla-consulta-depositata-la-motivazione-della-bocciatura-del-risarcimento-per-ingiusto-licenziamento-ripristinare-ora-lart-18","status":"publish","type":"post","link":"https:\/\/www.fedaiisf.it\/en\/jobs-act-dalla-consulta-depositata-la-motivazione-della-bocciatura-del-risarcimento-per-ingiusto-licenziamento-ripristinare-ora-lart-18\/","title":{"rendered":"Jobs Act. Dalla Consulta depositata la motivazione della bocciatura del risarcimento per ingiusto licenziamento. Ripristinare ora l&#8217;art. 18"},"content":{"rendered":"<h1>Jobs Act, dalla Consulta un segnale importante<\/h1>\n<h3>La Corte costituzionale ha depositato le motivazioni della sentenza che boccia il sistema di risarcimento in caso di licenziamento illegittimo. Scacchetti (Cgil): adesso \u00e8 fondamentale ripristinare l&#8217;articolo 18<\/h3>\n<p><a href=\"http:\/\/www.rassegna.it\/articoli\/jobs-act-dalla-consulta-un-segnale-importante\" target=\"_blank\" rel=\"noopener\">rassegna.it &#8211; 8 novembre 2018<\/a><\/p>\n<div class=\"articolo_testo-content\">\n<p>\u201c<strong>Una decisione positiva, quella della Corte costituzionale, un segnale importante per la tutela dei lavoratori\u201d<\/strong>. Cos\u00ec la segretaria confederale della Cgil Tania Scacchetti commenta <a href=\"http:\/\/www.rassegna.it\/articoli\/jobs-act-la-consulta-boccia-il-criterio-sullindennita-di-licenziamento\" target=\"_blank\" rel=\"noopener\"><strong>la sentenza<\/strong><\/a> n. 194\/2018 con cui la Corte costituzionale ha dichiarato illegittimo il sistema rigido di risarcimento del danno stabilito dal Jobs Act, e non modificato dal decreto dignit\u00e0, in caso di licenziamento illegittimo sia per violazione di importanti principi costituzionali, sia per contrasto con l&#8217;articolo 24 della Carta sociale europea.<\/p>\n<p>\u201cLa sentenza depositata oggi &#8211; sottolinea Scacchetti &#8211; oltre a riconoscere <a href=\"http:\/\/www.rassegna.it\/articoli\/jobs-act-la-consulta-boccia-il-criterio-sullindennita-di-licenziamento\" target=\"_blank\" rel=\"noopener\"><strong>la fondatezza delle nostre prospettazioni<\/strong><\/a> in giudizio di fronte alla Corte, segna uno snodo fondamentale nella nostra battaglia per il raggiungimento degli obiettivi tracciati nella \u2018Carta dei diritti universali del lavoro\u2019\u201d.<\/p>\n<p><a href=\"https:\/\/www.fedaiisf.it\/wp-content\/uploads\/2018\/09\/Corte-Costituzionake-Jobs-Act-2.png\"><img loading=\"lazy\" decoding=\"async\" class=\"wp-image-38374 alignright\" src=\"https:\/\/www.fedaiisf.it\/wp-content\/uploads\/2018\/09\/Corte-Costituzionake-Jobs-Act-2.png\" alt=\"\" width=\"597\" height=\"149\" srcset=\"https:\/\/www.fedaiisf.it\/wp-content\/uploads\/2018\/09\/Corte-Costituzionake-Jobs-Act-2.png 773w, https:\/\/www.fedaiisf.it\/wp-content\/uploads\/2018\/09\/Corte-Costituzionake-Jobs-Act-2-300x75.png 300w, https:\/\/www.fedaiisf.it\/wp-content\/uploads\/2018\/09\/Corte-Costituzionake-Jobs-Act-2-768x192.png 768w\" sizes=\"auto, (max-width: 597px) 100vw, 597px\" \/><\/a>\u201cOra non si pu\u00f2 pi\u00f9 rimandare una discussione ampia sulle tutele in caso di licenziamento illegittimo per le quali &#8211; conclude la segretaria confederale &#8211; \u00e8 fondamentale il ripristino e l\u2019allargamento della tutela dell\u2019art.18\u201d.<\/p>\n<p><strong>La sentenza della Corte<\/strong><br \/>\n\u00c8 incostituzionale il criterio di determinazione dell\u2019indennit\u00e0 spettante al lavoratore ingiustamente licenziato \u2013 ancorato solo all\u2019anzianit\u00e0 di servizio &#8211; previsto dal decreto legislativo n. 23\/2015 e confermato dal cosiddetto \u201cdecreto dignit\u00e0\u201d del 2018. Il meccanismo di quantificazione \u2013 un \u201cimporto pari a due mensilit\u00e0 dell\u2019ultima retribuzione di riferimento per il calcolo del trattamento di fine rapporto per ogni anno di servizio\u201d \u2013 rende infatti l\u2019indennit\u00e0 \u201crigida\u201d e \u201cuniforme\u201d per tutti i lavoratori con la stessa anzianit\u00e0, cos\u00ec da farle assumere i connotati di una liquidazione \u201cforfetizzata e standardizzata\u201d del danno derivante al lavoratore dall\u2019ingiustificata estromissione dal posto di lavoro a tempo indeterminato. Pertanto, il giudice, nell\u2019esercitare la propria discrezionalit\u00e0 nel rispetto dei limiti, minimo (4, ora 6 mensilit\u00e0) e massimo (24, ora 36 mensilit\u00e0), dell\u2019intervallo in cui va quantificata l\u2019indennit\u00e0, dovr\u00e0 tener conto non solo dell\u2019anzianit\u00e0 di servizio \u2013 criterio che ispira il disegno riformatore del 2015 \u2013 ma anche degli altri criteri \u201cdesumibili in chiave sistematica dall\u2019evoluzione della disciplina limitativa dei licenziamenti (numero dei dipendenti occupati, dimensioni dell\u2019attivit\u00e0 economica, comportamento e condizioni delle parti)\u201d.<\/p>\n<p>\u00c8 quanto si legge nella sentenza n. 194 depositata oggi (relatrice Silvana Sciarra) con cui la Corte ha dichiarato incostituzionale l\u2019articolo 3, comma 1, del d.lgs. n. 23\/2015 \u2013 che in attuazione della legge delega n. 183\/2014 (cosiddetto Jobs Act) ha disciplinato il \u201ccontratto a tutele crescenti\u201d \u2013 sia nel testo originario sia in quello modificato dal decreto legge n. 87\/2018 (il cosiddetto \u201cdecreto dignit\u00e0\u201d), che si \u00e8 limitato a innalzare la misura minima e massima dell\u2019indennit\u00e0.<\/p>\n<p><a href=\"https:\/\/www.fedaiisf.it\/wp-content\/uploads\/2018\/09\/Corte-Costituzionale-Jobs-Act-1.png\"><img loading=\"lazy\" decoding=\"async\" class=\"wp-image-38373 alignleft\" src=\"https:\/\/www.fedaiisf.it\/wp-content\/uploads\/2018\/09\/Corte-Costituzionale-Jobs-Act-1.png\" alt=\"\" width=\"571\" height=\"142\" srcset=\"https:\/\/www.fedaiisf.it\/wp-content\/uploads\/2018\/09\/Corte-Costituzionale-Jobs-Act-1.png 776w, https:\/\/www.fedaiisf.it\/wp-content\/uploads\/2018\/09\/Corte-Costituzionale-Jobs-Act-1-300x75.png 300w, https:\/\/www.fedaiisf.it\/wp-content\/uploads\/2018\/09\/Corte-Costituzionale-Jobs-Act-1-768x191.png 768w\" sizes=\"auto, (max-width: 571px) 100vw, 571px\" \/><\/a>La disposizione censurata contrasta anzitutto con il principio di eguaglianza, sotto il profilo dell\u2019ingiustificata omologazione di situazioni diverse. Secondo la sentenza, l\u2019esperienza mostra che il pregiudizio prodotto dal licenziamento ingiustificato dipende da una pluralit\u00e0 di fattori \u2013 l\u2019anzianit\u00e0 nel lavoro, certamente rilevante, \u00e8 solo uno dei tanti \u2013 e che questa pluralit\u00e0 \u00e8 stata sempre valorizzata dal legislatore. La tutela risarcitoria prevista dalla disposizione denunciata si discosta, per\u00f2, da questa impostazione perch\u00e9 \u00e0ncora l\u2019indennit\u00e0 all\u2019unico parametro dell\u2019anzianit\u00e0 di servizio. Cos\u00ec facendo, finisce col prevedere una misura risarcitoria uniforme, indipendente dalle peculiarit\u00e0 e dalla diversit\u00e0 delle vicende dei licenziamenti intimati dal datore di lavoro, venendo meno all\u2019esigenza di personalizzazione del danno subito dal lavoratore, anch\u2019essa imposta dal principio di eguaglianza.<\/p>\n<p>L\u2019articolo 3 contrasta anche con il principio di ragionevolezza, sotto il profilo dell\u2019inidoneit\u00e0 dell\u2019indennit\u00e0 a costituire un adeguato ristoro del concreto pregiudizio subito dal lavoratore a causa del licenziamento illegittimo e un\u2019adeguata dissuasione del datore di lavoro dal licenziare illegittimamente.<\/p>\n<p>La rigida dipendenza dell\u2019aumento dell\u2019indennit\u00e0 dalla sola crescita dell\u2019anzianit\u00e0 di servizio mostra la sua incongruenza soprattutto nei casi di anzianit\u00e0 di servizio non elevata, come nel giudizio principale. In tali casi, appare ancor pi\u00f9 inadeguato il ristoro del pregiudizio causato dal licenziamento illegittimo, senza che a ci\u00f2 possa sempre ovviare la previsione della misura minima dell\u2019indennit\u00e0 di 4 (e, ora, di 6) mensilit\u00e0. Pertanto, l\u2019articolo 3, comma 1, del d.lgs. n. 23\/2015 non realizza un equilibrato componimento degli interessi in gioco: la libert\u00e0 di organizzazione dell\u2019impresa da un lato e la tutela del lavoratore ingiustamente licenziato dall\u2019altro.<\/p>\n<p>Dall\u2019irragionevolezza dell\u2019articolo 3, comma 1, del d.lgs. n. 23\/2015 discende anche il vulnus recato agli articoli 4, primo comma, e 35, primo comma, della Costituzione. La Corte afferma: \u201cIl forte coinvolgimento della persona umana (\u2026) qualifica il diritto al lavoro come diritto fondamentale, cui il legislatore deve guardare per apprestare specifiche tutele\u201d.<\/p>\n<p>La disposizione censurata viola, infine, gli articoli 76 e 117, primo comma, della Costituzione, in relazione all\u2019articolo 24 della Carta sociale europea, secondo cui, per assicurare l\u2019effettivo esercizio del diritto a una tutela in caso di licenziamento, le parti contraenti si impegnano a riconoscere \u201cil diritto dei lavoratori, licenziati senza un valido motivo, a un congruo indennizzo o altra adeguata riparazione\u201d.<\/p>\n<p>Related news: <a href=\"https:\/\/www.cortecostituzionale.it\/actionPronuncia.do\" target=\"_blank\" rel=\"noopener\"><strong>Corte Costituzionale. Sentenza n. 194 del 2018<\/strong><\/a><\/p>\n<p><a href=\"https:\/\/www.fedaiisf.it\/wp-content\/uploads\/2018\/11\/Corte-Costituzionale-Sentenza-su-risarcimento-illegittimo.png\"><img loading=\"lazy\" decoding=\"async\" class=\"wp-image-39296 aligncenter\" src=\"https:\/\/www.fedaiisf.it\/wp-content\/uploads\/2018\/11\/Corte-Costituzionale-Sentenza-su-risarcimento-illegittimo-1024x383.png\" alt=\"\" width=\"1123\" height=\"420\" srcset=\"https:\/\/www.fedaiisf.it\/wp-content\/uploads\/2018\/11\/Corte-Costituzionale-Sentenza-su-risarcimento-illegittimo-1024x383.png 1024w, https:\/\/www.fedaiisf.it\/wp-content\/uploads\/2018\/11\/Corte-Costituzionale-Sentenza-su-risarcimento-illegittimo-300x112.png 300w, https:\/\/www.fedaiisf.it\/wp-content\/uploads\/2018\/11\/Corte-Costituzionale-Sentenza-su-risarcimento-illegittimo-768x287.png 768w, https:\/\/www.fedaiisf.it\/wp-content\/uploads\/2018\/11\/Corte-Costituzionale-Sentenza-su-risarcimento-illegittimo.png 1207w\" sizes=\"auto, (max-width: 1123px) 100vw, 1123px\" \/><\/a><\/p>\n<\/div>","protected":false},"excerpt":{"rendered":"<p>Jobs Act, dalla Consulta un segnale importante La Corte costituzionale ha depositato le motivazioni della sentenza che boccia il sistema di risarcimento in caso di licenziamento illegittimo. Scacchetti (Cgil): adesso \u00e8 fondamentale ripristinare l&#8217;articolo 18 rassegna.it &#8211; 8 novembre 2018 \u201cUna decisione positiva, quella della Corte costituzionale, un segnale importante per la tutela dei lavoratori\u201d. &hellip;<\/p>","protected":false},"author":4,"featured_media":38378,"comment_status":"closed","ping_status":"closed","sticky":false,"template":"","format":"standard","meta":{"footnotes":""},"categories":[1],"tags":[],"class_list":["post-39289","post","type-post","status-publish","format-standard","has-post-thumbnail","hentry","category-notizie"],"amp_enabled":true,"_links":{"self":[{"href":"https:\/\/www.fedaiisf.it\/en\/wp-json\/wp\/v2\/posts\/39289","targetHints":{"allow":["GET"]}}],"collection":[{"href":"https:\/\/www.fedaiisf.it\/en\/wp-json\/wp\/v2\/posts"}],"about":[{"href":"https:\/\/www.fedaiisf.it\/en\/wp-json\/wp\/v2\/types\/post"}],"author":[{"embeddable":true,"href":"https:\/\/www.fedaiisf.it\/en\/wp-json\/wp\/v2\/users\/4"}],"replies":[{"embeddable":true,"href":"https:\/\/www.fedaiisf.it\/en\/wp-json\/wp\/v2\/comments?post=39289"}],"version-history":[{"count":0,"href":"https:\/\/www.fedaiisf.it\/en\/wp-json\/wp\/v2\/posts\/39289\/revisions"}],"wp:featuredmedia":[{"embeddable":true,"href":"https:\/\/www.fedaiisf.it\/en\/wp-json\/wp\/v2\/media\/38378"}],"wp:attachment":[{"href":"https:\/\/www.fedaiisf.it\/en\/wp-json\/wp\/v2\/media?parent=39289"}],"wp:term":[{"taxonomy":"category","embeddable":true,"href":"https:\/\/www.fedaiisf.it\/en\/wp-json\/wp\/v2\/categories?post=39289"},{"taxonomy":"post_tag","embeddable":true,"href":"https:\/\/www.fedaiisf.it\/en\/wp-json\/wp\/v2\/tags?post=39289"}],"curies":[{"name":"wp","href":"https:\/\/api.w.org\/{rel}","templated":true}]}}