{"id":39299,"date":"2018-11-09T18:19:32","date_gmt":"2018-11-09T17:19:32","guid":{"rendered":"https:\/\/www.fedaiisf.it\/?p=39299"},"modified":"2018-11-09T18:31:58","modified_gmt":"2018-11-09T17:31:58","slug":"giulia-grillo-e-diventata-mamma","status":"publish","type":"post","link":"https:\/\/www.fedaiisf.it\/en\/giulia-grillo-e-diventata-mamma\/","title":{"rendered":"Giulia Grillo has become a mother!"},"content":{"rendered":"<p><span style=\"font-size: 19px;\">Fiocco azzurro al Governo, Giulia Grillo \u00e8 diventata mamma!<\/span><\/p>\n<p><span style=\"font-size: 19px;\"><a href=\"https:\/\/www.fedaiisf.it\/wp-content\/uploads\/2018\/11\/Giulia_Grillo.jpg\"><img loading=\"lazy\" decoding=\"async\" class=\" wp-image-39305 alignright\" src=\"https:\/\/www.fedaiisf.it\/wp-content\/uploads\/2018\/11\/Giulia_Grillo.jpg\" alt=\"\" width=\"150\" height=\"180\" srcset=\"https:\/\/www.fedaiisf.it\/wp-content\/uploads\/2018\/11\/Giulia_Grillo.jpg 500w, https:\/\/www.fedaiisf.it\/wp-content\/uploads\/2018\/11\/Giulia_Grillo-250x300.jpg 250w\" sizes=\"auto, (max-width: 150px) 100vw, 150px\" \/><\/a>Il ministro della Salute ha partorito un maschietto, Andrea, ieri sera a Roma.<\/span><\/p>\n<p><span style=\"font-size: 19px;\">Il ministro e il suo compagno Gianluca ringraziano la ginecologa Lucia Masini e tutta l\u2019\u00e9quipe di ginecologi, anestesisti, ostetriche e neonatologi della Fondazione Policlinico Universitario Agostino Gemelli IRCCS-Universit\u00e0 Cattolica. [<a href=\"http:\/\/www.salute.gov.it\/portale\/news\/p3_2_1_1_1.jsp?lingua=italiano&amp;menu=notizie&amp;p=dalministero&amp;id=3538\" target=\"_blank\" rel=\"noopener\">Min. Salute<\/a>]\n<\/span><\/p>\n<p><span style=\"font-size: 19px;\">Al Ministro, al piccolo Andrea, alla famiglia le nostre pi\u00f9 vive felicitazioni e i nostri migliori auguri. \u00c8 sempre un giorno lieto quando nasce un bambino, che porta felicit\u00e0 alla famiglia e speranza al paese.<\/span><\/p>\n","protected":false},"excerpt":{"rendered":"<p>Fiocco azzurro al Governo, Giulia Grillo \u00e8 diventata mamma! Il ministro della Salute ha partorito un maschietto, Andrea, ieri sera a Roma. Il ministro e il suo compagno Gianluca ringraziano la ginecologa Lucia Masini e tutta l\u2019\u00e9quipe di ginecologi, anestesisti, ostetriche e neonatologi della Fondazione Policlinico Universitario Agostino Gemelli IRCCS-Universit\u00e0 Cattolica. [Min. Salute] Al Ministro, &hellip;<\/p>\n","protected":false},"author":4,"featured_media":39304,"comment_status":"closed","ping_status":"closed","sticky":false,"template":"","format":"standard","meta":{"footnotes":""},"categories":[1],"tags":[127],"class_list":["post-39299","post","type-post","status-publish","format-standard","has-post-thumbnail","hentry","category-notizie","tag-giulia-grillo"],"amp_enabled":true,"_links":{"self":[{"href":"https:\/\/www.fedaiisf.it\/en\/wp-json\/wp\/v2\/posts\/39299","targetHints":{"allow":["GET"]}}],"collection":[{"href":"https:\/\/www.fedaiisf.it\/en\/wp-json\/wp\/v2\/posts"}],"about":[{"href":"https:\/\/www.fedaiisf.it\/en\/wp-json\/wp\/v2\/types\/post"}],"author":[{"embeddable":true,"href":"https:\/\/www.fedaiisf.it\/en\/wp-json\/wp\/v2\/users\/4"}],"replies":[{"embeddable":true,"href":"https:\/\/www.fedaiisf.it\/en\/wp-json\/wp\/v2\/comments?post=39299"}],"version-history":[{"count":0,"href":"https:\/\/www.fedaiisf.it\/en\/wp-json\/wp\/v2\/posts\/39299\/revisions"}],"wp:featuredmedia":[{"embeddable":true,"href":"https:\/\/www.fedaiisf.it\/en\/wp-json\/wp\/v2\/media\/39304"}],"wp:attachment":[{"href":"https:\/\/www.fedaiisf.it\/en\/wp-json\/wp\/v2\/media?parent=39299"}],"wp:term":[{"taxonomy":"category","embeddable":true,"href":"https:\/\/www.fedaiisf.it\/en\/wp-json\/wp\/v2\/categories?post=39299"},{"taxonomy":"post_tag","embeddable":true,"href":"https:\/\/www.fedaiisf.it\/en\/wp-json\/wp\/v2\/tags?post=39299"}],"curies":[{"name":"wp","href":"https:\/\/api.w.org\/{rel}","templated":true}]}}