{"id":39364,"date":"2018-11-12T17:22:09","date_gmt":"2018-11-12T16:22:09","guid":{"rendered":"https:\/\/www.fedaiisf.it\/?p=39364"},"modified":"2018-11-12T18:58:26","modified_gmt":"2018-11-12T17:58:26","slug":"licenziamenti-sanofi-grande-partecipazione-al-presidio-davanti-a-assolombarda","status":"publish","type":"post","link":"https:\/\/www.fedaiisf.it\/en\/licenziamenti-sanofi-grande-partecipazione-al-presidio-davanti-a-assolombarda\/","title":{"rendered":"Sanofi layoffs. Great participation in the garrison in front of Assolombarda"},"content":{"rendered":"<p><span style=\"font-size: 20px;\">Oltre duecento lavoratori di Sanofi al presidio davanti alla sede di Assolombarda, in via Panatano a Milano, dalle ore 10 alle <a href=\"https:\/\/www.fedaiisf.it\/wp-content\/uploads\/2018\/11\/Sanofi-Manifestazione-contro-licenziamenti-Milano-12.11.18.png\"><img loading=\"lazy\" decoding=\"async\" class=\"wp-image-39367 alignright\" src=\"https:\/\/www.fedaiisf.it\/wp-content\/uploads\/2018\/11\/Sanofi-Manifestazione-contro-licenziamenti-Milano-12.11.18-1024x841.png\" alt=\"\" width=\"372\" height=\"306\" srcset=\"https:\/\/www.fedaiisf.it\/wp-content\/uploads\/2018\/11\/Sanofi-Manifestazione-contro-licenziamenti-Milano-12.11.18-1024x841.png 1024w, https:\/\/www.fedaiisf.it\/wp-content\/uploads\/2018\/11\/Sanofi-Manifestazione-contro-licenziamenti-Milano-12.11.18-300x246.png 300w, https:\/\/www.fedaiisf.it\/wp-content\/uploads\/2018\/11\/Sanofi-Manifestazione-contro-licenziamenti-Milano-12.11.18-768x631.png 768w, https:\/\/www.fedaiisf.it\/wp-content\/uploads\/2018\/11\/Sanofi-Manifestazione-contro-licenziamenti-Milano-12.11.18.png 1193w\" sizes=\"auto, (max-width: 372px) 100vw, 372px\" \/><\/a>ore 13, per protestare contro la procedura di licenziamento collettivo rivolta a 84, poi ridotta a 75, persone e intentata dall\u2019azienda nei primi giorni di settembre. Il presidio, \u00e8 stato deciso unanimemente dalle assemblee, \u00e8 unitario ed \u00e8 promosso da Filctem Cgil, Femca Cisl e Uiltec Uil.<\/span><\/p>\n<p><span style=\"font-size: 20px;\">In contemporanea, gli informatori del farmaco del centro sud, hanno protestato davanti alla sede del ministero della Salute a Roma. La protesta nasce dalla presa d\u2019atto che si tratta di una azienda in piena salute economica e che &#8211; in modo contraddittorio &#8211; licenzia e assume contestualmente.<\/span><\/p>\n<p><span style=\"font-size: 20px;\">Tanta partecipazione e determinazione era inattesa La riapertura della trattativa \u00e8 avvenuta anche grazie a questo.<\/span><\/p>\n<p>&nbsp;<\/p>\n<p><a href=\"https:\/\/www.fedaiisf.it\/wp-content\/uploads\/2018\/11\/Sanofi-presidio-Milano.png\"><img loading=\"lazy\" decoding=\"async\" class=\"wp-image-39369 alignleft\" src=\"https:\/\/www.fedaiisf.it\/wp-content\/uploads\/2018\/11\/Sanofi-presidio-Milano.png\" alt=\"\" width=\"531\" height=\"283\" srcset=\"https:\/\/www.fedaiisf.it\/wp-content\/uploads\/2018\/11\/Sanofi-presidio-Milano.png 918w, https:\/\/www.fedaiisf.it\/wp-content\/uploads\/2018\/11\/Sanofi-presidio-Milano-300x160.png 300w, https:\/\/www.fedaiisf.it\/wp-content\/uploads\/2018\/11\/Sanofi-presidio-Milano-768x409.png 768w\" sizes=\"auto, (max-width: 531px) 100vw, 531px\" \/><\/a><\/p>\n<p>&nbsp;<\/p>\n<p>&nbsp;<\/p>\n<p>&nbsp;<\/p>\n<p>&nbsp;<\/p>","protected":false},"excerpt":{"rendered":"<p>Oltre duecento lavoratori di Sanofi al presidio davanti alla sede di Assolombarda, in via Panatano a Milano, dalle ore 10 alle ore 13, per protestare contro la procedura di licenziamento collettivo rivolta a 84, poi ridotta a 75, persone e intentata dall\u2019azienda nei primi giorni di settembre. Il presidio, \u00e8 stato deciso unanimemente dalle assemblee, &hellip;<\/p>","protected":false},"author":4,"featured_media":39366,"comment_status":"closed","ping_status":"closed","sticky":false,"template":"","format":"standard","meta":{"footnotes":""},"categories":[1],"tags":[21,27],"class_list":["post-39364","post","type-post","status-publish","format-standard","has-post-thumbnail","hentry","category-notizie","tag-informatori-scientifici","tag-licenziati"],"amp_enabled":true,"_links":{"self":[{"href":"https:\/\/www.fedaiisf.it\/en\/wp-json\/wp\/v2\/posts\/39364","targetHints":{"allow":["GET"]}}],"collection":[{"href":"https:\/\/www.fedaiisf.it\/en\/wp-json\/wp\/v2\/posts"}],"about":[{"href":"https:\/\/www.fedaiisf.it\/en\/wp-json\/wp\/v2\/types\/post"}],"author":[{"embeddable":true,"href":"https:\/\/www.fedaiisf.it\/en\/wp-json\/wp\/v2\/users\/4"}],"replies":[{"embeddable":true,"href":"https:\/\/www.fedaiisf.it\/en\/wp-json\/wp\/v2\/comments?post=39364"}],"version-history":[{"count":0,"href":"https:\/\/www.fedaiisf.it\/en\/wp-json\/wp\/v2\/posts\/39364\/revisions"}],"wp:featuredmedia":[{"embeddable":true,"href":"https:\/\/www.fedaiisf.it\/en\/wp-json\/wp\/v2\/media\/39366"}],"wp:attachment":[{"href":"https:\/\/www.fedaiisf.it\/en\/wp-json\/wp\/v2\/media?parent=39364"}],"wp:term":[{"taxonomy":"category","embeddable":true,"href":"https:\/\/www.fedaiisf.it\/en\/wp-json\/wp\/v2\/categories?post=39364"},{"taxonomy":"post_tag","embeddable":true,"href":"https:\/\/www.fedaiisf.it\/en\/wp-json\/wp\/v2\/tags?post=39364"}],"curies":[{"name":"wp","href":"https:\/\/api.w.org\/{rel}","templated":true}]}}