{"id":39413,"date":"2018-11-14T12:05:21","date_gmt":"2018-11-14T11:05:21","guid":{"rendered":"https:\/\/www.fedaiisf.it\/?p=39413"},"modified":"2018-11-14T12:06:41","modified_gmt":"2018-11-14T11:06:41","slug":"anmar-la-iberta-prescrittiva-del-medico-in-nome-del-minor-prezzo-viene-calpestata-in-cinque-regioni","status":"publish","type":"post","link":"https:\/\/www.fedaiisf.it\/en\/anmar-la-iberta-prescrittiva-del-medico-in-nome-del-minor-prezzo-viene-calpestata-in-cinque-regioni\/","title":{"rendered":"Anmar: &quot;The prescriptive freedom of the doctor, in the name of the &#039;lower price&#039;, is trampled on in five Regions&quot;"},"content":{"rendered":"<h1 class=\"entry-title\">Farmaci, Anmar: \u201cMinor prezzo non sia unico criterio forniture\u201d<\/h1>\n<p><a href=\"http:\/\/www.rifday.it\/2018\/11\/14\/farmaci-anmar-minor-prezzo-non-sia-unico-criterio-forniture\/\" target=\"_blank\" rel=\"noopener\"><span class=\"meta_author vcard author\"><span class=\"fn\"> RIFday<\/span><\/span> <span class=\"meta_date updated\">&#8211; novembre 14, 2018<\/span><\/a><\/p>\n<p id=\"testo_587024\">I farmaci devono garantire continuit\u00e0 terapeutica, il minor prezzo non pu\u00f2 essere l\u2019unico criterio per l\u2019acquisto a livello mregionale delle forniture poi destinate ai <a href=\"https:\/\/www.fedaiisf.it\/wp-content\/uploads\/2018\/11\/Viora_ANMAR.jpg\"><img loading=\"lazy\" decoding=\"async\" class=\"wp-image-39417 alignright\" src=\"https:\/\/www.fedaiisf.it\/wp-content\/uploads\/2018\/11\/Viora_ANMAR.jpg\" alt=\"\" width=\"447\" height=\"298\" srcset=\"https:\/\/www.fedaiisf.it\/wp-content\/uploads\/2018\/11\/Viora_ANMAR.jpg 510w, https:\/\/www.fedaiisf.it\/wp-content\/uploads\/2018\/11\/Viora_ANMAR-300x200.jpg 300w, https:\/\/www.fedaiisf.it\/wp-content\/uploads\/2018\/11\/Viora_ANMAR-274x183.jpg 274w, https:\/\/www.fedaiisf.it\/wp-content\/uploads\/2018\/11\/Viora_ANMAR-80x54.jpg 80w, https:\/\/www.fedaiisf.it\/wp-content\/uploads\/2018\/11\/Viora_ANMAR-130x87.jpg 130w, https:\/\/www.fedaiisf.it\/wp-content\/uploads\/2018\/11\/Viora_ANMAR-359x240.jpg 359w, https:\/\/www.fedaiisf.it\/wp-content\/uploads\/2018\/11\/Viora_ANMAR-85x57.jpg 85w, https:\/\/www.fedaiisf.it\/wp-content\/uploads\/2018\/11\/Viora_ANMAR-546x365.jpg 546w, https:\/\/www.fedaiisf.it\/wp-content\/uploads\/2018\/11\/Viora_ANMAR-165x109.jpg 165w, https:\/\/www.fedaiisf.it\/wp-content\/uploads\/2018\/11\/Viora_ANMAR-112x75.jpg 112w, https:\/\/www.fedaiisf.it\/wp-content\/uploads\/2018\/11\/Viora_ANMAR-179x120.jpg 179w, https:\/\/www.fedaiisf.it\/wp-content\/uploads\/2018\/11\/Viora_ANMAR-170x113.jpg 170w, https:\/\/www.fedaiisf.it\/wp-content\/uploads\/2018\/11\/Viora_ANMAR-81x55.jpg 81w, https:\/\/www.fedaiisf.it\/wp-content\/uploads\/2018\/11\/Viora_ANMAR-765x510.jpg 765w\" sizes=\"auto, (max-width: 447px) 100vw, 447px\" \/><\/a>pazienti. A ribadire questa posizione \u00e8 stato ieri <strong>Ugo Viora<\/strong> <em>(in the picture)<\/em>, vicepresidente di Anmar, l\u2019Associazione nazionale malati reumatici, a seguito dell\u2019<a href=\"http:\/\/www.rifday.it\/2018\/10\/30\/gare-farmaci-le-regioni-risparmiano-piu-acquistando-pool\/\" target=\"_blank\" rel=\"noopener\">accordo tra cinque Regioni<\/a> che ha\u00a0 permesso di bandire una gara sovraregionale per la fornitura di adalimumab, farmaco biologico usato per malattie come l\u2019artrite reumatoide, l\u2019artrite psoriasica e il morbo di Crohn, ottenendo risparmi molto consistenti sul prezzo.<\/p>\n<p><em>\u201cContinuit\u00e0 terapeutica, libert\u00e0 prescrittiva del medico, scelta condivisa delle terapie sono concetti che, in nome del \u2018minor prezzo\u2019, vengono calpestati in cinque Regioni italiane, tra cui purtroppo la nostra<\/em> (il Piemonte, NdR)\u201d afferma Viora. \u201c<em>Non abbiamo nulla contro i biosimilari e siamo consapevoli di muoverci in un contesto di contenimento delle spese, ma stupisce come il \u2018minor prezzo\u2019 sia ancora l\u2019unico criterio di aggiudicazione delle forniture\u201d.<\/em><\/p>\n<p><em>\u201cSosteniamo per primi che chiunque riesca ad accedere a una diagnosi precoce debba iniziare una terapia col farmaco a minor costo\u201d<\/em> chiarisce il vicepresidente Anmar <em>\u201cma la Costituzione sancisce il diritto alla miglior cura possibile, indipendentemente dal costo, sulla base di valutazioni sulla qualit\u00e0 della vita e sul benessere del portatore di una malattia cronica\u201d.<\/em><\/p>\n<p><a href=\"https:\/\/www.fedaiisf.it\/wp-content\/uploads\/2018\/07\/Antonio_Saitta.jpg\"><img loading=\"lazy\" decoding=\"async\" class=\"wp-image-37182 alignleft\" src=\"https:\/\/www.fedaiisf.it\/wp-content\/uploads\/2018\/07\/Antonio_Saitta.jpg\" alt=\"\" width=\"270\" height=\"181\" srcset=\"https:\/\/www.fedaiisf.it\/wp-content\/uploads\/2018\/07\/Antonio_Saitta.jpg 650w, https:\/\/www.fedaiisf.it\/wp-content\/uploads\/2018\/07\/Antonio_Saitta-300x201.jpg 300w, https:\/\/www.fedaiisf.it\/wp-content\/uploads\/2018\/07\/Antonio_Saitta-274x183.jpg 274w, https:\/\/www.fedaiisf.it\/wp-content\/uploads\/2018\/07\/Antonio_Saitta-364x245.jpg 364w, https:\/\/www.fedaiisf.it\/wp-content\/uploads\/2018\/07\/Antonio_Saitta-80x54.jpg 80w, https:\/\/www.fedaiisf.it\/wp-content\/uploads\/2018\/07\/Antonio_Saitta-130x87.jpg 130w, https:\/\/www.fedaiisf.it\/wp-content\/uploads\/2018\/07\/Antonio_Saitta-359x240.jpg 359w, https:\/\/www.fedaiisf.it\/wp-content\/uploads\/2018\/07\/Antonio_Saitta-85x57.jpg 85w, https:\/\/www.fedaiisf.it\/wp-content\/uploads\/2018\/07\/Antonio_Saitta-546x365.jpg 546w, https:\/\/www.fedaiisf.it\/wp-content\/uploads\/2018\/07\/Antonio_Saitta-266x179.jpg 266w, https:\/\/www.fedaiisf.it\/wp-content\/uploads\/2018\/07\/Antonio_Saitta-347x233.jpg 347w, https:\/\/www.fedaiisf.it\/wp-content\/uploads\/2018\/07\/Antonio_Saitta-112x75.jpg 112w, https:\/\/www.fedaiisf.it\/wp-content\/uploads\/2018\/07\/Antonio_Saitta-179x120.jpg 179w, https:\/\/www.fedaiisf.it\/wp-content\/uploads\/2018\/07\/Antonio_Saitta-170x113.jpg 170w, https:\/\/www.fedaiisf.it\/wp-content\/uploads\/2018\/07\/Antonio_Saitta-81x55.jpg 81w, https:\/\/www.fedaiisf.it\/wp-content\/uploads\/2018\/07\/Antonio_Saitta-765x510.jpg 765w\" sizes=\"auto, (max-width: 270px) 100vw, 270px\" \/><\/a>Secondo Viora, che ha inviato una lettera anche all\u2019assessore alla Sanit\u00e0 della Regione Piemonte <strong>Antonio Saitta<\/strong>, <em>\u201cil fatto che ben cinque regioni abbiano scelto lo stesso farmaco pone l\u2019enorme problema di chi \u00e8 gi\u00e0 in trattamento, magari da molti anni, che volente o nolente si trover\u00e0 a cambiare farmaco\u201d<\/em>. Il tutto <em>\u201csenza che ci siano<\/em> <em>studi di comparazione tra un biosimilare e l\u2019altro, simile rispetto all\u2019originatore di partenza \u201cma non uguale\u00a0 e non automaticamente sostituibile\u201d.<\/em><\/p>\n<p>L\u2019auspicio del vicepresidente Anmar \u00e8 che <em>\u201cuna parte dell\u2019ingente risparmio effettuato sulla nostra pelle possa essere reinvestita, per alleviare le ormai croniche sofferenze della reumatologia piemontese\u201d,<\/em> come i tempi biblici per ottenere una visita specialistica. Nel frattempo, l\u2019invito ai pazienti \u00e8 di \u201c<em>segnalare eventuali difficolt\u00e0 all\u2019associazione\u201d<\/em>, che promette di <em>\u201cfare da collettore a tutte le istanze, trasmettendole alla Regione Piemonte, capofila della gara a cui si sono assiciate Lazio, Sardegna, Valle d\u2019Aosta e Veneto \u2013 per una popolazione totale di 17 milioni di persone. Il costo sostenuto \u00e8 stato ridotto del 65%, con un risparmio di oltre 31 milioni di euro, \u201cma non sempre risparmio \u2013 conclude Viora \u2013 fa rima con il benessere dei pazienti\u201d.<\/em><\/p>\n<p>Related news: <a href=\"http:\/\/www.anmar-italia.it\/templates\/anmar2014\/media\/documenti\/LETTERA_AL_PRESIDENTE_DELLA_REPUBBLICA_30_10_2018.pdf\" target=\"_blank\" rel=\"noopener\">Lettera aperta di ANMAR al Presidente della Repubblica: No al farmaco di stato<\/a><\/p>\n<p><a href=\"http:\/\/www.rassegna.it\/articoli\/smantellano-la-sanita-assemblea-a-roma\" target=\"_blank\" rel=\"noopener\">Intersindacale medica. \u00abSmantellano la sanit\u00e0\u00bb: assemblea a Roma<\/a><\/p>\n<p><a href=\"https:\/\/www.fedaiisf.it\/en\/zingaretti-laccordo-tra-5-regioni-per-acquisto-farmaci-e-rivoluzionario\/\" target=\"_blank\" rel=\"noopener\">Zingaretti: &quot;The agreement between 5 Regions for the purchase of medicines is revolutionary&quot;. ANMAR: &quot;No to state drugs&quot;<\/a><\/p>","protected":false},"excerpt":{"rendered":"<p>Farmaci, Anmar: \u201cMinor prezzo non sia unico criterio forniture\u201d RIFday &#8211; novembre 14, 2018 I farmaci devono garantire continuit\u00e0 terapeutica, il minor prezzo non pu\u00f2 essere l\u2019unico criterio per l\u2019acquisto a livello mregionale delle forniture poi destinate ai pazienti. A ribadire questa posizione \u00e8 stato ieri Ugo Viora (nella foto), vicepresidente di Anmar, l\u2019Associazione nazionale &hellip;<\/p>","protected":false},"author":4,"featured_media":39421,"comment_status":"closed","ping_status":"closed","sticky":false,"template":"","format":"standard","meta":{"footnotes":""},"categories":[1],"tags":[26],"class_list":["post-39413","post","type-post","status-publish","format-standard","has-post-thumbnail","hentry","category-notizie","tag-spesa-farmaceutica"],"amp_enabled":true,"_links":{"self":[{"href":"https:\/\/www.fedaiisf.it\/en\/wp-json\/wp\/v2\/posts\/39413","targetHints":{"allow":["GET"]}}],"collection":[{"href":"https:\/\/www.fedaiisf.it\/en\/wp-json\/wp\/v2\/posts"}],"about":[{"href":"https:\/\/www.fedaiisf.it\/en\/wp-json\/wp\/v2\/types\/post"}],"author":[{"embeddable":true,"href":"https:\/\/www.fedaiisf.it\/en\/wp-json\/wp\/v2\/users\/4"}],"replies":[{"embeddable":true,"href":"https:\/\/www.fedaiisf.it\/en\/wp-json\/wp\/v2\/comments?post=39413"}],"version-history":[{"count":0,"href":"https:\/\/www.fedaiisf.it\/en\/wp-json\/wp\/v2\/posts\/39413\/revisions"}],"wp:featuredmedia":[{"embeddable":true,"href":"https:\/\/www.fedaiisf.it\/en\/wp-json\/wp\/v2\/media\/39421"}],"wp:attachment":[{"href":"https:\/\/www.fedaiisf.it\/en\/wp-json\/wp\/v2\/media?parent=39413"}],"wp:term":[{"taxonomy":"category","embeddable":true,"href":"https:\/\/www.fedaiisf.it\/en\/wp-json\/wp\/v2\/categories?post=39413"},{"taxonomy":"post_tag","embeddable":true,"href":"https:\/\/www.fedaiisf.it\/en\/wp-json\/wp\/v2\/tags?post=39413"}],"curies":[{"name":"wp","href":"https:\/\/api.w.org\/{rel}","templated":true}]}}