{"id":39527,"date":"2018-11-22T12:16:42","date_gmt":"2018-11-22T11:16:42","guid":{"rendered":"https:\/\/www.fedaiisf.it\/?p=39527"},"modified":"2018-12-12T13:05:53","modified_gmt":"2018-12-12T12:05:53","slug":"farmigea-nulla-di-fatto-nellincontro-in-regione-il-sindaco-di-pisa-che-aveva-promosso-lincontro-non-si-e-visto","status":"publish","type":"post","link":"https:\/\/www.fedaiisf.it\/en\/farmigea-nulla-di-fatto-nellincontro-in-regione-il-sindaco-di-pisa-che-aveva-promosso-lincontro-non-si-e-visto\/","title":{"rendered":"Farmigea. Nulla di fatto nell&#8217;incontro in Regione. Il sindaco di Pisa, che aveva promosso l&#8217;incontro, non si \u00e8 visto. Sconforto fra gli ISF"},"content":{"rendered":"<p>Marted\u00ec c\u2019\u00e8 stato l&#8217;incontro in Regione Farmigea Sindacati, purtroppo inconcludente. Quello che ha suscitato scalpore \u00e8 il sindaco di Pisa, che tanto aveva appoggiato la mozione, che non si \u00e8 presentato.<\/p>\n<p>Cos\u00ec ha riportato un comunicato di &#8220;Diritti in comune: Una citt\u00e0 in comune &#8211; Rifondazione Comunista &#8211; Pisa Possibile&#8221;, riportato da <a href=\"https:\/\/www.gonews.it\/2018\/11\/21\/farmigea-la-sinistra-attacca-conti-diserta-lunita-crisi\/\" target=\"_blank\" rel=\"noopener\">GoNews del 21 novembre 2018:<\/a><\/p>\n<hr \/>\n<h2><em>Farmigea, la sinistra attacca: &#8220;Conti diserta l&#8217;Unit\u00e0 di Crisi&#8221;<\/em><\/h2>\n<div>\n<p><em>&#8220;Il sindaco Conti ha disertato la riunione dell&#8217;Unit\u00e0 di crisi per i licenziamenti della Farmigea svoltasi ieri presso la sede della Regione Toscana, a cui erano presenti anche le organizzazioni sindacali. Non ha ritenuto opportuno inviare un suo delegato n\u00e9 alcuna giustificazione sull&#8217;assenza del Comune di Pisa.<\/em><\/p>\n<div>\n<p><em>Si tratta di un fatto grave, specie a fronte dell&#8217;approvazione all&#8217;unanimit\u00e0 in Consiglio comunale della mozione, presentata dal nostro gruppo consiliare, in cui esplicitamente il Sindaco si impegnava ad &#8220;attivare tutte le iniziative opportune, anche in accordo con la Regione Toscana, per scongiurare i licenziamenti&#8221;. Siamo di fronte ad una vertenza difficilissima in cui l&#8217;azienda ha confermato la decisione di licenziare 61 lavoratori e lavoratrici, e quindi sarebbe stato ancora pi\u00f9 necessario un segnale chiaro e forte delle istituzioni.<\/em><\/p>\n<p><em>Di contro, invece, questa assenza assume un peso di grande rilevanza. Invece di affrontare i veri problemi e temi di Pisa, a partire da quello del lavoro, Conti e la sua maggioranza sono impegnati ad occuparsi di crocifissi e presepi, e a inseguire i giovani della nostra citt\u00e0 con le idropulitrici.<\/em><\/p>\n<p><em>Siamo di fronte ad una assenza politica ingiustificata ed ingiustificabile. A chi ripete in maniera ossessiva &#8220;prima gli italiani&#8221; come semplice slogan razzista, noi replichiamo: Prima il diritto al lavoro! Prima i diritti dei lavoratori e delle lavoratrici! . A fronte di tutto ci\u00f2 incalzeremo nuovamente Conti e la sua giunta perch\u00e9 il Comune di Pisa non pu\u00f2 e non deve lasciare solo chi si batte per difendere il proprio posto di lavoro&#8221;.<\/em><\/p>\n<hr \/>\n<p><a href=\"https:\/\/www.fedaiisf.it\/wp-content\/uploads\/2018\/11\/Farmigea-DG-Roberta-Russo.jpg\"><img loading=\"lazy\" decoding=\"async\" class=\"wp-image-39533 alignleft\" src=\"https:\/\/www.fedaiisf.it\/wp-content\/uploads\/2018\/11\/Farmigea-DG-Roberta-Russo.jpg\" alt=\"\" width=\"234\" height=\"234\" srcset=\"https:\/\/www.fedaiisf.it\/wp-content\/uploads\/2018\/11\/Farmigea-DG-Roberta-Russo.jpg 200w, https:\/\/www.fedaiisf.it\/wp-content\/uploads\/2018\/11\/Farmigea-DG-Roberta-Russo-150x150.jpg 150w, https:\/\/www.fedaiisf.it\/wp-content\/uploads\/2018\/11\/Farmigea-DG-Roberta-Russo-36x36.jpg 36w\" sizes=\"auto, (max-width: 234px) 100vw, 234px\" \/><\/a>Le prospettive per gli Informatori di Farmigea si fanno sempre pi\u00f9 buie. Con questa settimana rimangono gli ultimi 30 giorni di trattativa previsti dalle norme sui licenziamenti collettivi, dopo di che gli ISF licenziati saranno chiamati singolarmente a firmare il licenziamento e il &#8220;verbale di conciliazione&#8221;. Farmigea nel frattempo non si \u00e8 pi\u00f9 fatta sentire n\u00e9 ha mostrato nessuna apertura nei confronti degli ISF. L&#8217;unica apparizione pubblica \u00e8 stata postata su Linkedin con tanto di foto con il <a href=\"https:\/\/www.fedaiisf.it\/en\/mario-federighi-ad-di-farmigea-aiuta-il-museo-caproni-sovvenziona-la-pallamano-ma-licenzia-61-isf\/\" target=\"_blank\" rel=\"noopener\">filantropo<\/a> Federighi contento alla CIIE China International Import Expo di Shanghai che si \u00e8 conclusa settimana scorsa (che sia andato a cercare di vendere tutto ai cinesi?).<\/p>\n<p>In questo momento gli ISF coinvolti nel licenziamento collettivo, si sentono sull&#8217;orlo del baratro: senza lavoro, senza risorse economiche, mutui da pagare, i pi\u00f9 &#8220;anziani&#8221; con difficolt\u00e0 enormi per ricollocarsi, contributi previdenziali che verranno a mancare, con il rischio di non poter arrivare al minimo pensionabile o un inutile versamento Enasarco che non potranno mai riscuotere perch\u00e9 servono almeno 20 anni di contributi, impossibili da raggiungere per un sessantenne (ammesso che possa trovarsi un lavoro da agente o simile).<\/p>\n<p>Dal 2007 ad oggi sono stati licenziati 15.000 ISF nell&#8217;indifferenza e nel silenzio generale. Ancora aspettano giustizia gli ISF Marvecs e XPharma. La strage lavorativa di ISF cintinua.<\/p>\n<p>Riportiamo alcuni tratti salienti del Documento di lkicenziamento collettivo di Farmigea<\/p>\n<p><a href=\"https:\/\/www.fedaiisf.it\/wp-content\/uploads\/2018\/11\/Farmigea-documento-licenziamento-1.png\"><img loading=\"lazy\" decoding=\"async\" class=\"alignnone wp-image-39528\" src=\"https:\/\/www.fedaiisf.it\/wp-content\/uploads\/2018\/11\/Farmigea-documento-licenziamento-1.png\" alt=\"\" width=\"869\" height=\"612\" srcset=\"https:\/\/www.fedaiisf.it\/wp-content\/uploads\/2018\/11\/Farmigea-documento-licenziamento-1.png 896w, https:\/\/www.fedaiisf.it\/wp-content\/uploads\/2018\/11\/Farmigea-documento-licenziamento-1-300x211.png 300w, https:\/\/www.fedaiisf.it\/wp-content\/uploads\/2018\/11\/Farmigea-documento-licenziamento-1-768x541.png 768w\" sizes=\"auto, (max-width: 869px) 100vw, 869px\" \/><\/a><\/p>\n<p><a href=\"https:\/\/www.fedaiisf.it\/wp-content\/uploads\/2018\/11\/Farmigea-Documento-licenziamento-2.png\"><img loading=\"lazy\" decoding=\"async\" class=\"alignnone wp-image-39529\" src=\"https:\/\/www.fedaiisf.it\/wp-content\/uploads\/2018\/11\/Farmigea-Documento-licenziamento-2.png\" alt=\"\" width=\"869\" height=\"859\" srcset=\"https:\/\/www.fedaiisf.it\/wp-content\/uploads\/2018\/11\/Farmigea-Documento-licenziamento-2.png 862w, https:\/\/www.fedaiisf.it\/wp-content\/uploads\/2018\/11\/Farmigea-Documento-licenziamento-2-300x297.png 300w, https:\/\/www.fedaiisf.it\/wp-content\/uploads\/2018\/11\/Farmigea-Documento-licenziamento-2-768x759.png 768w, https:\/\/www.fedaiisf.it\/wp-content\/uploads\/2018\/11\/Farmigea-Documento-licenziamento-2-36x36.png 36w\" sizes=\"auto, (max-width: 869px) 100vw, 869px\" \/><\/a><\/p>\n<p>&nbsp;<\/p>\n<p><a href=\"https:\/\/www.fedaiisf.it\/wp-content\/uploads\/2018\/11\/Farmigea-Documento-licenziati.jpg\"><img loading=\"lazy\" decoding=\"async\" class=\"size-large wp-image-39530 aligncenter\" src=\"https:\/\/www.fedaiisf.it\/wp-content\/uploads\/2018\/11\/Farmigea-Documento-licenziati-600x1024.jpg\" alt=\"\" width=\"600\" height=\"1024\" srcset=\"https:\/\/www.fedaiisf.it\/wp-content\/uploads\/2018\/11\/Farmigea-Documento-licenziati-600x1024.jpg 600w, https:\/\/www.fedaiisf.it\/wp-content\/uploads\/2018\/11\/Farmigea-Documento-licenziati-176x300.jpg 176w, https:\/\/www.fedaiisf.it\/wp-content\/uploads\/2018\/11\/Farmigea-Documento-licenziati-768x1311.jpg 768w, https:\/\/www.fedaiisf.it\/wp-content\/uploads\/2018\/11\/Farmigea-Documento-licenziati.jpg 831w\" sizes=\"auto, (max-width: 600px) 100vw, 600px\" \/><\/a><\/p>\n<\/div>\n<\/div>","protected":false},"excerpt":{"rendered":"<p>Marted\u00ec c\u2019\u00e8 stato l&#8217;incontro in Regione Farmigea Sindacati, purtroppo inconcludente. Quello che ha suscitato scalpore \u00e8 il sindaco di Pisa, che tanto aveva appoggiato la mozione, che non si \u00e8 presentato. Cos\u00ec ha riportato un comunicato di &#8220;Diritti in comune: Una citt\u00e0 in comune &#8211; Rifondazione Comunista &#8211; Pisa Possibile&#8221;, riportato da GoNews del 21 &hellip;<\/p>","protected":false},"author":4,"featured_media":39535,"comment_status":"closed","ping_status":"closed","sticky":false,"template":"","format":"standard","meta":{"footnotes":""},"categories":[16],"tags":[],"class_list":["post-39527","post","type-post","status-publish","format-standard","has-post-thumbnail","hentry","category-primo-piano"],"amp_enabled":true,"_links":{"self":[{"href":"https:\/\/www.fedaiisf.it\/en\/wp-json\/wp\/v2\/posts\/39527","targetHints":{"allow":["GET"]}}],"collection":[{"href":"https:\/\/www.fedaiisf.it\/en\/wp-json\/wp\/v2\/posts"}],"about":[{"href":"https:\/\/www.fedaiisf.it\/en\/wp-json\/wp\/v2\/types\/post"}],"author":[{"embeddable":true,"href":"https:\/\/www.fedaiisf.it\/en\/wp-json\/wp\/v2\/users\/4"}],"replies":[{"embeddable":true,"href":"https:\/\/www.fedaiisf.it\/en\/wp-json\/wp\/v2\/comments?post=39527"}],"version-history":[{"count":0,"href":"https:\/\/www.fedaiisf.it\/en\/wp-json\/wp\/v2\/posts\/39527\/revisions"}],"wp:featuredmedia":[{"embeddable":true,"href":"https:\/\/www.fedaiisf.it\/en\/wp-json\/wp\/v2\/media\/39535"}],"wp:attachment":[{"href":"https:\/\/www.fedaiisf.it\/en\/wp-json\/wp\/v2\/media?parent=39527"}],"wp:term":[{"taxonomy":"category","embeddable":true,"href":"https:\/\/www.fedaiisf.it\/en\/wp-json\/wp\/v2\/categories?post=39527"},{"taxonomy":"post_tag","embeddable":true,"href":"https:\/\/www.fedaiisf.it\/en\/wp-json\/wp\/v2\/tags?post=39527"}],"curies":[{"name":"wp","href":"https:\/\/api.w.org\/{rel}","templated":true}]}}