{"id":39660,"date":"2018-11-29T18:56:01","date_gmt":"2018-11-29T17:56:01","guid":{"rendered":"https:\/\/www.fedaiisf.it\/?p=39660"},"modified":"2018-11-29T18:56:01","modified_gmt":"2018-11-29T17:56:01","slug":"bayer-tagliera-12000-posti-di-lavoro-nel-mondo-1250-nella-farmaceutica","status":"publish","type":"post","link":"https:\/\/www.fedaiisf.it\/en\/bayer-tagliera-12000-posti-di-lavoro-nel-mondo-1250-nella-farmaceutica\/","title":{"rendered":"Bayer will cut 12,000 jobs worldwide, 1,250 in pharmaceuticals"},"content":{"rendered":"<hgroup class=\"c-article_hGroup \">\n<h2 class=\"c-article_subTitle\">Ridimensionamento entro il 2021. Una parte consistente dei licenziamenti avverr\u00e0 in Germania, nel settore agrochimico e amministrativo<\/h2>\n<\/hgroup>\n<pre><a href=\"https:\/\/www.rsi.ch\/news\/mondo\/Bayer-taglia-12000-posti-11153208.html\" target=\"_blank\" rel=\"noopener\">RSI News - 29 novembre 2018<\/a><\/pre>\n<p class=\" c-article_paragraph\"><span style=\"font-size: 18px;\">La Bayer, colosso tedesco della chimica e della farmaceutica, ha annunciato gioved\u00ec che taglier\u00e0 12&#8217;000 posti di lavoro nel mondo. Quasi la met\u00e0 di queste posizioni verr\u00e0 soppressa nel settore dei servizi amministrativi, 4&#8217;100 nella divisione agrochimica (un risultato del matrimonio con la Monsanto), 1&#8217;250 nella farmaceutica e 1&#8217;100 nel settore della produzione di <a href=\"https:\/\/www.fedaiisf.it\/wp-content\/uploads\/2018\/11\/Bayer-Bauman-CEO.png\"><img loading=\"lazy\" decoding=\"async\" class=\" wp-image-39664 alignright\" src=\"https:\/\/www.fedaiisf.it\/wp-content\/uploads\/2018\/11\/Bayer-Bauman-CEO.png\" alt=\"\" width=\"352\" height=\"233\" srcset=\"https:\/\/www.fedaiisf.it\/wp-content\/uploads\/2018\/11\/Bayer-Bauman-CEO.png 397w, https:\/\/www.fedaiisf.it\/wp-content\/uploads\/2018\/11\/Bayer-Bauman-CEO-300x199.png 300w, https:\/\/www.fedaiisf.it\/wp-content\/uploads\/2018\/11\/Bayer-Bauman-CEO-80x54.png 80w, https:\/\/www.fedaiisf.it\/wp-content\/uploads\/2018\/11\/Bayer-Bauman-CEO-130x87.png 130w, https:\/\/www.fedaiisf.it\/wp-content\/uploads\/2018\/11\/Bayer-Bauman-CEO-85x57.png 85w, https:\/\/www.fedaiisf.it\/wp-content\/uploads\/2018\/11\/Bayer-Bauman-CEO-165x109.png 165w, https:\/\/www.fedaiisf.it\/wp-content\/uploads\/2018\/11\/Bayer-Bauman-CEO-112x75.png 112w, https:\/\/www.fedaiisf.it\/wp-content\/uploads\/2018\/11\/Bayer-Bauman-CEO-170x113.png 170w, https:\/\/www.fedaiisf.it\/wp-content\/uploads\/2018\/11\/Bayer-Bauman-CEO-81x55.png 81w\" sizes=\"auto, (max-width: 352px) 100vw, 352px\" \/><\/a>farmaci senza ricetta. Una buona parte dei tagli, inoltre, avverr\u00e0 in Germania.<\/span><\/p>\n<p class=\" c-article_paragraph\"><span style=\"font-size: 18px;\">&#8220;Questi cambiamenti sono necessari e getteranno nuove basi per la Bayer, consentendole di migliorare le sue prestazioni e flessibilit\u00e0&#8221;, ha dichiarato il capo del gruppo di Leverkusen Werner Baumann.<\/span><\/p>\n<p class=\" c-article_paragraph\"><span style=\"font-size: 18px;\">La multinazionale ha dichiarato anche di voler cedere la sua divisione per la salute degli animali, e di voler rivedere le sue opzioni strategiche riguardo alle creme solari Coppertone e ai suoi prodotti per la cura dei piedi Dr. Scholl.<\/span><\/p>\n<p class=\" c-article_paragraph\"><span style=\"font-size: 18px;\">La Bayer aveva comprato quest&#8217;anno la Monsanto per 63 miliardi dollari, colosso statunitense degli OGM e produttrice, tra le altre cose, del controverso glifosato.<\/span><\/p>\n<p><span class=\"tlid-translation translation\" style=\"font-size: 18px;\"><span class=\"\" title=\"\">Le azioni di Bayer sono diminuite di oltre un terzo quest&#8217;anno, in parte a causa delle preoccupazioni per l&#8217;esposizione dell&#8217;azienda a cause legali riguardanti Roundup, un diserbante prodotto dalla Monsanto.<\/span><\/span><\/p>\n<p><span class=\"\" style=\"font-size: 18px;\" title=\"\">Ad agosto, i giurati di San Francisco hanno condannato Bayer a pagare 289 milioni di dollari di danni a un paziente che ha dichiarato che il suo cancro terminale era stato causato dal prodotto contenente glifosato.<\/span><br \/>\n<span style=\"font-size: 18px;\"><span class=\"\" title=\"\">I danni sono stati successivamente ridotti da un giudice, ma centinaia di altri pazienti hanno fatto affermazioni simili.<\/span> <span title=\"\">Monsanto ha detto che il prodotto \u00e8 sicuro se usato come indicato.<\/span><\/span><\/p>\n<hr \/>\n<p>Note<\/p>\n<p class=\"name\"><strong>Werner Baumann<\/strong>, 56 anni, Chairman of the Board of Management &amp; CEO,<a href=\"https:\/\/www.bloomberg.com\/research\/stocks\/snapshot\/snapshot.asp?capId=103375\" target=\"_blank\" rel=\"noopener\">\u00a0Bayer Aktiengesellschaft<\/a>, ha percepito nell&#8217;anno fiscale 2017 un compenso totale di <strong>\u20ac 3,832,000 <\/strong>[<a href=\"https:\/\/www.bloomberg.com\/research\/stocks\/people\/person.asp?personId=20528579&amp;privcapId=103375\" target=\"_blank\" rel=\"noopener\">fonte Bloomberg<\/a>]\n<p>Notizie correlate: <a href=\"https:\/\/www.bloomberg.com\/news\/articles\/2018-11-29\/bayer-cuts-12-000-jobs-plans-to-exit-animal-health-business\" target=\"_blank\" rel=\"noopener\">Bayer to Cut 12,000 Jobs, Exit Vet Unit Amid Drag From Suits<\/a><\/p>\n<address class=\"lede-text-v2__byline\">By<\/p>\n<div class=\"author-v2\"><a class=\"author-v2__byline\" href=\"https:\/\/www.bloomberg.com\/authors\/AR59NPg6Rs0\/tim-loh\" rel=\"author noopener\" target=\"_blank\">Tim Loh<\/a><\/div>\n<p>and<\/p>\n<div class=\"author-v2\"><a class=\"author-v2__byline\" href=\"https:\/\/www.bloomberg.com\/authors\/APcZTBzhnK8\/naomi-kresge\" rel=\"author noopener\" target=\"_blank\">Naomi Kresge<\/a><\/div>\n<\/address>\n","protected":false},"excerpt":{"rendered":"<p>Ridimensionamento entro il 2021. Una parte consistente dei licenziamenti avverr\u00e0 in Germania, nel settore agrochimico e amministrativo RSI News &#8211; 29 novembre 2018 La Bayer, colosso tedesco della chimica e della farmaceutica, ha annunciato gioved\u00ec che taglier\u00e0 12&#8217;000 posti di lavoro nel mondo. Quasi la met\u00e0 di queste posizioni verr\u00e0 soppressa nel settore dei servizi &hellip;<\/p>","protected":false},"author":4,"featured_media":39665,"comment_status":"closed","ping_status":"closed","sticky":false,"template":"","format":"standard","meta":{"footnotes":""},"categories":[1],"tags":[27],"class_list":["post-39660","post","type-post","status-publish","format-standard","has-post-thumbnail","hentry","category-notizie","tag-licenziati"],"amp_enabled":true,"_links":{"self":[{"href":"https:\/\/www.fedaiisf.it\/en\/wp-json\/wp\/v2\/posts\/39660","targetHints":{"allow":["GET"]}}],"collection":[{"href":"https:\/\/www.fedaiisf.it\/en\/wp-json\/wp\/v2\/posts"}],"about":[{"href":"https:\/\/www.fedaiisf.it\/en\/wp-json\/wp\/v2\/types\/post"}],"author":[{"embeddable":true,"href":"https:\/\/www.fedaiisf.it\/en\/wp-json\/wp\/v2\/users\/4"}],"replies":[{"embeddable":true,"href":"https:\/\/www.fedaiisf.it\/en\/wp-json\/wp\/v2\/comments?post=39660"}],"version-history":[{"count":0,"href":"https:\/\/www.fedaiisf.it\/en\/wp-json\/wp\/v2\/posts\/39660\/revisions"}],"wp:featuredmedia":[{"embeddable":true,"href":"https:\/\/www.fedaiisf.it\/en\/wp-json\/wp\/v2\/media\/39665"}],"wp:attachment":[{"href":"https:\/\/www.fedaiisf.it\/en\/wp-json\/wp\/v2\/media?parent=39660"}],"wp:term":[{"taxonomy":"category","embeddable":true,"href":"https:\/\/www.fedaiisf.it\/en\/wp-json\/wp\/v2\/categories?post=39660"},{"taxonomy":"post_tag","embeddable":true,"href":"https:\/\/www.fedaiisf.it\/en\/wp-json\/wp\/v2\/tags?post=39660"}],"curies":[{"name":"wp","href":"https:\/\/api.w.org\/{rel}","templated":true}]}}