{"id":39800,"date":"2018-12-07T12:31:04","date_gmt":"2018-12-07T11:31:04","guid":{"rendered":"https:\/\/www.fedaiisf.it\/?p=39800"},"modified":"2018-12-07T18:30:02","modified_gmt":"2018-12-07T17:30:02","slug":"manovra-ministro-grillo-il-governo-sta-dalla-parte-dei-farmacisti","status":"publish","type":"post","link":"https:\/\/www.fedaiisf.it\/en\/manovra-ministro-grillo-il-governo-sta-dalla-parte-dei-farmacisti\/","title":{"rendered":"Maneuver, Minister Grillo: &quot;The government is on the side of pharmacists&quot;"},"content":{"rendered":"<div class=\"img\"><img decoding=\"async\" class=\"alignright\" src=\"https:\/\/www.federfarma.it\/getattachment\/9c012f82-bf28-4912-b810-684f70dff879\/notizia-grillo.aspx?maxsidesize=200\" alt=\"\" \/><\/div>\n<p class=\"Text\">&#8220;Il principio per cui nelle farmacie italiane il 51% del capitale di gestione dev&#8217;essere rappresentato da farmacisti iscritti all&#8217;albo e&#8217; per me fondamentale: si tratta di un argine al rischio di strapotere delle societa&#8217; di capitale internazionali che possono fare piazza pulita delle piccole farmacie. Il governo sta dalla parte dei farmacisti&#8221;. Lo afferma su Fb il ministro della Salute, <strong>Giulia Grillo<\/strong>, in merito al sub emendamento sulla questione alla legge di bilancio che e&#8217; stato espunto dal testo.<\/p>\n<p>&#8220;Quella norma &#8211; sottolinea Grillo &#8211; serve a impedire la svendita delle nostre farmacie alle catene che pagano le tasse all&#8217;estero, chissa&#8217; dove, e la distruzione del lavoro dei farmacisti che sono professionisti sanitari e dunque rappresentano per tutti i cittadini, soprattutto nei piccoli centri, le sentinelle e spesso il primo punto di riferimento sanitario. Difendo i nostri farmacisti che lavorano e pagano le tasse in Italia. Il governo sta dalla loro parte, il Partito democratico &#8211; rileva &#8211; evidentemente no, visto l&#8217;atteggiamento che sta avendo in Parlamento e il regalo fatto proprio dal governo Gentiloni alle lobby internazionali&#8221;.<\/p>\n<p>&#8220;Auspico che, nel pieno rispetto del dibattito parlamentare &#8211; conclude il ministro &#8211; la norma sia approvata, nonostante le resistenze del partito che ha governato questo Paese in modo disastroso in questi ultimi cinque anni&#8221;.<\/p>\n<p><a href=\"https:\/\/www.federfarma.it\/Edicola\/Filodiretto\/VediNotizia.aspx?id=18353\" target=\"_blank\" rel=\"noopener\">Federfarma &#8211; 7 dicembre 2018<\/a><\/p>\n<p>Related news: <a href=\"http:\/\/www.quotidianosanita.it\/governo-e-parlamento\/articolo.php?articolo_id=68792\" target=\"_blank\" rel=\"noopener\">Manovra. Farmacie, se il PD tifa per le grandi catene<\/a><\/p>\n<p class=\"site-block__title\"><a href=\"https:\/\/www.aboutpharma.com\/blog\/2018\/12\/06\/la-manovra-al-voto-della-camera-le-novita-per-la-farmaceutica\/\" target=\"_blank\" rel=\"noopener\">La manovra al voto della Camera: le novit\u00e0 per la farmaceutica<\/a><\/p>\n<hr \/>\n<div>\n<div class=\"titolo\">\n<h2 class=\"Title\">Propriet\u00e0 farmacie e sconti Ssn: il quadro finale in attesa del voto<\/h2>\n<div class=\"Date\"><a href=\"https:\/\/www.federfarma.it\/Edicola\/Filodiretto\/VediNotizia.aspx?id=18342\" target=\"_blank\" rel=\"noopener\">07\/12\/2018 Federfarma<\/a><\/div>\n<div><\/div>\n<\/div>\n<div class=\"Text\">\n<div class=\"img\"><img decoding=\"async\" class=\"alignleft\" src=\"https:\/\/www.federfarma.it\/getattachment\/b6cdc9e2-5867-4036-833e-cf819d41bb0e\/1.aspx?maxsidesize=200\" alt=\"\" \/><\/div>\n<p>Sono fasi convulse quelle in corso in questi giorni in Parlamento dove \u00e8 approdata la Manovra di Bilancio 2018. Proprio sulla farmacia si sono susseguite notizie incalzanti di conferme e smentite rispetto a provvedimenti di interesse per la categoria. E\u2019 bene fare ora un riepilogo chiarificatore.<\/p>\n<p>La Commissione Bilancio della Camera aveva licenziato un testo, nella giornata di marted\u00ec, che conteneva alcuni emendamenti chiave riguardanti propriet\u00e0 delle farmacie per le societ\u00e0 di capitali &#8211; che sarebbe dovuta appartenere per il 51% a farmacisti iscritti all\u2019albo &#8211; e sconti Ssn per le piccole farmacie.<\/p>\n<p>Sul primo fronte, nella serata dello stesso marted\u00ec, il presidente della Camera Roberto Fico, su esplicita richiesta del Pd,<br \/>\nha stralciato l\u2019emendamento, in quanto definita misura &#8220;ordinamentale&#8221; non consentita in legge di Bilancio. Quindi, nulla di fatto su questo fronte, per lo meno in finanziaria. In futuro si vedr\u00e0. Secco, non pi\u00f9 tardi di ieri sera, il commento del ministro Giulia Grillo che, da Facebook, assicura la vicinanza del governo ai farmacisti e il loro diritto ad essere tutelati contro il capitale.<\/p>\n<p>Niente cambia invece per le altre proposte che riguardano le farmacie e, in particolare, quelle sul metodo di calcolo dei fatturati di riferimento per l\u2019applicazione degli sconti agevolati Ssn e sull\u2019esonero dagli sconti per le piccole farmacie, con fatturato Ssn inferiore a 15O mila euro. Per questo, si attende ora l\u2019esito delle votazioni alla Camera, dove \u00e8 previsto il voto di fiducia.<\/p>\n<\/div>\n<\/div>","protected":false},"excerpt":{"rendered":"<p>&#8220;Il principio per cui nelle farmacie italiane il 51% del capitale di gestione dev&#8217;essere rappresentato da farmacisti iscritti all&#8217;albo e&#8217; per me fondamentale: si tratta di un argine al rischio di strapotere delle societa&#8217; di capitale internazionali che possono fare piazza pulita delle piccole farmacie. Il governo sta dalla parte dei farmacisti&#8221;. Lo afferma su &hellip;<\/p>","protected":false},"author":4,"featured_media":39801,"comment_status":"closed","ping_status":"closed","sticky":false,"template":"","format":"standard","meta":{"footnotes":""},"categories":[1],"tags":[41],"class_list":["post-39800","post","type-post","status-publish","format-standard","has-post-thumbnail","hentry","category-notizie","tag-leggisentenze"],"amp_enabled":true,"_links":{"self":[{"href":"https:\/\/www.fedaiisf.it\/en\/wp-json\/wp\/v2\/posts\/39800","targetHints":{"allow":["GET"]}}],"collection":[{"href":"https:\/\/www.fedaiisf.it\/en\/wp-json\/wp\/v2\/posts"}],"about":[{"href":"https:\/\/www.fedaiisf.it\/en\/wp-json\/wp\/v2\/types\/post"}],"author":[{"embeddable":true,"href":"https:\/\/www.fedaiisf.it\/en\/wp-json\/wp\/v2\/users\/4"}],"replies":[{"embeddable":true,"href":"https:\/\/www.fedaiisf.it\/en\/wp-json\/wp\/v2\/comments?post=39800"}],"version-history":[{"count":0,"href":"https:\/\/www.fedaiisf.it\/en\/wp-json\/wp\/v2\/posts\/39800\/revisions"}],"wp:featuredmedia":[{"embeddable":true,"href":"https:\/\/www.fedaiisf.it\/en\/wp-json\/wp\/v2\/media\/39801"}],"wp:attachment":[{"href":"https:\/\/www.fedaiisf.it\/en\/wp-json\/wp\/v2\/media?parent=39800"}],"wp:term":[{"taxonomy":"category","embeddable":true,"href":"https:\/\/www.fedaiisf.it\/en\/wp-json\/wp\/v2\/categories?post=39800"},{"taxonomy":"post_tag","embeddable":true,"href":"https:\/\/www.fedaiisf.it\/en\/wp-json\/wp\/v2\/tags?post=39800"}],"curies":[{"name":"wp","href":"https:\/\/api.w.org\/{rel}","templated":true}]}}