{"id":39935,"date":"2018-12-12T19:46:45","date_gmt":"2018-12-12T18:46:45","guid":{"rendered":"https:\/\/www.fedaiisf.it\/?p=39935"},"modified":"2018-12-12T21:55:38","modified_gmt":"2018-12-12T20:55:38","slug":"cricelli-simg-si-alla-revisione-della-governance-farmaceutica-ma-fortemente-orientato-ad-un-controllo-di-tipo-economicistico-e-medici-non-coinvolti-farmindustria-e-assogenerici-concorre","status":"publish","type":"post","link":"https:\/\/www.fedaiisf.it\/en\/cricelli-simg-si-alla-revisione-della-governance-farmaceutica-ma-fortemente-orientato-ad-un-controllo-di-tipo-economicistico-e-medici-non-coinvolti-farmindustria-e-assogenerici-concorre\/","title":{"rendered":"Cricelli (SIMG): \u201cYes to the review of pharmaceutical governance, but strongly oriented towards economic control and doctors not involved. Farmindustria and Assogenerici: crushed competition and a return to the past, sorry for the Italians"},"content":{"rendered":"<h1 class=\"post-title entry-title\">Cricelli (SIMG): \u201cS\u00ec alla revisione della governance farmaceutica, ma con la partecipazione delle professioni\u201d<\/h1>\n<div class=\"subtitle-wrapper\">\n<p class=\"article-subtitle\"><a href=\"https:\/\/www.simg.it\/cricelli-simg-si-alla-revisione-della-governance-farmaceutica-ma-con-la-partecipazione-delle-professioni\/\" target=\"_blank\" rel=\"noopener\">SIMG &#8211; Comunicato Stampa &#8211; 12 dicembre 2018<\/a><\/p>\n<div class=\"bdaia-post-content\">\n<div class=\"pf-content\">\n<p>Era ora che si procedesse a una revisione della governance del settore farmaceutico, perci\u00f2 salutiamo con favore l&#8217;annuncio in tal senso del ministro della Salute, Giulia Grillo, che nei giorni scorsi ha presentato un documento con gli indirizzi per questa operazione. Tuttavia non possiamo nascondere le serie perplessit\u00e0 che ci nascono proprio dalla lettura di questo documento\u00bb.<\/p>\n<p><a href=\"https:\/\/www.fedaiisf.it\/wp-content\/uploads\/2018\/11\/risparmio-farmaci.jpg\"><img loading=\"lazy\" decoding=\"async\" class=\"wp-image-39421 alignright\" src=\"https:\/\/www.fedaiisf.it\/wp-content\/uploads\/2018\/11\/risparmio-farmaci.jpg\" alt=\"\" width=\"382\" height=\"219\" srcset=\"https:\/\/www.fedaiisf.it\/wp-content\/uploads\/2018\/11\/risparmio-farmaci.jpg 698w, https:\/\/www.fedaiisf.it\/wp-content\/uploads\/2018\/11\/risparmio-farmaci-300x172.jpg 300w\" sizes=\"auto, (max-width: 382px) 100vw, 382px\" \/><\/a>\u00c8 cos\u00ec che Claudio Cricelli, presidente della Simg, la Societ\u00e0 italiana di medicina generale e delle cure primarie, commenta il documento presentato luned\u00ec 10 dicembre dallo stesso ministro della Salute sulla riorganizzazione del settore farmaceutico.<br \/>\nIl documento, infatti, \u00abnon fa cenno ad alcune questioni essenziali \u2013 sottolinea il presidente Simg &#8211; come, per esempio, il ruolo dei professionisti della medicina, a cominciare di medici di famiglia, che non sono minimamente coinvolti nelle scelte legate al Prontuario farmaceutico e alla registrazione dei farmaci. E la Medicina generale \u2013 aggiunge &#8211; sembra essere ancora una volta ignorata nella composizione degli organismi dell&#8217;Aifa, l&#8217;Agenzia italiana del farmaco\u00bb.<\/p>\n<p>Non solo: il documento appare fortemente orientato ad assegnare un controllo di tipo economicistico al Prontuario farmaceutico e \u00abtutte le operazioni regolatorie che vengono effettuate sul farmaco \u2013 precisa Cricelli &#8211; non prendono mai in considerazione la \u201cpesatura\u201d del beneficio che la prescrizione del farmaco produce in termini sia di salute sia di risparmi economici. Insomma non c&#8217;\u00e8 alcuna valutazione dell&#8217;impatto che le decisioni dell&#8217;Aifa possono avere sulla pratica clinica e sulla \u201cproduzione\u201d di salute\u00bb. E anche \u00abil problema dell&#8217;allargamento dei registri per patologia alla Medicina generale \u00e8 completamente ignorato\u00bb.<\/p>\n<p>Pertanto \u00abci auguriamo \u2013 auspica il presidente Simg \u2013 che, come preannunciato dal ministro, il documento \u201csar\u00e0 oggetto di confronto con tutti i protagonisti del settore, non solo con le aziende, ma anche con i rappresentanti dei cittadini e delle associazioni dei pazienti\u201d. E ci auguriamo anche con i medici e i professionisti della salute perch\u00e9 altrimenti sar\u00e0 difficile raggiungere l&#8217;obiettivo indicato dallo stesso ministro, cio\u00e8 la \u201ccostruzione di un nuovo sistema di regole per restituire ai farmaci la loro missione centrale: strumento di cura, attraverso cui realizzare i livelli essenziali di assistenza di cui abbiamo tutti diritto.<\/p>\n<hr \/>\n<\/div>\n<\/div>\n<div>\n<h2>Hausermann (Assogenerici), \u201cNo a spirali al ribasso che schiaccino la concorrenza\u201d<\/h2>\n<p><a href=\"http:\/\/www.assogenerici.it\/it\/notizie\/2574-governance-farmaci-hausermann-assogenerici-no-a-spirali-al-ribasso-che-schiaccino-la-concorrenza.html\" target=\"_blank\" rel=\"noopener\">Comunicato Assogenerici<\/a><\/p>\n<div class=\"contenuto-dx\">\n<div class=\"item-page\">\n<div>\n<p><em>&#8220;Nel documento diffuso oggi dalla Salute non figura l\u2019obiettivo di reinvestire nella farmaceutica le risorse recuperate grazie alla concorrenza di equivalenti e biosimilari. Anzi le dichiarazioni rese i sono di segno opposto. <\/em><em>Cos\u00ec si rischia di trasformare i farmaci in<\/em><\/p>\n<figure id=\"attachment_38246\" aria-describedby=\"caption-attachment-38246\" style=\"width: 356px\" class=\"wp-caption alignleft\"><a href=\"https:\/\/www.fedaiisf.it\/wp-content\/uploads\/2018\/09\/presidente-di-assogenerici-enrique-hausermann-durante-l-assemblea-pubblica-assogenerici-a-roma-12-ottobre-2016-59133979ab2db.jpeg\"><img loading=\"lazy\" decoding=\"async\" class=\"wp-image-38246\" src=\"https:\/\/www.fedaiisf.it\/wp-content\/uploads\/2018\/09\/presidente-di-assogenerici-enrique-hausermann-durante-l-assemblea-pubblica-assogenerici-a-roma-12-ottobre-2016-59133979ab2db-1024x660.jpeg\" alt=\"\" width=\"356\" height=\"230\" srcset=\"https:\/\/www.fedaiisf.it\/wp-content\/uploads\/2018\/09\/presidente-di-assogenerici-enrique-hausermann-durante-l-assemblea-pubblica-assogenerici-a-roma-12-ottobre-2016-59133979ab2db-1024x660.jpeg 1024w, https:\/\/www.fedaiisf.it\/wp-content\/uploads\/2018\/09\/presidente-di-assogenerici-enrique-hausermann-durante-l-assemblea-pubblica-assogenerici-a-roma-12-ottobre-2016-59133979ab2db-300x193.jpeg 300w, https:\/\/www.fedaiisf.it\/wp-content\/uploads\/2018\/09\/presidente-di-assogenerici-enrique-hausermann-durante-l-assemblea-pubblica-assogenerici-a-roma-12-ottobre-2016-59133979ab2db-768x495.jpeg 768w, https:\/\/www.fedaiisf.it\/wp-content\/uploads\/2018\/09\/presidente-di-assogenerici-enrique-hausermann-durante-l-assemblea-pubblica-assogenerici-a-roma-12-ottobre-2016-59133979ab2db-1536x990.jpeg 1536w, https:\/\/www.fedaiisf.it\/wp-content\/uploads\/2018\/09\/presidente-di-assogenerici-enrique-hausermann-durante-l-assemblea-pubblica-assogenerici-a-roma-12-ottobre-2016-59133979ab2db-2048x1320.jpeg 2048w, https:\/\/www.fedaiisf.it\/wp-content\/uploads\/2018\/09\/presidente-di-assogenerici-enrique-hausermann-durante-l-assemblea-pubblica-assogenerici-a-roma-12-ottobre-2016-59133979ab2db-179x116.jpeg 179w, https:\/\/www.fedaiisf.it\/wp-content\/uploads\/2018\/09\/presidente-di-assogenerici-enrique-hausermann-durante-l-assemblea-pubblica-assogenerici-a-roma-12-ottobre-2016-59133979ab2db-367x237.jpeg 367w\" sizes=\"auto, (max-width: 356px) 100vw, 356px\" \/><\/a><figcaption id=\"caption-attachment-38246\" class=\"wp-caption-text\">The president of Assogenerici Enrique Hausermann, during the Assogenerici Public Assembly in Rome, 12 October 2016. ANSA\/GIORGIO ONORATI<\/figcaption><\/figure>\n<p><em>commodities&#8221; <\/em>Questa la preoccupazione espressa dal presidente Assogenerici,\u00a0Enrique H\u00e4usermann, in relazione ai contenuti del documento sulla governance farmaceutica presentato oggi al ministero della Salute dal ministro Giulia Grillo, dal direttore generale dell&#8217;AIFA, Luca Li Bassi e da una rappresentaza degli esperti coinvolti nell&#8217;elaborazione del documento.<\/p>\n<p><em>\u201cAccogliamo con grande attenzione il documento di programmazione della nuova governance farmaceutica presentato oggi dal ministro della Salute, Giulia Grillo e da una rappresentanza degli esperti che hanno contribuito alla sua stesura e apprezziamo l\u2019esplicito e reiterato riferimento ai farmaci equivalenti e ai biosimilari che hanno storicamente avuto il merito di ampliare l\u2019accesso alle terapie stimolando la concorrenza all\u2019interno del mercato farmaceutico\u00a0 &#8211; <\/em>afferma\u00a0 H\u00e4usermann.<em> &#8211;\u00a0<\/em>\u00a0<em>Ci auguriamo tuttavia che l\u2019annunciata revisione del Prontuario terapeutico e riallocazione delle risorse non si traduca invece in un impoverimento complessivo delle potenzialit\u00e0 di cura garantite ai cittadini, privilegiando una spirale al ribasso che avrebbe come unico effetto quello di schiacciare la concorrenza\u201d.\u00a0<\/em><\/p>\n<p><em>\u201cAbbiamo pi\u00f9 volte chiesto &#8211; e con noi anche altri stakeholders sia tra i pazienti che tra gli operatori sanitari &#8211; che le risorse liberate grazie alla concorrenza generata da equivalenti e biosimilari fossero interamente reinvestite nel capitolo della farmaceutica, contribuendo cos\u00ec a rendere sostenibile l\u2019accesso alle terapie pi\u00f9 innovative. Ma nel documento presentato\u00a0<\/em>&#8211;\u00a0avverte il presidente Assogenerici\u00a0 &#8211; <em>non c\u2019\u00e8 traccia di questo criterio e anzi le dichiarazioni rese pubblicamente oggi erano decisamente di segno opposto\u201d.<\/em><\/p>\n<p><em>\u201cNel corso della conferenza stampa odierna \u00e8 stata pi\u00f9 volte ribadita l\u2019intenzione di aprire un confronto con tutti gli stakeholder, aziende comprese<\/em> &#8211; conclude Hausermann &#8211; <em>e ci auguriamo che questo confronto possa essere avviato al pi\u00f9 presto perch\u00e9 sia possibile condividere e dare il giusto peso a tutti i fattori in gioco: dalla necessit\u00e0 di percorsi terapeutici efficienti ed economicamente sostenibili alla necessit\u00e0 di dare supporto e slancio alla ricerca industriale. Spero che nessuno voglia trasformare i farmaci in commodities, tradendo l\u2019obiettivo del mantenimento dei livelli di qualit\u00e0 della produzione attualmente assicurata dalle normative nazionali\u201d.<\/em><\/p>\n<hr \/>\n<div class=\"post-title\">\n<h1 class=\"entry-title\">Nuova governance, Scaccabarozzi: \u201cUn ritorno al passato, mi dispiace per i malati\u201d<\/h1>\n<p><a href=\"http:\/\/www.rifday.it\/2018\/12\/11\/nuova-governance-scaccabarozzi-un-ritorno-al-passato-mi-dispiace-malati\/\" target=\"_blank\" rel=\"noopener\">Rif Day &#8211; 11 dicembre 2018<\/a><\/p>\n<\/div>\n<div class=\"post-meta-blog\">\n<h3><em>\u201cMi dispiace soprattutto per i malati italiani, perch\u00e8 nonostante i progressi scientifici e della ricerca in questa nuova governance vedo soprattutto un ritorno al passato\u201d.<\/em><\/h3>\n<p><a href=\"https:\/\/www.fedaiisf.it\/wp-content\/uploads\/2014\/09\/scaccabarozzi.jpg\"><img loading=\"lazy\" decoding=\"async\" class=\"wp-image-3044 alignright\" src=\"https:\/\/www.fedaiisf.it\/wp-content\/uploads\/2014\/09\/scaccabarozzi.jpg\" alt=\"\" width=\"340\" height=\"206\" srcset=\"https:\/\/www.fedaiisf.it\/wp-content\/uploads\/2014\/09\/scaccabarozzi.jpg 536w, https:\/\/www.fedaiisf.it\/wp-content\/uploads\/2014\/09\/scaccabarozzi-300x182.jpg 300w\" sizes=\"auto, (max-width: 340px) 100vw, 340px\" \/><\/a>Questo il primo commento, decisamente negativo, che il presidente di Farmindustria, <strong>Massimo Scaccabarozzi<\/strong> <em>(in the picture)<\/em> ha espresso ieri dopo la presentazione del documento di programmazione della nuova governance farmaceutica tenutasi ieri mattina al ministero della Salute.<\/p>\n<p><em>\u201cDire che i farmaci sono tutti uguali significa negare il valore cardine della vita umana che \u00e8\u00a0 la ricerca per il progresso e per la salute. Sono convinto per\u00f2 che, cos\u00ec\u00a0 come annunciato dallo stesso ministro Grillo, si tratti di un documento di indirizzo. Quindi mi auguro che nell\u2019attuazione ci siano tutti i margini per dare un equilibrio scientifico e non solo economico\u201d<\/em> ha detto ancora il presidente di Farmindustria, cercando di mantenere aperto uno spiraglio di confronto con il ministero, dopo sei mesi caratterizzati da rapporti a dir poco tiepidi, resi plasticamente evidenti dalla mancata partecipazione della titolare della Salute all\u2019Assemblea annuale delle aziende del farmaco nella scorsa estate.<\/p>\n<p>Entrando nel dettaglio dei contenuti della nuova governance, Scaccabarozzi ha bocciato, in particolare, la previsione espressa dalla ministra <strong>Giulia Grillo<\/strong> in ordine ai possibili risparmi (quantificati in due miliardi) che possono arrivare dalla spesa farmaceutica convenzionata: <em>\u201cCredo che siano numeri che non esistono\u201d<\/em> ha tagliato corto il presidente degli industriali del farmaco in una dichiarazione raccolta da AdnKronos. <em>\u201cLa spesa farmaceutica convenzionata \u00e8 composta per pi\u00f9 del 90% da medicinali a brevetto scaduto e, se sono gi\u00e0 a brevetto scaduto e lo Stato rimborsa il prezzo pi\u00f9 basso, non vedo dove si possano produrre risparmi. Contare su questi soldi \u00e8 un\u2019utopia\u201d.<\/em><\/p>\n<p>Scaccabarozzi rovescia invece la prospettiva, facendo riferimento ai risparmi (comprovati dai dati Aifa) che proprio la spesa farmaceutica convenzionata realizza, mantenendosi al di sotto del tetto assegnato: \u201c<em>Spero si abbia il coraggio di riversare sulla spesa diretta le centinaia di milioni di euro che avanzano dalla convenzionata ogni anno\u201d\u00a0<\/em> afferma al riguardo il leader delle aziende del farmaco <em>\u201cper avere pi\u00f9 accesso ai farmaci. Diversamente i risparmi non si avranno, per il motivo che ho spiegato.\u00a0Il mio consiglio \u00e8 di non contarci\u201d.<\/em><\/p>\n<p><a href=\"https:\/\/www.fedaiisf.it\/wp-content\/uploads\/2018\/09\/Spesa-pro-capite-farmaci-Italia-Europa.png\"><img loading=\"lazy\" decoding=\"async\" class=\"wp-image-38259 alignleft\" src=\"https:\/\/www.fedaiisf.it\/wp-content\/uploads\/2018\/09\/Spesa-pro-capite-farmaci-Italia-Europa.png\" alt=\"\" width=\"473\" height=\"376\" srcset=\"https:\/\/www.fedaiisf.it\/wp-content\/uploads\/2018\/09\/Spesa-pro-capite-farmaci-Italia-Europa.png 580w, https:\/\/www.fedaiisf.it\/wp-content\/uploads\/2018\/09\/Spesa-pro-capite-farmaci-Italia-Europa-300x238.png 300w\" sizes=\"auto, (max-width: 473px) 100vw, 473px\" \/><\/a>Anche se molte delle indicazioni del documento presentato ieri al ministero non sono giunte inattese, Scaccabarozzi non esita a stigmatizzarle: <em>\u201cDire che i farmaci a brevetto a scaduto e coperti da brevetto sono tutti uguali va contro la scienza e contro\u00a0la ricerca\u201d<\/em> ha detto il presidente di Farmindustria. <em>\u201cMi dispiace soprattutto per i malati, perch\u00e9 significa dire che la ricerca non \u00e8 servita a nulla. Invece, credo sia di importanza vitale che si producano anche piccole differenze\u201d fra le varie terapie \u201cperch\u00e9 anche i malati sono diversi fra loro e hanno bisogno di farmaci che vadano bene per loro\u201d.<\/em><\/p>\n<p>Scaccabarozzi, tuttavia, torna sulla natura propositiva e non (ancora) prescrittiva del documento: \u201d Signi<em>fica che ci sono margini di discussione e mi auguro, anche da cittadino, che ci sia anche il margine per inserire un po\u2019 di scientificit\u00e0, aprendo un tavolo di confronto anche con i medici che devono poi fare diagnosi e prescrivere le terapie<\/em>\u201d afferma il presidente degli industriali. \u201c<em>Ma temo quando si arriva a dire che i farmaci sono tutti uguali.\u00a0L\u2019industria non \u00e8 mai stata contro il concetto di equivalenza terapeutica, anzi, ma solo quando \u00e8 dimostrato scientificamente. Altrimenti \u00e8 la negazione della scienza e della ricerca. Non si pu\u00f2 dire che due medicinali sono uguali solo perch\u00e9 appartengono a una stessa categoria\u201d.<\/em><\/p>\n<p>Scaccabarozzi ha per\u00f2 espresso apprezzamento per le dichiarazioni della ministra Gr illo relative alla volont\u00e0 di chiudere la partitate del contenzioso\u00a0 sul pregresso legato al payback. <em>\u201cNoi siamo pronti, perch\u00e9 i ricorsi al Tar non sono stati fatti per partito preso, ma perch\u00e9 i conti erano sbagliati e accolgo con piacere la dichiarazione del ministro\u201d<\/em> ha detto al riguardo il numero uno di Farmindustria. \u201c<em>Se \u00e8 anche la sua\u00a0volont\u00e0, questa fa match con la nostra<\/em>. <em>Se ci saranno dati i numeri corretti, dobbiamo pagare perch\u00e9 lo dice la legge, ma non a fronte di numeri sbagliati. Se ci sediamo a un tavolo\u201d<\/em> conclude Scabbarozzi<em> \u201cpossiamo trovare una soluzione insieme per chiudere questo periodo spiacevole e ripartire con un sistema nuovo e pi\u00f9 semplice. Noi lo chiediamo dal 2014\u201d<\/em>.<\/p>\n<p>Related news: <a class=\"documento-download\" href=\"http:\/\/www.assogenerici.it\/it\/component\/edocman\/?task=document.viewDoc&amp;id=2187\" target=\"_blank\" rel=\"noopener\">Documento sulla Governance farmaceutica<\/a><\/p>\n<p><a href=\"https:\/\/www.fedaiisf.it\/en\/documento-di-governance-farmaceutica-aifa-predisponga-analisi-sullinformazione-scientifica-delle-aziende-farmaceutiche-equivalenza-terapeutica-nessun-ruolo-per-i-medici\/\" target=\"_blank\" rel=\"noopener\"><strong>Documento di governance farmaceutica. AIFA predisponga analisi sull\u2019informazione scientifica delle aziende farmaceutiche. Equivalenza terapeutica. Nessun ruolo per i medici.<\/strong><\/a><\/p>\n<div><a href=\"http:\/\/www.filctemcgil.it\/images\/stories\/flexicontent\/news\/comunicati_stampa\/10_12_12_2018_comunicato_stampa_congiunto_Sindacati_Farmindustria-1.pdf\" target=\"_blank\" rel=\"noopener\">COMUNICATO STAMPA CONGIUNTO Farmindustria OO.SS.<\/a><\/div>\n<\/div>\n<\/div>\n<\/div>\n<\/div>\n<\/div>\n<\/div>","protected":false},"excerpt":{"rendered":"<p>Cricelli (SIMG): \u201cS\u00ec alla revisione della governance farmaceutica, ma con la partecipazione delle professioni\u201d SIMG &#8211; Comunicato Stampa &#8211; 12 dicembre 2018 Era ora che si procedesse a una revisione della governance del settore farmaceutico, perci\u00f2 salutiamo con favore l&#8217;annuncio in tal senso del ministro della Salute, Giulia Grillo, che nei giorni scorsi ha presentato &hellip;<\/p>","protected":false},"author":4,"featured_media":39937,"comment_status":"closed","ping_status":"closed","sticky":false,"template":"","format":"standard","meta":{"footnotes":""},"categories":[1],"tags":[],"class_list":["post-39935","post","type-post","status-publish","format-standard","has-post-thumbnail","hentry","category-notizie"],"amp_enabled":true,"_links":{"self":[{"href":"https:\/\/www.fedaiisf.it\/en\/wp-json\/wp\/v2\/posts\/39935","targetHints":{"allow":["GET"]}}],"collection":[{"href":"https:\/\/www.fedaiisf.it\/en\/wp-json\/wp\/v2\/posts"}],"about":[{"href":"https:\/\/www.fedaiisf.it\/en\/wp-json\/wp\/v2\/types\/post"}],"author":[{"embeddable":true,"href":"https:\/\/www.fedaiisf.it\/en\/wp-json\/wp\/v2\/users\/4"}],"replies":[{"embeddable":true,"href":"https:\/\/www.fedaiisf.it\/en\/wp-json\/wp\/v2\/comments?post=39935"}],"version-history":[{"count":0,"href":"https:\/\/www.fedaiisf.it\/en\/wp-json\/wp\/v2\/posts\/39935\/revisions"}],"wp:featuredmedia":[{"embeddable":true,"href":"https:\/\/www.fedaiisf.it\/en\/wp-json\/wp\/v2\/media\/39937"}],"wp:attachment":[{"href":"https:\/\/www.fedaiisf.it\/en\/wp-json\/wp\/v2\/media?parent=39935"}],"wp:term":[{"taxonomy":"category","embeddable":true,"href":"https:\/\/www.fedaiisf.it\/en\/wp-json\/wp\/v2\/categories?post=39935"},{"taxonomy":"post_tag","embeddable":true,"href":"https:\/\/www.fedaiisf.it\/en\/wp-json\/wp\/v2\/tags?post=39935"}],"curies":[{"name":"wp","href":"https:\/\/api.w.org\/{rel}","templated":true}]}}