{"id":39973,"date":"2018-12-13T11:55:09","date_gmt":"2018-12-13T10:55:09","guid":{"rendered":"https:\/\/www.fedaiisf.it\/?p=39973"},"modified":"2018-12-13T12:00:57","modified_gmt":"2018-12-13T11:00:57","slug":"contratto-chimico-farmaceutico-arriva-la-firma-ufficiale","status":"publish","type":"post","link":"https:\/\/www.fedaiisf.it\/en\/contratto-chimico-farmaceutico-arriva-la-firma-ufficiale\/","title":{"rendered":"Chemical-pharmaceutical contract, the official signature arrives"},"content":{"rendered":"<p><span style=\"font-size: 18px;\">Federchimica, Farmindustria e i sindacati di categoria, Filctem Cgil, Femca Cisl, Uiltec Uil, Ugl Chimici, Failc Confail, Fialc <a href=\"https:\/\/www.fedaiisf.it\/wp-content\/uploads\/2018\/12\/Firma-ccnl-112.12.18.jpg\"><img loading=\"lazy\" decoding=\"async\" class=\"wp-image-39974 alignright\" src=\"https:\/\/www.fedaiisf.it\/wp-content\/uploads\/2018\/12\/Firma-ccnl-112.12.18.jpg\" alt=\"\" width=\"379\" height=\"204\" srcset=\"https:\/\/www.fedaiisf.it\/wp-content\/uploads\/2018\/12\/Firma-ccnl-112.12.18.jpg 435w, https:\/\/www.fedaiisf.it\/wp-content\/uploads\/2018\/12\/Firma-ccnl-112.12.18-300x161.jpg 300w\" sizes=\"auto, (max-width: 379px) 100vw, 379px\" \/><\/a>Cisal, nella serata di oggi, hanno sottoscritto ufficialmente il testo del nuovo contratto collettivo nazionale di lavoro per gli addetti all\u2019industria chimica, chimico-farmaceutica, delle fibre chimiche e dei settori abrasivi, lubrificanti e Gpl, per il periodo 2019-2022. <\/span><\/p>\n<p><span style=\"font-size: 18px;\">Le parti sociali, dopo l\u2019ipotesi di accordo firmata il 19 luglio, &#8220;hanno definito il nuovo complessivo testo contrattuale prima della sua entrata in vigore, confermando che un sistema di relazioni industriali di qualit\u00e0 \u00e8 sinonimo di efficienza e quindi di competitivit\u00e0 per i settori rappresentati&#8221;. \u00c8 quanto si legge in una nota.<\/span><\/p>\n<p><a href=\"http:\/\/www.rassegna.it\/articoli\/contratti-chimico-farmaceutico-arriva-la-firma-ufficiale\" target=\"_blank\" rel=\"noopener\">review.it<\/a><\/p>\n<p>&#8220;L&#8217;innovazione, la digitalizzazione dei processi, i Big Data e l&#8217;intelligenza artificiale &#8211; afferma Antonio Messina, Vicepresidente Farmindustria e delegato per le Relazioni Industriali- stanno modificando il settore. E sono i principali temi che saranno discussi nel nuovo Osservatorio Farmaceutico previsto dal CCNL. Quanto, invece, al ricambio generazionale abbiamo concordato di gestirlo, su base volontaria, istituendo il Fondo TRIS (Tutele, Riqualificazione, Innovazione e Sostegno) che ci auguriamo diventi presto operativo&#8221;.<\/p>\n<p><a href=\"http:\/\/www.filctemcgil.it\/images\/stories\/flexicontent\/news\/chimico_farmaceutico\/180720p_Fulc__420_All1_Federchimica-Farmindustria_Ipotesi_Accordo_Rinnovo_CCNL_CHIMICO-FARMACEUTICO_2019-giugno_2022-sigl_19_7_18-3.pdf\" target=\"_blank\" rel=\"noopener\"><strong>CCNL per gli addetti all\u2019industria chimica, chimico-farmaceutica<\/strong><\/a><\/p>\n<p><a href=\"https:\/\/www.fedaiisf.it\/wp-content\/uploads\/2018\/07\/CCNL-Osservatorio.png\"><img loading=\"lazy\" decoding=\"async\" class=\"size-full wp-image-37215 aligncenter\" src=\"https:\/\/www.fedaiisf.it\/wp-content\/uploads\/2018\/07\/CCNL-Osservatorio.png\" alt=\"\" width=\"771\" height=\"660\" srcset=\"https:\/\/www.fedaiisf.it\/wp-content\/uploads\/2018\/07\/CCNL-Osservatorio.png 771w, https:\/\/www.fedaiisf.it\/wp-content\/uploads\/2018\/07\/CCNL-Osservatorio-300x257.png 300w, https:\/\/www.fedaiisf.it\/wp-content\/uploads\/2018\/07\/CCNL-Osservatorio-768x657.png 768w\" sizes=\"auto, (max-width: 771px) 100vw, 771px\" \/><\/a><\/p>\n<p>&nbsp;<\/p>","protected":false},"excerpt":{"rendered":"<p>Federchimica, Farmindustria e i sindacati di categoria, Filctem Cgil, Femca Cisl, Uiltec Uil, Ugl Chimici, Failc Confail, Fialc Cisal, nella serata di oggi, hanno sottoscritto ufficialmente il testo del nuovo contratto collettivo nazionale di lavoro per gli addetti all\u2019industria chimica, chimico-farmaceutica, delle fibre chimiche e dei settori abrasivi, lubrificanti e Gpl, per il periodo 2019-2022. &hellip;<\/p>","protected":false},"author":4,"featured_media":36747,"comment_status":"closed","ping_status":"closed","sticky":false,"template":"","format":"standard","meta":{"footnotes":""},"categories":[1],"tags":[],"class_list":["post-39973","post","type-post","status-publish","format-standard","has-post-thumbnail","hentry","category-notizie"],"amp_enabled":true,"_links":{"self":[{"href":"https:\/\/www.fedaiisf.it\/en\/wp-json\/wp\/v2\/posts\/39973","targetHints":{"allow":["GET"]}}],"collection":[{"href":"https:\/\/www.fedaiisf.it\/en\/wp-json\/wp\/v2\/posts"}],"about":[{"href":"https:\/\/www.fedaiisf.it\/en\/wp-json\/wp\/v2\/types\/post"}],"author":[{"embeddable":true,"href":"https:\/\/www.fedaiisf.it\/en\/wp-json\/wp\/v2\/users\/4"}],"replies":[{"embeddable":true,"href":"https:\/\/www.fedaiisf.it\/en\/wp-json\/wp\/v2\/comments?post=39973"}],"version-history":[{"count":0,"href":"https:\/\/www.fedaiisf.it\/en\/wp-json\/wp\/v2\/posts\/39973\/revisions"}],"wp:featuredmedia":[{"embeddable":true,"href":"https:\/\/www.fedaiisf.it\/en\/wp-json\/wp\/v2\/media\/36747"}],"wp:attachment":[{"href":"https:\/\/www.fedaiisf.it\/en\/wp-json\/wp\/v2\/media?parent=39973"}],"wp:term":[{"taxonomy":"category","embeddable":true,"href":"https:\/\/www.fedaiisf.it\/en\/wp-json\/wp\/v2\/categories?post=39973"},{"taxonomy":"post_tag","embeddable":true,"href":"https:\/\/www.fedaiisf.it\/en\/wp-json\/wp\/v2\/tags?post=39973"}],"curies":[{"name":"wp","href":"https:\/\/api.w.org\/{rel}","templated":true}]}}