{"id":40095,"date":"2018-12-19T19:37:46","date_gmt":"2018-12-19T18:37:46","guid":{"rendered":"https:\/\/www.fedaiisf.it\/?p=40095"},"modified":"2018-12-19T19:37:46","modified_gmt":"2018-12-19T18:37:46","slug":"joint-venture-glaxo-pfizer-da-127-miliardi-di-dollari","status":"publish","type":"post","link":"https:\/\/www.fedaiisf.it\/en\/joint-venture-glaxo-pfizer-da-127-miliardi-di-dollari\/","title":{"rendered":"Glaxo Pfizer $12.7 billion joint venture"},"content":{"rendered":"<p>Via libera alla joint venture farmaceutica tra la societ\u00e0 britannica GlaxoSmithKline e la statunitense Pfizer.<\/p>\n<p><a href=\"https:\/\/www.fedaiisf.it\/wp-content\/uploads\/2018\/12\/GSK-Emma-Walmsley-CEO.png\"><img loading=\"lazy\" decoding=\"async\" class=\"wp-image-40097 alignright\" src=\"https:\/\/www.fedaiisf.it\/wp-content\/uploads\/2018\/12\/GSK-Emma-Walmsley-CEO.png\" alt=\"\" width=\"467\" height=\"238\" srcset=\"https:\/\/www.fedaiisf.it\/wp-content\/uploads\/2018\/12\/GSK-Emma-Walmsley-CEO.png 789w, https:\/\/www.fedaiisf.it\/wp-content\/uploads\/2018\/12\/GSK-Emma-Walmsley-CEO-300x153.png 300w, https:\/\/www.fedaiisf.it\/wp-content\/uploads\/2018\/12\/GSK-Emma-Walmsley-CEO-768x391.png 768w\" sizes=\"auto, (max-width: 467px) 100vw, 467px\" \/><\/a>I due colossi farmaceutici <strong>GlaxoSmithKline<\/strong> And <strong>Pfizer<\/strong> hanno annunciato che uniranno le rispettive attivit\u00e0 di consumer healthcare in una joint venture controllata dal gruppo britannico, operazione che spiana la strada alla divisione in due societ\u00e0 distinte.<\/p>\n<p>GlaxoSmithKline deterr\u00e0 in particolare il 68% della nuova societ\u00e0 che avr\u00e0 un fatturato complessivo di 12,7 miliardi di dollari.<\/p>\n<p>Un&#8217;operazione che dar\u00e0 vita al colosso nel settore dei farmaci da banco e prodotti di largo consumo con un fatturato complessivo di 12,7 miliardi di dollari.<\/p>\n<p>L&#8217;intesa dovrebbe chiudersi nella seconda met\u00e0 del 2019.<\/p>\n<p><a href=\"https:\/\/gooruf.com\/it\/news\/2018\/12\/19\/salute-glaxosmithkline-da-vita-a-nuova-joint-venture-con-pfizer\/\" target=\"_blank\" rel=\"noopener\">Gooruf &#8211; 19 dicembre 2018<\/a><\/p>\n<p>Related news: <a href=\"https:\/\/www.bloomberg.com\/news\/articles\/2018-12-19\/glaxo-pfizer-to-merge-advil-and-panadol-in-new-consumer-venture\" target=\"_blank\" rel=\"noopener\">Glaxo-Pfizer Deal Creates Biggest Over-the-Counter Drug Supplier<\/a><\/p>","protected":false},"excerpt":{"rendered":"<p>Via libera alla joint venture farmaceutica tra la societ\u00e0 britannica GlaxoSmithKline e la statunitense Pfizer. I due colossi farmaceutici GlaxoSmithKline e Pfizer hanno annunciato che uniranno le rispettive attivit\u00e0 di consumer healthcare in una joint venture controllata dal gruppo britannico, operazione che spiana la strada alla divisione in due societ\u00e0 distinte. GlaxoSmithKline deterr\u00e0 in particolare &hellip;<\/p>","protected":false},"author":4,"featured_media":40098,"comment_status":"closed","ping_status":"closed","sticky":false,"template":"","format":"standard","meta":{"footnotes":""},"categories":[1],"tags":[53],"class_list":["post-40095","post","type-post","status-publish","format-standard","has-post-thumbnail","hentry","category-notizie","tag-fusioniacquisizioni"],"amp_enabled":true,"_links":{"self":[{"href":"https:\/\/www.fedaiisf.it\/en\/wp-json\/wp\/v2\/posts\/40095","targetHints":{"allow":["GET"]}}],"collection":[{"href":"https:\/\/www.fedaiisf.it\/en\/wp-json\/wp\/v2\/posts"}],"about":[{"href":"https:\/\/www.fedaiisf.it\/en\/wp-json\/wp\/v2\/types\/post"}],"author":[{"embeddable":true,"href":"https:\/\/www.fedaiisf.it\/en\/wp-json\/wp\/v2\/users\/4"}],"replies":[{"embeddable":true,"href":"https:\/\/www.fedaiisf.it\/en\/wp-json\/wp\/v2\/comments?post=40095"}],"version-history":[{"count":0,"href":"https:\/\/www.fedaiisf.it\/en\/wp-json\/wp\/v2\/posts\/40095\/revisions"}],"wp:featuredmedia":[{"embeddable":true,"href":"https:\/\/www.fedaiisf.it\/en\/wp-json\/wp\/v2\/media\/40098"}],"wp:attachment":[{"href":"https:\/\/www.fedaiisf.it\/en\/wp-json\/wp\/v2\/media?parent=40095"}],"wp:term":[{"taxonomy":"category","embeddable":true,"href":"https:\/\/www.fedaiisf.it\/en\/wp-json\/wp\/v2\/categories?post=40095"},{"taxonomy":"post_tag","embeddable":true,"href":"https:\/\/www.fedaiisf.it\/en\/wp-json\/wp\/v2\/tags?post=40095"}],"curies":[{"name":"wp","href":"https:\/\/api.w.org\/{rel}","templated":true}]}}