{"id":40292,"date":"2019-01-10T12:26:03","date_gmt":"2019-01-10T11:26:03","guid":{"rendered":"https:\/\/www.fedaiisf.it\/?p=40292"},"modified":"2019-01-10T13:11:02","modified_gmt":"2019-01-10T12:11:02","slug":"bufale-degli-anti-vax-studio-segreto-400-casi-di-encefalopatia-da-vaccini-lautore-studio-completamente-travisato","status":"publish","type":"post","link":"https:\/\/www.fedaiisf.it\/en\/bufale-degli-anti-vax-studio-segreto-400-casi-di-encefalopatia-da-vaccini-lautore-studio-completamente-travisato\/","title":{"rendered":"Anti-vax hoaxes. Secret study: 400 cases of vaccine encephalopathy. The Author: Completely misrepresented study"},"content":{"rendered":"<div class=\"pw-hidden-cp\">\n<h1 class=\"pw-hidden-cp\"><span style=\"color: #ff0000;\">Il lavoro in questione viene citato almeno dal 5 gennaio su diversi gruppi Facebook &#8216;no-vax&#8217;<\/span><\/h1>\n<p class=\"pw-hidden-cp\"><span style=\"font-size: 18px;\">Vaccini: il caso degli scienziati \u201cno vax\u201d a loro insaputa, \u201cnostro studio travisato\u201d<\/span><\/p>\n<p><a href=\"http:\/\/www.meteoweb.eu\/2019\/01\/vaccini-scienziati-no-vax\/1204732\/\" target=\"_blank\" rel=\"noopener\">Meteo web &#8211; a cura di AdnKronos &#8211; 10 gennaio 2019<\/a><\/p>\n<p class=\"pw-hidden-cp\">\u201c<em>Sono stupito, il nostro studio dice l\u2019esatto contrario<\/em>\u201c. Quando <strong>Emilio Clementi<\/strong>, direttore dell\u2019Unit\u00e0 operativa di Farmacologia clinica dell\u2019ospedale Sacco \u2013 universit\u00e0 degli Studi di Milano, legge le informazioni circolate riguardo a una ricerca condotta dal suo gruppo nel 2013 <a href=\"https:\/\/www.fedaiisf.it\/wp-content\/uploads\/2019\/01\/Encefalopatia-e-vaccini-Studio.png\"><img loading=\"lazy\" decoding=\"async\" class=\"wp-image-40295 alignright\" src=\"https:\/\/www.fedaiisf.it\/wp-content\/uploads\/2019\/01\/Encefalopatia-e-vaccini-Studio-1024x514.png\" alt=\"\" width=\"486\" height=\"244\" srcset=\"https:\/\/www.fedaiisf.it\/wp-content\/uploads\/2019\/01\/Encefalopatia-e-vaccini-Studio-1024x514.png 1024w, https:\/\/www.fedaiisf.it\/wp-content\/uploads\/2019\/01\/Encefalopatia-e-vaccini-Studio-300x151.png 300w, https:\/\/www.fedaiisf.it\/wp-content\/uploads\/2019\/01\/Encefalopatia-e-vaccini-Studio-768x386.png 768w, https:\/\/www.fedaiisf.it\/wp-content\/uploads\/2019\/01\/Encefalopatia-e-vaccini-Studio.png 1059w\" sizes=\"auto, (max-width: 486px) 100vw, 486px\" \/><\/a>sull\u2019<strong>encefalomielite acuta disseminata<\/strong> (Adem) e sui dati presenti al riguardo nei sistemi di report degli eventi avversi da <strong>vaccines<\/strong>, la sua reazione \u00e8 questa. \u201c<em>Sono saltato sulla sedia<\/em>\u201c, dice all\u2019<strong>AdnKronos Salute<\/strong>. Il lavoro in questione viene citato almeno dal 5 gennaio su diversi gruppi Facebook \u2018<strong>no<\/strong>\u2013<strong>vax<\/strong>\u2018. Per la precisione, a rimbalzare online sono le slide pubblicate sul sito Epicentro dell\u2019Istituto superiore di sanit\u00e0 (Iss) e usate in occasione di un convegno dal primo autore, Paolo Pellegrino (non pi\u00f9 al Sacco, perch\u00e9 \u00e8 andato a lavorare per un\u2019azienda farmaceutica).<\/p>\n<p class=\"pw-hidden-cp\">L\u20198 gennaio lo studio diventa anche oggetto di un intervento stampa di Vincenzo D\u2019Anna, presidente dell\u2019Ordine dei biologi. D\u2019Anna dice che \u00e8 stato \u201c<em>tenuto \u2018ben riposto\u2019 nel classico cassetto di turno<\/em>\u201c. Questo suo intervento contribuisce a rendere ancora pi\u00f9 virale sul web la ricerca. \u201c<em>In realt\u00e0<\/em> \u2013 precisa Clementi, insieme a una delle autrici principali Carla Carnovale \u2013<em> la nostra ricerca \u00e8 stata pubblicata su un\u2019importante rivista scientifica, \u2018Plos One\u2019. Ed \u00e8 su Pubmed<\/em>\u201c, motore di ricerca gratuito che permette l\u2019accesso alla letteratura scientifica e rappresenta un <a href=\"https:\/\/www.fedaiisf.it\/wp-content\/uploads\/2019\/01\/correlazione-ADEM-vaccini-non-dimostrata.png\"><img loading=\"lazy\" decoding=\"async\" class=\"size-full wp-image-40300 alignleft\" src=\"https:\/\/www.fedaiisf.it\/wp-content\/uploads\/2019\/01\/correlazione-ADEM-vaccini-non-dimostrata.png\" alt=\"\" width=\"617\" height=\"108\" srcset=\"https:\/\/www.fedaiisf.it\/wp-content\/uploads\/2019\/01\/correlazione-ADEM-vaccini-non-dimostrata.png 617w, https:\/\/www.fedaiisf.it\/wp-content\/uploads\/2019\/01\/correlazione-ADEM-vaccini-non-dimostrata-300x53.png 300w\" sizes=\"auto, (max-width: 617px) 100vw, 617px\" \/><\/a>punto di riferimento per tutti i ricercatori. \u201c<em>Non c\u2019\u00e8 nulla di nascosto. Pi\u00f9 evidente di cos\u00ec non potrebbe essere<\/em>\u201c.<\/p>\n<p class=\"pw-hidden-cp\">Ma il primo chiarimento lo specialista, anche lui fra gli autori, lo vuole fornire sulle conclusioni dello studio: \u201c<em>Quello che abbiamo scritto \u00e8 che i risultati non supportano le precedenti evidenze scientifiche che suggeriscono un aumento di questa malattia dopo il vaccino. <strong>Non c\u2019\u00e8 una correlazione sostenibile tra la vaccinazione e l\u2019encefalomielite acuta disseminata<\/strong><\/em>\u201c. E le sue parole si possono ritrovare anche nel testo completo dello studio, esattamente cos\u00ec: \u201c<em>I nostri risultati non supportano le precedenti evidenze in letteratura su un aumento della frequenza di Adem dopo la vaccinazione nell\u2019infanzia<\/em>\u201c. Clementi spiega in maniera dettagliata perch\u00e9. Prima di tutto chiarendo quali sono i dati riportati nel lavoro.<\/p>\n<p class=\"pw-hidden-cp\">I ricercatori hanno guardato nei database dei sistemi di report attivi negli Stati Uniti e in Europa, rispettivamente il Vaers (Vaccine Adverse Event Reporting System) e l\u2019EudraVigilance postauthorisation module (Evpm), per vedere quante notifiche di Adem fossero presenti. La popolazione di questi database era di un miliardo di persone e il periodo considerato dallo studio va dal 2005 al 2012, dicono Carnovale e Clementi. In questo lasso di tempo le notifiche di encefalomielite acuta disseminata sono risultate 236 negli Usa (l\u2019analisi ne ha considerate 199 escludendo quelle gi\u00e0 bollate come non correlate e inclassificabili) e 205 nel sistema europeo. Totale: 404, su un miliardo di persone in 8 anni.<\/p>\n<p class=\"pw-hidden-cp\"><a href=\"https:\/\/www.fedaiisf.it\/wp-content\/uploads\/2019\/01\/ADEM-Encefalomielite.png\"><img loading=\"lazy\" decoding=\"async\" class=\"wp-image-40297 alignleft\" src=\"https:\/\/www.fedaiisf.it\/wp-content\/uploads\/2019\/01\/ADEM-Encefalomielite-1024x706.png\" alt=\"\" width=\"477\" height=\"329\" srcset=\"https:\/\/www.fedaiisf.it\/wp-content\/uploads\/2019\/01\/ADEM-Encefalomielite-1024x706.png 1024w, https:\/\/www.fedaiisf.it\/wp-content\/uploads\/2019\/01\/ADEM-Encefalomielite-300x207.png 300w, https:\/\/www.fedaiisf.it\/wp-content\/uploads\/2019\/01\/ADEM-Encefalomielite-768x530.png 768w, https:\/\/www.fedaiisf.it\/wp-content\/uploads\/2019\/01\/ADEM-Encefalomielite-80x54.png 80w, https:\/\/www.fedaiisf.it\/wp-content\/uploads\/2019\/01\/ADEM-Encefalomielite-81x55.png 81w, https:\/\/www.fedaiisf.it\/wp-content\/uploads\/2019\/01\/ADEM-Encefalomielite.png 1147w\" sizes=\"auto, (max-width: 477px) 100vw, 477px\" \/><\/a>In pi\u00f9, gli autori evidenziano che \u201c<em>le analisi condotte su database di questo tipo hanno limiti noti a tutti, trattandosi di notifiche spontanee di medici, cittadini e per l\u2019America anche di assicurazioni, senza validazioni da parte delle autorit\u00e0 competenti. Questo \u00e8 un limite fortissimo<\/em> \u2013 osserva Clementi \u2013 <em>e veniva fatto notare nel lavoro. Il vantaggio \u00e8 che ovviamente in questi database ci sono una serie di informazioni e rappresentano una buona fonte se usata con criterio. Dunque, che ci siano dei casi riportati di Adem \u00e8 vero, ma con tutti i limiti evidenziati. I farmaci, tutti, hanno degli effetti collaterali. Non \u00e8 inoltre corretto dire che l\u2019Adem viene sviluppata a ogni et\u00e0. Abbiamo osservato alcuni casi segnalati in adulti ma sono pochi e, di nuovo, con i limiti dello studio, non si pu\u00f2 sostenere questa cosa<\/em>\u201c.<\/p>\n<p class=\"pw-hidden-cp\">Altro nodo \u00e8 il concetto di under-reporting, \u201c<em>problema tipico di tutta la farmacovigilanza. In questo caso si \u00e8 segnalato under-reporting per alcuni specifici vaccini, ma perch\u00e9 si sono utilizzati meno. Che ci sia meno attenzione su alcuni vaccini perch\u00e9 meno utilizzati non \u00e8 nulla di nuovo<\/em>\u201c. In definitiva, ribadisce Clementi, \u201c<strong><em>nel full text si dice chiaramente che l\u2019analisi \u00e8 fatta su un miliardo di persone, la popolazione contenuta nei database. Tantomeno si parla di nesso causale, perch\u00e9 le informazioni usate non sono validate. Noi abbiamo recuperato i casi di Adem segnalati spontaneamente, ma magari il 90% non lo era proprio, non c\u2019\u00e8 stata valutazione clinica, e questo \u00e8 scritto precisamente<\/em><\/strong>\u201c.<\/p>\n<p class=\"pw-hidden-cp\">I risultati dello studio girano in maniera travisata sul web, in un continuo passaparola. Corredati di link alle slide e di commenti come questo: \u201c<em>Alla faccia di chi dice che non ci sono prove o evidenze!!! I camici bianchi sanno tutto. E coscientemente negano tutto!!!<\/em>\u201c. O ancora: \u201c<em>Chiss\u00e0 Burioni e la Lorenzin cosa ne pensano!<\/em>\u201c. Non manca chi si sente tradito dal ministro della Salute Giulia Grillo, e chi vuole scriverle perch\u00e9 tolga l\u2019obbligo vaccinale. I gruppi Fb in cui succede sono diversi: \u2018Gruppo nazionale libera scelta vaccini\u2019 (19 mila membri), \u2018Auret, Autismo, Danni da Vaccinazioni e Malasanit\u00e0\u2019 (oltre 20 mila iscritti), \u2018Free vax Italia\u2019, \u2018Io mi curo con l\u2019omeopatia\u2019. Cita lo studio anche Stefano Montanari, noto per posizioni critiche sui vaccini.<\/p>\n<p class=\"pw-hidden-cp\">\u201c<em>I<\/em> \u2013 precisa invece Clementi \u2013 <em>non sono n\u00e9 pro n\u00e9 contro i vaccini per ideologia. Guardo solo le evidenze scientifiche e le evidenze scientifiche non supportano la correlazione tra questa patologia e i vaccini. Non \u00e8 questione di simpatie personali<\/em>\u201c. L\u2019Asst Fatebenefratelli Sacco in cui l\u2019esperto lavora ha un servizio di consulenza terapeutica attivo 24 ore su 24 \u201c<em>a cui si riferiscono i medici che hanno pazienti con farmaci complicati e politerapie, e c\u2019\u00e8 anche l\u2019analisi sui vaccini. Solo guardando i dati del Buzzi<\/em> (l\u2019ospedale dei bambini dell\u2019Asst, ndr) <em>abbiamo fatto 44 consulti farmacologici sui vaccini. Siamo attenti al paziente, diamo supporto alle mamme e, a memoria da quando ci sono io, non abbiamo mai avuto un caso di reazione avversa a un vaccino<\/em>\u201c.<\/p>\n<p class=\"pw-hidden-cp\">Tornando all\u2019encefalomielite acuta disseminata, \u201c<em>anche l\u2019Aifa<\/em> \u2013 conclude Clementi \u2013<em> ci dice che in meno del 5% casi c\u2019\u00e8 una relazione temporale con la vaccinazione e la si rileva per un vaccino non pi\u00f9 in uso e per uno contro l\u2019encefalite giapponese, mentre per altre vaccinazioni \u00e8 pi\u00f9 rara e controversa. L\u2019Aifa sottolinea che nella popolazione pediatrica l\u2019incidenza di Adem da altre cause \u00e8 di circa 8 volte maggiore di quella osservata dopo i vaccini in studi di farmacovigilanza. Sempre <strong>l\u2019agenzia conclude che i dati non confermano un legame con i vaccini sospettati<\/strong><\/em>\u201c.<\/p>\n<p class=\"pw-hidden-cp\">To know more <a href=\"http:\/\/www.meteoweb.eu\/2019\/01\/vaccini-scienziati-no-vax\/1204732\/#bIEcPUpGAkJooJyh.99\" target=\"_blank\" rel=\"noopener\">http:\/\/www.meteoweb.eu\/2019\/01\/vaccini-scienziati-no-vax\/1204732\/#bIEcPUpGAkJooJyh.99<\/a><\/p>\n<p>Related news: <a href=\"http:\/\/www.epicentro.iss.it\/farmaci\/pdf\/FEP%202013\/Pellegrino.pdf\" target=\"_blank\" rel=\"noopener\">Analisi delle segnalazioni internazionali di encefalomielite internazionali di encefalomielite acuta disseminata post vaccinazione<\/a><\/p>\n<p><a href=\"https:\/\/www.ncbi.nlm.nih.gov\/pmc\/articles\/PMC3797690\/\" target=\"_blank\" rel=\"noopener\">PLOS. Acute Disseminated Encephalomyelitis Onset: Evaluation Based on Vaccine Adverse Events Reporting Systems<\/a><\/p>\n<p><a href=\"https:\/\/www.fedaiisf.it\/en\/aifa-pubblica-rapporto-vaccini-2017-con-tutte-le-sospette-reazioni-avverse-pervenute-alla-farmacovigilanza\/\" target=\"_blank\" rel=\"noopener\">AIFA publishes the 2017 Vaccine Report with all the suspected adverse reactions received by Pharmacovigilance<\/a><\/p>\n<p class=\"title\"><a href=\"https:\/\/www.nextquotidiano.it\/corvelva-bechis-danna-vaccini\/?fbclid=IwAR1y8kvMdpQpEKvFwpPQRypsBTPjRnm2-lLMtl_aJuDaDliL8EPpkvXrotw\" target=\"_blank\" rel=\"noopener\">Il silenzio non \u00e8 innocente<\/a><\/p>\n<p class=\"collapse vacc-article__pagetitle\"><a href=\"https:\/\/www.vaccinarsi.org\/scienza-conoscenza\/contro-la-disinformazione\/vaccini-non-causano-encefaliti-encefalopatie\" target=\"_blank\" rel=\"noopener\">I vaccini non causano encefaliti ed encefalopatie<\/a><\/p>\n<hr \/>\n<\/div>\n<h1><span style=\"color: #ff0000;\">Spunta lo studio segreto sui vaccini: perch\u00e9 nessuno ne parla?<\/span><\/h1>\n<p><a href=\"https:\/\/velvetbody.it\/2019\/01\/09\/studio-segreto-sui-vaccini-perche-nessuno-ne-parla\/\" target=\"_blank\" rel=\"noopener\">01\/09\/2019 &#8211; Raffaella Mazzei &#8211; velvet body<\/a><\/p>\n<p><strong>Vaccini: spunta uno studio segreto destinato a far parlare di s\u00e9<\/strong>. I ricercatori avevano evidenziato, infatti, oltre 400 casi di encefalomielite acuta disseminata. Provocata, appunto, dal vaccino. Eppure tali dati sono rimasti chiusi in un cassetto per 5 anni, <a href=\"https:\/\/velvetbody.it\/2018\/10\/14\/muore-a-2-anni-dopo-il-vaccino-aperta-inchiesta\/\" target=\"_blank\" rel=\"noopener\">tenuti sotto chiave per motivi che \u00e8 facile immaginare<\/a>. Ovviamente nessuno vuole tirare acqua nel mulino dei no vax: <strong>l\u2019utilit\u00e0 dei vaccini non viene messa in discussione<\/strong>, eppure sarebbe il caso di mettere tutto sul piatto della bilancia. Studio segreto compreso, dal nome complesso: <em>Analisi delle segnalazioni internazionali di encefalomielite acuta disseminata post vaccinazione<\/em>. Questo era in pratica il primo report volto a <a href=\"https:\/\/www.fedaiisf.it\/wp-content\/uploads\/2019\/01\/ADEM-incidenza-post-vaccinica.png\"><img loading=\"lazy\" decoding=\"async\" class=\"wp-image-40299 alignright\" src=\"https:\/\/www.fedaiisf.it\/wp-content\/uploads\/2019\/01\/ADEM-incidenza-post-vaccinica-1024x616.png\" alt=\"\" width=\"474\" height=\"285\" srcset=\"https:\/\/www.fedaiisf.it\/wp-content\/uploads\/2019\/01\/ADEM-incidenza-post-vaccinica-1024x616.png 1024w, https:\/\/www.fedaiisf.it\/wp-content\/uploads\/2019\/01\/ADEM-incidenza-post-vaccinica-300x180.png 300w, https:\/\/www.fedaiisf.it\/wp-content\/uploads\/2019\/01\/ADEM-incidenza-post-vaccinica-768x462.png 768w, https:\/\/www.fedaiisf.it\/wp-content\/uploads\/2019\/01\/ADEM-incidenza-post-vaccinica-780x470.png 780w, https:\/\/www.fedaiisf.it\/wp-content\/uploads\/2019\/01\/ADEM-incidenza-post-vaccinica.png 1091w\" sizes=\"auto, (max-width: 474px) 100vw, 474px\" \/><\/a>descrivre, in maniera dettagliata, le <strong>caratteristiche epidemiologiche dell\u2019encefalomielite acuta disseminata post-vaccinica<\/strong>. Lo studio, datato 2013, era opera dello studio del <strong>dott. Paolo Pellegrino<\/strong> dell\u2019Unit\u00e0 di Farmacologia clinica dell\u2019Azienda Ospedaliera Luigi Sacco dell\u2019Universit\u00e0 di Milano.<\/p>\n<h2>I risultati dello studio segreto<\/h2>\n<p><em>EpiCentro<\/em>, portale di epidemiologia dell\u2019Istituto Superiore di Sanit\u00e0, lo aveva pubblicato proprio nel 2013. Poi per\u00f2 pi\u00f9 nulla, <strong>limitandone cos\u00ec la fruizione solamente agli addetti ai lavori<\/strong>. Numeri alla mano, le informazioni utili non mancano. Sono stati rilevati <strong>ben 199 casi di encefalite acuta disseminata dal VAERS<\/strong> (database americano) <strong>e altri 205 da EudraVigilance<\/strong> (sistema di monitoraggio sulla sicurezza dei farmaci in Europa). Gli autori della ricerca a questo proposito hanno affermato che sono state descritte per la prima volta \u201cle caratteristiche epidemiologiche della encefalomielite acuta disseminata post-vaccinica. A differenza degli studi precedenti riguardanti i casi di ADEM post infettiva, \u00e8 stato osservato che questa patologia pu\u00f2 riguardare ogni et\u00e0\u201d.<\/p>\n<h2>I vaccini giudicati pi\u00f9 rischiosi<\/h2>\n<p>Ma non finisce qui. <strong>Il vaccino anti-influenzale e anti-hpv siano quelli pi\u00f9 comunemente associati a questa reazione avversa<\/strong>, hanno concluso i ricercatori dopo aver passato al setaccio i vaccini antimorbillo, esavalente, antiepatite B, antimeningococco, quello antinfluenzale e <a href=\"https:\/\/velvetbody.it\/2018\/08\/27\/dal-ginecologo-addio-pap-test-arriva-test-hpv-cose\/\" target=\"_blank\" rel=\"noopener\">quello anti papilloma virus<\/a>. <strong>Le informazioni sono deciisamente utili e pratiche<\/strong> e, senza dubbio, andrebbero sottoposte alla visione del Ministero e dell\u2019opinione pubblica.<\/p>\n<h2>Encefalomielite acuta disseminata: cos\u2019\u00e8<\/h2>\n<p>L&#039;<strong>encefalomielite acuta disseminata (ADEM)<\/strong> \u00e8 una patologia neurologica caratterizzata da un\u2019infiammazione dell\u2019encefalo e del midollo spinale. Con molta probabilit\u00e0 ha un\u2019origine autoimmune. Esistono due tipologie di ADEM: <strong>l\u2019ADEM post-infettiva<\/strong> \u2013 ovvero che deriva da una precedente infezione virale o batterica \u2013 <strong>e l\u2019ADEM post-vaccinica<\/strong> \u2013 che insorge a causa di una precedente vaccinazione. <strong>I sintomi principali<\/strong> sono nausea, vomito, difficolt\u00e0 visive, confusione, sonnolenza, debolezza degli arti, difficolt\u00e0 nel deglutire, tendenza a cadere e convulsioni. Se si passa agli stadi pi\u00f9 avanzati, la gravit\u00e0 aumenta a dismisura e <strong>pu\u00f2 persino portare al coma<\/strong>.<\/p>\n<p><a href=\"https:\/\/www.fedaiisf.it\/wp-content\/uploads\/2018\/07\/Reazione-avverse-vaccini.png\"><img loading=\"lazy\" decoding=\"async\" class=\"size-full wp-image-36971 aligncenter\" src=\"https:\/\/www.fedaiisf.it\/wp-content\/uploads\/2018\/07\/Reazione-avverse-vaccini.png\" alt=\"\" width=\"624\" height=\"400\" srcset=\"https:\/\/www.fedaiisf.it\/wp-content\/uploads\/2018\/07\/Reazione-avverse-vaccini.png 624w, https:\/\/www.fedaiisf.it\/wp-content\/uploads\/2018\/07\/Reazione-avverse-vaccini-300x192.png 300w, https:\/\/www.fedaiisf.it\/wp-content\/uploads\/2018\/07\/Reazione-avverse-vaccini-179x116.png 179w\" sizes=\"auto, (max-width: 624px) 100vw, 624px\" \/><\/a><\/p>\n<hr \/>\n<h1><span style=\"color: #ff0000;\">Scetticismo sui vaccini? \u00c8 colpa dell&#8221;isteresi&#8217;<\/span><\/h1>\n<p>Lo rivela uno studio del Dartmouth College Scetticismo sui vaccini? E\u2019 colpa dell&#8221;isteresi&#8217; Perch\u00e9 \u00e8 cos\u00ec impegnativo aumentare il numero di persone che si sottopongono alle vaccinazioni? Come mai la resistenza a questi importanti presidi sanitari rimane forte, anche se le malattie prevenibili fanno ritorno?<\/p>\n<p>Un nuovo studio del Dartmouth College cerca di analizzare la questione, mostrando che i problemi con i vaccini possono arrivare a causare un fenomeno noto come &#8216;isteresi&#8217;, che contribuisce a creare una sensazione<\/p>\n<p>negativa attorno a un tema, irrigidendo l&#8217;opinione pubblica in questo caso contro la vaccinazione.<\/p>\n<p>Un ciclo di isteresi, cos\u00ec si chiama tecnicamente questo fenomeno con applicazioni che vanno dalla meccanica all&#8217;elettromagnetica, dall&#8217;economia alla medicina, fa s\u00ec che l&#8217;impatto di una forza venga osservato anche dopo che la forza stessa \u00e8 stata eliminata.<\/p>\n<p>\u00c8 il motivo per cui i tassi di disoccupazione possono rimanere alti anche in un&#8217;economia in ripresa. Ed \u00e8 per questo che gli oggetti fisici resistono al loro stato originale anche dopo essere stati colpiti da una forza esterna.<\/p>\n<p>E, secondo la ricerca Usa, questo \u00e8 anche il motivo per cui il pubblico &#8216;resiste&#8217; alle campagne di vaccinazione. &#8220;Dati tutti i benefici della vaccinazione, \u00e8 stato difficile capire perch\u00e9 i tassi di vaccinazione possano rimanere ostinatamente bassi&#8221;, spiega Feng Fu, assistente di matematica al Dartmouth College.<\/p>\n<p>&#8220;La storia conta e ora sappiamo che l&#8217;isteresi fa parte della risposta&#8221;. La ricerca, pubblicata sulla rivista &#8216;Proceedings of the Royal Society B&#8217;, \u00e8 la prima a dimostrare che l&#8217;isteresi pu\u00f2 avere un impatto anche sulla salute pubblica.<\/p>\n<p>&#8220;Una volta che le persone mettono in dubbio la sicurezza o l&#8217;efficacia di un vaccino, pu\u00f2 essere molto difficile farle andare oltre questi pareri negativi: l&#8217;isteresi \u00e8 una forza potente che \u00e8 difficile da rompere a livello sociale&#8221;, evidenziano gli studiosi.<\/p>\n<p>Precedenti indagini hanno combinato modelli comportamentali con l&#8217;epidemiologia per comprendere la sfida rappresentata dalla vaccinazione volontaria.<\/p>\n<p>Ma non sono riuscite a spiegare completamente la persistenza della bassa compliance all&#8217;immunizzazione.<\/p>\n<p>Secondo la nuova ricerca, \u00e8 l&#8217;isteresi a impedire l&#8217;aumento dei livelli di vaccinazione anche dopo che le obiezioni negative sono state chiarite, cosa che rende la societ\u00e0 sempre pi\u00f9 vulnerabile alle epidemie.<\/p>\n<p>Lo studio fa riferimento all&#8217;esempio del vaccino contro la pertosse in Inghilterra e Galles nel periodo dal 1978 al 1992. Ci sono voluti 15 anni perch\u00e9 questo vaccino recuperasse terreno dopo le critiche ricevute e \u00a0passasse da una copertura del 30 al 91%.<\/p>\n<p>Secondo il team, questo dovrebbe avvenire in solo un anno, in circostanze ideali. Identificando l&#8217;effetto dell&#8217;isteresi nella vaccinazione, il gruppo di ricerca spera che i funzionari della sanit\u00e0 pubblica possano progettare campagne che aumentino i tassi di vaccinazione volontaria, in particolare promuovendola come un comportamento altruistico che deve far parte delle norme morali e sociali.<\/p>\n<p><a href=\"http:\/\/streamer.adnkronos.com\/Salute\/Newsletter\/data\/Pk3e19.pdf\" target=\"_blank\" rel=\"noopener\">Barbara Di Chiara \u2013 adnkronos salute \u2013 10\/01\/2019<\/a><\/p>\n<p>Related news: <a href=\"https:\/\/royalsocietypublishing.org\/doi\/10.1098\/rspb.2018.2406\" target=\"_blank\" rel=\"noopener\">Imperfect vaccine and hysteresis<\/a><\/p>","protected":false},"excerpt":{"rendered":"<p>Il lavoro in questione viene citato almeno dal 5 gennaio su diversi gruppi Facebook &#8216;no-vax&#8217; Vaccini: il caso degli scienziati \u201cno vax\u201d a loro insaputa, \u201cnostro studio travisato\u201d Meteo web &#8211; a cura di AdnKronos &#8211; 10 gennaio 2019 \u201cSono stupito, il nostro studio dice l\u2019esatto contrario\u201c. Quando Emilio Clementi, direttore dell\u2019Unit\u00e0 operativa di Farmacologia &hellip;<\/p>","protected":false},"author":4,"featured_media":5756,"comment_status":"closed","ping_status":"closed","sticky":false,"template":"","format":"standard","meta":{"footnotes":""},"categories":[1],"tags":[],"class_list":["post-40292","post","type-post","status-publish","format-standard","has-post-thumbnail","hentry","category-notizie"],"amp_enabled":true,"_links":{"self":[{"href":"https:\/\/www.fedaiisf.it\/en\/wp-json\/wp\/v2\/posts\/40292","targetHints":{"allow":["GET"]}}],"collection":[{"href":"https:\/\/www.fedaiisf.it\/en\/wp-json\/wp\/v2\/posts"}],"about":[{"href":"https:\/\/www.fedaiisf.it\/en\/wp-json\/wp\/v2\/types\/post"}],"author":[{"embeddable":true,"href":"https:\/\/www.fedaiisf.it\/en\/wp-json\/wp\/v2\/users\/4"}],"replies":[{"embeddable":true,"href":"https:\/\/www.fedaiisf.it\/en\/wp-json\/wp\/v2\/comments?post=40292"}],"version-history":[{"count":0,"href":"https:\/\/www.fedaiisf.it\/en\/wp-json\/wp\/v2\/posts\/40292\/revisions"}],"wp:featuredmedia":[{"embeddable":true,"href":"https:\/\/www.fedaiisf.it\/en\/wp-json\/wp\/v2\/media\/5756"}],"wp:attachment":[{"href":"https:\/\/www.fedaiisf.it\/en\/wp-json\/wp\/v2\/media?parent=40292"}],"wp:term":[{"taxonomy":"category","embeddable":true,"href":"https:\/\/www.fedaiisf.it\/en\/wp-json\/wp\/v2\/categories?post=40292"},{"taxonomy":"post_tag","embeddable":true,"href":"https:\/\/www.fedaiisf.it\/en\/wp-json\/wp\/v2\/tags?post=40292"}],"curies":[{"name":"wp","href":"https:\/\/api.w.org\/{rel}","templated":true}]}}