{"id":40461,"date":"2019-01-19T13:22:44","date_gmt":"2019-01-19T12:22:44","guid":{"rendered":"https:\/\/www.fedaiisf.it\/?p=40461"},"modified":"2019-01-19T18:23:07","modified_gmt":"2019-01-19T17:23:07","slug":"sardegna-premio-cavolo-doro-allassessore-arru-per-aver-determinato-la-regressione-della-sanita-sarda-meno-medici-meno-farmaci","status":"publish","type":"post","link":"https:\/\/www.fedaiisf.it\/en\/sardegna-premio-cavolo-doro-allassessore-arru-per-aver-determinato-la-regressione-della-sanita-sarda-meno-medici-meno-farmaci\/","title":{"rendered":"Sardinia. &quot;Cavolo d&#039;oro&quot; award to councilor Arru for having determined the regression of Sardinian health care: fewer doctors, fewer drugs"},"content":{"rendered":"<h2>Intervento dei rappresentanti di Autodeterminatzione &#8211; Coordinamento Territoriale Sassari.<\/h2>\n<p><a href=\"https:\/\/www.algheroeco.com\/premio-cavolo-doro-allassessore-arru\/\" target=\"_blank\" rel=\"noopener\">Alghero Eco &#8211; 18 gennaio 2019<\/a><\/p>\n<p>\u201cIl Premio \u201cCavolo d\u2019oro\u201d \u2013 1\u00b0 edizione viene assegnato, all\u2019unanimit\u00e0, al Dott. Luigi Arru , Assessore Regionale alla Sanit\u00e0 della giunta Pigliaru, politico sardo che con indefesso impegno e con tenace costanza, in soli cinque anni ha determinato una rapida regressione dell\u2019assistenza sanitaria, determinando una drastica riduzione dei posti letto ospedalieri, la chiusura di molti punti nascita nei territori <a href=\"https:\/\/www.fedaiisf.it\/wp-content\/uploads\/2019\/01\/cavolo-doro-premio-atodeterminatzione.jpg\"><img loading=\"lazy\" decoding=\"async\" class=\"size-full wp-image-40464 alignright\" src=\"https:\/\/www.fedaiisf.it\/wp-content\/uploads\/2019\/01\/cavolo-doro-premio-atodeterminatzione.jpg\" alt=\"\" width=\"425\" height=\"227\" srcset=\"https:\/\/www.fedaiisf.it\/wp-content\/uploads\/2019\/01\/cavolo-doro-premio-atodeterminatzione.jpg 425w, https:\/\/www.fedaiisf.it\/wp-content\/uploads\/2019\/01\/cavolo-doro-premio-atodeterminatzione-300x160.jpg 300w\" sizes=\"auto, (max-width: 425px) 100vw, 425px\" \/><\/a>sardi, una netta riduzione dei medici di base e dei pediatri di libera scelta, una forte limitazione all\u2019uso dei farmaci innovativi, distinguendosi nel raggiungere traguardi impensabili e primati insuperabili, quali:<\/p>\n<p>1) aver superato i 18 mesi di prenotazione per un esame diagnostico e oltre un anno per una vista specialistica;<\/p>\n<p>2) aver permesso al 15% dei sardi di rinunciare alle cure;<\/p>\n<p>3) azzerare il deficit della spesa sanitaria con l\u2019accensione di un mutuo che i sardi pagheranno per altri 20 anni;<\/p>\n<p>4) aver ribaltato le leggi della fisica nel caso del trasferimento del laboratorio di analisi ATS da Sassari ad Olbia facendo entrare un oggetto grande in un contenitore piccolo.<\/p>\n<p>5) tagliare oltre 200 posti letto degli Ospedali Pubblici del Nord Sardegna e regalarli ad un Ospedale privato, il Mater Olbia.<\/p>\n<p>Il premio verr\u00e0 consegnato Sabato 19 gennaio 2019 all\u2019Emiciclo Garibaldi di Sassari, dalle ore 10 alla ore 12. Tutti i cittadini sono invitati a partecipare\u201d. Lo scrivono in una nota i rappresentanti di Autodeterminatzione \u2013 Coordinamento Territoriale Sassari.<\/p>\n<p>Il premio \u201cil Cavolo d\u2019Oro\u201d \u00e8 assegnato &#8220;al personaggio politico che pi\u00f9 si \u00e8 distinto nel determinare la maggior regressione culturale, sociale ed economica della nostra isola\u201d.<\/p>\n<blockquote>\n<h3>Sentenza n. 1873\/2010 della Quarta Sezione Penale della Corte di Cassazione:<br \/>\n<em>\u201cNel praticare la professione il medico deve, con scienza e coscienza, perseguire un unico fine: la cura del malato utilizzando i presidi diagnostici e terapeutici di cui al tempo dispone la scienza medica, senza farsi condizionare da esigenze di diversa natura, da disposizioni, considerazioni, valutazioni, direttive che non siano pertinenti rispetto ai compiti affidatigli dalla legge ed alle conseguenti relative responsabilit\u00e0 a nessuno \u00e8 consentito di anteporre la logica economica alla logica della tutela della salute, n\u00e9 di diramare direttive che, nel rispetto della prima, pongano in secondo piano le esigenze dell\u2019ammalato. Mentre il medico risponde anche ad un preciso codice deontologico, che ha in maniera pi\u00f9 diretta e personale il dovere di anteporre la salute del malato a qualsiasi altra diversa esigenza e che\u00a0 si pone, rispetto a questo, in una chiara posizione di garanzia, non \u00e8 tenuto al rispetto di quelle direttive, laddove esse siano in contrasto con le esigenze di cura del paziente e non pu\u00f2 andare esente da colpa ove se ne lasci condizionare, rinunciando al proprio compito e degradando la propria professionalit\u00e0 e la propria missione a livello regionieristico\u201d.<\/em><\/h3>\n<\/blockquote>\n<p>&nbsp;<\/p>\n<p><a href=\"https:\/\/www.fedaiisf.it\/wp-content\/uploads\/2019\/01\/Pergamena-premio-Cavolo-dOro.jpg\"><img loading=\"lazy\" decoding=\"async\" class=\"size-full wp-image-40491 aligncenter\" src=\"https:\/\/www.fedaiisf.it\/wp-content\/uploads\/2019\/01\/Pergamena-premio-Cavolo-dOro.jpg\" alt=\"\" width=\"960\" height=\"720\" srcset=\"https:\/\/www.fedaiisf.it\/wp-content\/uploads\/2019\/01\/Pergamena-premio-Cavolo-dOro.jpg 960w, https:\/\/www.fedaiisf.it\/wp-content\/uploads\/2019\/01\/Pergamena-premio-Cavolo-dOro-300x225.jpg 300w, https:\/\/www.fedaiisf.it\/wp-content\/uploads\/2019\/01\/Pergamena-premio-Cavolo-dOro-768x576.jpg 768w\" sizes=\"auto, (max-width: 960px) 100vw, 960px\" \/><\/a><\/p>","protected":false},"excerpt":{"rendered":"<p>Intervento dei rappresentanti di Autodeterminatzione &#8211; Coordinamento Territoriale Sassari. Alghero Eco &#8211; 18 gennaio 2019 \u201cIl Premio \u201cCavolo d\u2019oro\u201d \u2013 1\u00b0 edizione viene assegnato, all\u2019unanimit\u00e0, al Dott. Luigi Arru , Assessore Regionale alla Sanit\u00e0 della giunta Pigliaru, politico sardo che con indefesso impegno e con tenace costanza, in soli cinque anni ha determinato una rapida &hellip;<\/p>","protected":false},"author":4,"featured_media":40466,"comment_status":"closed","ping_status":"closed","sticky":false,"template":"","format":"standard","meta":{"footnotes":""},"categories":[1],"tags":[],"class_list":["post-40461","post","type-post","status-publish","format-standard","has-post-thumbnail","hentry","category-notizie"],"amp_enabled":true,"_links":{"self":[{"href":"https:\/\/www.fedaiisf.it\/en\/wp-json\/wp\/v2\/posts\/40461","targetHints":{"allow":["GET"]}}],"collection":[{"href":"https:\/\/www.fedaiisf.it\/en\/wp-json\/wp\/v2\/posts"}],"about":[{"href":"https:\/\/www.fedaiisf.it\/en\/wp-json\/wp\/v2\/types\/post"}],"author":[{"embeddable":true,"href":"https:\/\/www.fedaiisf.it\/en\/wp-json\/wp\/v2\/users\/4"}],"replies":[{"embeddable":true,"href":"https:\/\/www.fedaiisf.it\/en\/wp-json\/wp\/v2\/comments?post=40461"}],"version-history":[{"count":0,"href":"https:\/\/www.fedaiisf.it\/en\/wp-json\/wp\/v2\/posts\/40461\/revisions"}],"wp:featuredmedia":[{"embeddable":true,"href":"https:\/\/www.fedaiisf.it\/en\/wp-json\/wp\/v2\/media\/40466"}],"wp:attachment":[{"href":"https:\/\/www.fedaiisf.it\/en\/wp-json\/wp\/v2\/media?parent=40461"}],"wp:term":[{"taxonomy":"category","embeddable":true,"href":"https:\/\/www.fedaiisf.it\/en\/wp-json\/wp\/v2\/categories?post=40461"},{"taxonomy":"post_tag","embeddable":true,"href":"https:\/\/www.fedaiisf.it\/en\/wp-json\/wp\/v2\/tags?post=40461"}],"curies":[{"name":"wp","href":"https:\/\/api.w.org\/{rel}","templated":true}]}}