{"id":40498,"date":"2019-01-21T17:24:53","date_gmt":"2019-01-21T16:24:53","guid":{"rendered":"https:\/\/www.fedaiisf.it\/?p=40498"},"modified":"2019-01-22T19:37:54","modified_gmt":"2019-01-22T18:37:54","slug":"chiazzese-m5s-cosa-intende-fare-il-governo-prer-incrementare-le-vendite-dei-farmaci-generici-ministro-grillo-potenziare-linformazione-per-incrementarne-luso","status":"publish","type":"post","link":"https:\/\/www.fedaiisf.it\/en\/chiazzese-m5s-cosa-intende-fare-il-governo-prer-incrementare-le-vendite-dei-farmaci-generici-ministro-grillo-potenziare-linformazione-per-incrementarne-luso\/","title":{"rendered":"Chiazzese (M5S): what does the government intend to do to increase the sales of generic drugs? Minister Grillo: &quot;strengthening information to increase its use&quot; Editor&#039;s note"},"content":{"rendered":"<p><em>Riportiamo per informazione la sottostante interrogazione<\/em><\/p>\n<hr \/>\n<div class=\"centra\">\n<div class=\"centrabold\"><a href=\"https:\/\/aic.camera.it\/aic\/scheda.html?numero=3\/00175&amp;ramo=CAMERA&amp;leg=18\" target=\"_blank\" rel=\"noopener\">Interrogazione a risposta orale 3-00175<\/a><\/div>\n<p>presentato da<\/p>\n<div class=\"centrabold\">CHIAZZESE Giuseppe<\/div>\n<div><\/div>\n<div class=\"centrabold\">Marted\u00ec 18 settembre 2018, seduta n. 46<\/div>\n<\/div>\n<p><a title=\"CHIAZZESE Giuseppe\" name=\"idAnagrafe.307117\" shape=\"rect\"><\/a>CHIAZZESE, <a title=\"D'ARRANDO Celeste\" name=\"idAnagrafe.307472\" shape=\"rect\"><\/a>D&#8217;ARRANDO, <a title=\"SARLI Doriana\" name=\"idAnagrafe.307191\" shape=\"rect\"><\/a>SARLI, <a title=\"SAPIA Francesco\" name=\"idAnagrafe.307563\" shape=\"rect\"><\/a>SAPIA, <a title=\"LAPIA Mara\" name=\"idAnagrafe.307107\" shape=\"rect\"><\/a>LAPIA, <a title=\"LOREFICE Marialucia\" name=\"idAnagrafe.306082\" shape=\"rect\"><\/a>LOREFICE, <a title=\"SPORTIELLO Gilda\" name=\"idAnagrafe.307202\" shape=\"rect\"><\/a>SPORTIELLO, <a title=\"BOLOGNA Fabiola\" name=\"idAnagrafe.307607\" shape=\"rect\"><\/a>BOLOGNA, <a title=\"VOLPI Leda\" name=\"idAnagrafe.307519\" shape=\"rect\"><\/a>LEDA VOLPI e <a title=\"NAPPI Silvana\" name=\"idAnagrafe.307213\" shape=\"rect\"><\/a>NAPPI. \u2014 <em> <span class=\"destinatari\" title=\"min.41\">Al Ministro della salute<\/span>.<\/em> \u2014 Per sapere \u2013 premesso che:<\/p>\n<p>The <em>tickets<\/em> \u00e8 il contributo che il cittadino d\u00e0 alla spesa sanitaria, pagando una quota specifica per alcune prestazioni comprese nei livelli essenziali di assistenza;<\/p>\n<p>attualmente i <em>tickets<\/em> riguardano: prestazioni specialistiche (visite, esami strumentali e analisi di laboratorio), prestazioni di pronto soccorso, cure termali e farmaci;<\/p>\n<p><a href=\"https:\/\/www.fedaiisf.it\/wp-content\/uploads\/2019\/01\/Chiazzese-M5S.jpg\"><img loading=\"lazy\" decoding=\"async\" class=\"size-full wp-image-40506 alignright\" src=\"https:\/\/www.fedaiisf.it\/wp-content\/uploads\/2019\/01\/Chiazzese-M5S.jpg\" alt=\"\" width=\"165\" height=\"228\" \/><\/a>in merito al <em>tickets<\/em> sui farmaci \u00e8 bene sottolineare che quest&#8217;ultimo include la quota fissa per ricetta e la quota differenziale sul prezzo di riferimento pagata dai cittadini che preferiscono il farmaco di marca rispetto all&#8217;equivalente, rinunciando cos\u00ec, <em>de facto<\/em>, a una tutela pubblica garantita;<\/p>\n<p>i cittadini Italiani, nella maggior parte dei casi, infatti, optano volontariamente per il farmaco <em>brand<\/em> per via della prescrizione del medico di famiglia, che in ricetta ha la facolt\u00e0 di non indicare esclusivamente il principio attivo ma anche per l&#8217;appunto il farmaco <em>brand<\/em>;<\/p>\n<p>nel periodo 2013-2017, a fronte di una riduzione della quota fissa da 558 milioni di euro a 498 milioni di euro (-11 per cento), la quota differenziale per acquistare il farmaco di marca \u00e8 aumentata da 878 milioni di euro a 1.050 milioni di euro (+20 per cento);<\/p>\n<p>dei 1.549 milioni di euro sborsati dai cittadini per il <em>tickets<\/em> sui farmaci, meno di un terzo sono relativi alla quota fissa per ricetta (498,4 milioni di euro pari a euro 8,2 <em>pro-capite<\/em>), mentre i rimanenti 1.049,6 milioni di euro (euro 17,3 <em>pro-capite<\/em>) sono imputabili alla scarsa diffusione in Italia dei farmaci equivalenti come documentato dall&#8217;Osce colloca il nostro Paese al penultimo posto su 27 Paesi sia per valore, sia per volume del consumo degli equivalenti;<\/p>\n<p>appare dunque opportuno valutare l&#8217;introduzione di misure finalizzate a contenere l&#8217;eccessivo esborso da parte dei cittadini, come ad esempio l&#8217;obbligo di indicare in ricetta esclusivamente il principio attivo oppure un&#8217;adeguata motivazione in caso di non sostituibilit\u00e0 \u2013:<\/p>\n<p>se e quali iniziative il Ministro interrogato intenda porre in essere in relazione alle questioni evidenziate in premessa.<br \/>\n(3-00175)<\/p>\n<hr \/>\n<p><em>La risposta del Ministro Grillo<\/em><\/p>\n<p><a href=\"https:\/\/www.fedaiisf.it\/wp-content\/uploads\/2018\/08\/Autocertificazione-farmaci.png\"><img loading=\"lazy\" decoding=\"async\" class=\"wp-image-37568 alignleft\" src=\"https:\/\/www.fedaiisf.it\/wp-content\/uploads\/2018\/08\/Autocertificazione-farmaci-1024x716.png\" alt=\"\" width=\"471\" height=\"329\" srcset=\"https:\/\/www.fedaiisf.it\/wp-content\/uploads\/2018\/08\/Autocertificazione-farmaci-1024x716.png 1024w, https:\/\/www.fedaiisf.it\/wp-content\/uploads\/2018\/08\/Autocertificazione-farmaci-300x210.png 300w, https:\/\/www.fedaiisf.it\/wp-content\/uploads\/2018\/08\/Autocertificazione-farmaci-768x537.png 768w, https:\/\/www.fedaiisf.it\/wp-content\/uploads\/2018\/08\/Autocertificazione-farmaci.png 1209w\" sizes=\"auto, (max-width: 471px) 100vw, 471px\" \/><\/a>\u00abLa questione riveste carattere di massima priorit\u00e0 e di attualit\u00e0. Il comma 515 adotta il Patto per la salute 2019-2021, finalizzato a prevedere le misure di programmazione e di miglioramento della qualit\u00e0 delle cure e dei servizi erogati, nonch\u00e9 di efficientamento dei costi. Il successivo comma 516 elenca le materie cui devono riferirsi le predette misure, tra cui la revisione del sistema di compartecipazione alla spesa sanitaria a carico degli assistiti al fine di promuovere maggiore equit\u00e0 nell\u2019accesso alle cure\u00bb.<\/p>\n<p>\u00abQuanto alla specifica questione sollevata relativa alla necessit\u00e0 di potenziare l\u2019utilizzo dei medicinali equivalenti, al fine di un incremento consapevole del relativo utilizzo, evitando ogni inutile aggravio di spesa a carico del cittadino, segnalo che il ministero ha istituito nel mese di agosto del 2018 il Tavolo di lavoro sulla governance dei medicinali e dei dispositivi medici, che ha prodotto nell\u2019autunno scorso il documento sulla governance dei medicinali.<\/p>\n<p>Uno dei punti di forza di tale documento \u00e8 rappresentato dal paragrafo relativo all\u2019uso dei farmaci equivalenti e liste di trasparenza. Nello specifico, il documento affronta la necessit\u00e0 di potenziare l\u2019informazione sui medicinali equivalenti anche al fine di un incremento consapevole del relativo utilizzo appropriato, mediante specifiche iniziative informative rivolte ai cittadini. In proposito la direzione di Aifa sta gi\u00e0 delineando un progetto da presentare al ministero per implementare quanto proposto dal Tavolo\u00bb.<\/p>\n<hr \/>\n<p>Chiazzese si \u00e8 quindi dichiarato \u00absoddisfatto della risposta\u00bb, ribadendo l\u2019esigenza \u00abdi favorire il consumo di farmaci equivalenti, rispetto al quale l\u2019Italia si trova in fondo alla classifica europea, anche al fine di contrastare il monopolio delle multinazionali del farmaco\u00bb.<\/p>\n<hr \/>\n<p>Related news: <a href=\"https:\/\/www.fedaiisf.it\/en\/mercato-italiano-dei-farmaci-generici-dati-gennaio-giugno-2018-in-classe-a-sono-al-22-in-classe-c-al-2\/\" target=\"_blank\" rel=\"noopener\">Italian market of generic drugs: January-June 2018 data. In Class A they are at 22%, in Class C at 2%, OTC at 0.3%<\/a><\/p>\n<p><a href=\"https:\/\/www.fedaiisf.it\/en\/il-prezzo-dei-generici\/\" target=\"_blank\" rel=\"noopener\"><strong>The price of generics<\/strong><\/a><\/p>\n<hr \/>\n<h3><span style=\"color: #ff0000;\">Editor&#039;s note:<\/span><\/h3>\n<h3>Il consumo dei farmaci non coperto da brevetti in Italia \u00e8 del 79,4%. Se i produttori di generici non fanno generici di tutti i farmaci a brevetto scaduto, ma rappresentano il 27,7% evidentemente non hanno la convenienza. Una pressione eccessiva sui prezzi per\u00f2 pu\u00f2 creare un rischio \u201ccompetizione\u201d, ovvero di una riduzione del numero di imprese in grado di stare sul mercato e competere. Questa non \u00e8 necessariamente una dinamica negativa, salvo nei casi in cui la competizione si riduca eccessivamente e porti a condizioni di oligopolio o addirittura di monopolio tali da pregiudicare i naturali meccanismi competitivi di mercato. Questa dinamica \u00e8 gi\u00e0 presente essendo il mercato dei generici dominato da sole 5 aziende: infatti l\u201982% del mercato \u00e8 fatto da Teva, Mylan, Sandoz, Doc generici, EG. E&#8217; difficile in queste condizioni parlare di monopolio delle multinazionali del farmaco, come fa l&#8217;On. Chiazzese.<\/h3>\n<h3>L\u2019autocertificazione sulla qualit\u00e0 poi non garantisce alcunch\u00e9. \u00c8 recente il caso del valsartan in cui erano presenti impurit\u00e0 potenzialmente cancerogene dal 2012 e nessuno s\u2019\u00e8 accorto di nulla, prima c\u2019era stato il caso della messa al bando da parte di EMA di 300 generici e prima ancora di 700 farmaci generici prodotti in India e poi il ritiro degli 80 in Germania, e cos\u00ec via. Con questo non vogliamo certo dire che i generici sono pericolosi. La maggior parte di essi sono sicuri e gli eventuali inquinanti riscontrati non sono comunque dannosi, ma danno il segno di una grande incertezza. Il farmaco generico inoltre pu\u00f2 essere approvato senza necessit\u00e0 di una dimostrazione diretta di equivalenza terapeutica. L\u2019unico modo per ottenere una dimostrazione diretta di equivalenza terapeutica sarebbe condurre studi di fase 3 di natura comparativa.<\/h3>\n<h3>Dati presenti nella letteratura medico-scientifica internazionale, alcune esperienze condotte in Italia e le segnalazioni di reazioni avverse ai farmaci presenti nel database dell\u2019AIFA (compresi i casi di inefficacia terapeutica) concorrono a sostenere l\u2019ipotesi che nei mercati farmaceutici di vari Paesi (compresa l\u2019Italia) accanto a farmaci equivalenti di buona qualit\u00e0 siano presenti anche farmaci equivalenti di scarsa qualit\u00e0. Senza norme rigorose il \u201ccattivo\u201d generico scredita tutta la categoria dei generici.<\/h3>\n<h3>E&#8217; vergognoso infine che un SSN universalistico permetta l&#8217;applicazione di ticket o superticket sui farmaci<\/h3>\n<p>Related news: <a href=\"https:\/\/www.fedaiisf.it\/en\/la-ue-mette-al-bando-700-farmaci-generici-prodotti-in-india\/\" target=\"_blank\" rel=\"noopener\">The EU bans 700 generic medicines produced in India<\/a><\/p>\n<p><a href=\"https:\/\/www.fedaiisf.it\/en\/ema-raccomanda-la-sospensione-300-generici-inaffidabili\/\" target=\"_blank\" rel=\"noopener\">EMA recommends the suspension of 300 generics. Unreliable<\/a><\/p>\n<p><a href=\"https:\/\/www.fedaiisf.it\/en\/germania-ritirati-dal-commercio-80-farmaci-generici\/\" target=\"_blank\" rel=\"noopener\">Germany: 80 generic drugs withdrawn from the market<\/a><\/p>\n<p><a href=\"https:\/\/www.fedaiisf.it\/wp-content\/uploads\/2019\/01\/AIFA.-Autorizzazione-generico.png\"><img loading=\"lazy\" decoding=\"async\" class=\"size-full wp-image-40501 aligncenter\" src=\"https:\/\/www.fedaiisf.it\/wp-content\/uploads\/2019\/01\/AIFA.-Autorizzazione-generico.png\" alt=\"\" width=\"825\" height=\"359\" srcset=\"https:\/\/www.fedaiisf.it\/wp-content\/uploads\/2019\/01\/AIFA.-Autorizzazione-generico.png 825w, https:\/\/www.fedaiisf.it\/wp-content\/uploads\/2019\/01\/AIFA.-Autorizzazione-generico-300x131.png 300w, https:\/\/www.fedaiisf.it\/wp-content\/uploads\/2019\/01\/AIFA.-Autorizzazione-generico-768x334.png 768w\" sizes=\"auto, (max-width: 825px) 100vw, 825px\" \/><\/a><\/p>\n<p><a href=\"https:\/\/www.fedaiisf.it\/wp-content\/uploads\/2019\/01\/AIFA-controllo-generici.png\"><img loading=\"lazy\" decoding=\"async\" class=\"size-full wp-image-40502 aligncenter\" src=\"https:\/\/www.fedaiisf.it\/wp-content\/uploads\/2019\/01\/AIFA-controllo-generici.png\" alt=\"\" width=\"828\" height=\"149\" srcset=\"https:\/\/www.fedaiisf.it\/wp-content\/uploads\/2019\/01\/AIFA-controllo-generici.png 828w, https:\/\/www.fedaiisf.it\/wp-content\/uploads\/2019\/01\/AIFA-controllo-generici-300x54.png 300w, https:\/\/www.fedaiisf.it\/wp-content\/uploads\/2019\/01\/AIFA-controllo-generici-768x138.png 768w\" sizes=\"auto, (max-width: 828px) 100vw, 828px\" \/><\/a><a href=\"https:\/\/www.fedaiisf.it\/wp-content\/uploads\/2018\/10\/Trend-generici-1-Sem-2018.png\"><img loading=\"lazy\" decoding=\"async\" class=\"alignnone size-large wp-image-39037\" src=\"https:\/\/www.fedaiisf.it\/wp-content\/uploads\/2018\/10\/Trend-generici-1-Sem-2018-1024x657.png\" alt=\"\" width=\"1000\" height=\"642\" srcset=\"https:\/\/www.fedaiisf.it\/wp-content\/uploads\/2018\/10\/Trend-generici-1-Sem-2018-1024x657.png 1024w, https:\/\/www.fedaiisf.it\/wp-content\/uploads\/2018\/10\/Trend-generici-1-Sem-2018-300x192.png 300w, https:\/\/www.fedaiisf.it\/wp-content\/uploads\/2018\/10\/Trend-generici-1-Sem-2018-768x493.png 768w, https:\/\/www.fedaiisf.it\/wp-content\/uploads\/2018\/10\/Trend-generici-1-Sem-2018-179x116.png 179w, https:\/\/www.fedaiisf.it\/wp-content\/uploads\/2018\/10\/Trend-generici-1-Sem-2018-367x237.png 367w, https:\/\/www.fedaiisf.it\/wp-content\/uploads\/2018\/10\/Trend-generici-1-Sem-2018.png 1194w\" sizes=\"auto, (max-width: 1000px) 100vw, 1000px\" \/><\/a><\/p>\n<p><a href=\"https:\/\/www.fedaiisf.it\/wp-content\/uploads\/2018\/07\/Grafico-generici-2017.png\"><img loading=\"lazy\" decoding=\"async\" class=\"size-full wp-image-37034 aligncenter\" src=\"https:\/\/www.fedaiisf.it\/wp-content\/uploads\/2018\/07\/Grafico-generici-2017.png\" alt=\"\" width=\"701\" height=\"884\" srcset=\"https:\/\/www.fedaiisf.it\/wp-content\/uploads\/2018\/07\/Grafico-generici-2017.png 701w, https:\/\/www.fedaiisf.it\/wp-content\/uploads\/2018\/07\/Grafico-generici-2017-238x300.png 238w\" sizes=\"auto, (max-width: 701px) 100vw, 701px\" \/><\/a><\/p>","protected":false},"excerpt":{"rendered":"<p>Riportiamo per informazione la sottostante interrogazione Interrogazione a risposta orale 3-00175 presentato da CHIAZZESE Giuseppe Marted\u00ec 18 settembre 2018, seduta n. 46 CHIAZZESE, D&#8217;ARRANDO, SARLI, SAPIA, LAPIA, LOREFICE, SPORTIELLO, BOLOGNA, LEDA VOLPI e NAPPI. \u2014 Al Ministro della salute. \u2014 Per sapere \u2013 premesso che: il ticket \u00e8 il contributo che il cittadino d\u00e0 alla &hellip;<\/p>","protected":false},"author":4,"featured_media":40509,"comment_status":"closed","ping_status":"closed","sticky":false,"template":"","format":"standard","meta":{"footnotes":""},"categories":[1],"tags":[31,127,29,26],"class_list":["post-40498","post","type-post","status-publish","format-standard","has-post-thumbnail","hentry","category-notizie","tag-generici","tag-giulia-grillo","tag-prezzo-farmaci","tag-spesa-farmaceutica"],"amp_enabled":true,"_links":{"self":[{"href":"https:\/\/www.fedaiisf.it\/en\/wp-json\/wp\/v2\/posts\/40498","targetHints":{"allow":["GET"]}}],"collection":[{"href":"https:\/\/www.fedaiisf.it\/en\/wp-json\/wp\/v2\/posts"}],"about":[{"href":"https:\/\/www.fedaiisf.it\/en\/wp-json\/wp\/v2\/types\/post"}],"author":[{"embeddable":true,"href":"https:\/\/www.fedaiisf.it\/en\/wp-json\/wp\/v2\/users\/4"}],"replies":[{"embeddable":true,"href":"https:\/\/www.fedaiisf.it\/en\/wp-json\/wp\/v2\/comments?post=40498"}],"version-history":[{"count":0,"href":"https:\/\/www.fedaiisf.it\/en\/wp-json\/wp\/v2\/posts\/40498\/revisions"}],"wp:featuredmedia":[{"embeddable":true,"href":"https:\/\/www.fedaiisf.it\/en\/wp-json\/wp\/v2\/media\/40509"}],"wp:attachment":[{"href":"https:\/\/www.fedaiisf.it\/en\/wp-json\/wp\/v2\/media?parent=40498"}],"wp:term":[{"taxonomy":"category","embeddable":true,"href":"https:\/\/www.fedaiisf.it\/en\/wp-json\/wp\/v2\/categories?post=40498"},{"taxonomy":"post_tag","embeddable":true,"href":"https:\/\/www.fedaiisf.it\/en\/wp-json\/wp\/v2\/tags?post=40498"}],"curies":[{"name":"wp","href":"https:\/\/api.w.org\/{rel}","templated":true}]}}