{"id":40654,"date":"2019-01-30T11:14:26","date_gmt":"2019-01-30T10:14:26","guid":{"rendered":"https:\/\/www.fedaiisf.it\/?p=40654"},"modified":"2019-01-31T18:27:44","modified_gmt":"2019-01-31T17:27:44","slug":"stati-uniti-partiti-uniti-nel-chiedere-a-industria-farmaceutica-di-calmierare-prezzi-il-tempo-di-aumenti-incontrollati-dei-prezzi-dei-farmaci-e-terminato","status":"publish","type":"post","link":"https:\/\/www.fedaiisf.it\/en\/stati-uniti-partiti-uniti-nel-chiedere-a-industria-farmaceutica-di-calmierare-prezzi-il-tempo-di-aumenti-incontrollati-dei-prezzi-dei-farmaci-e-terminato\/","title":{"rendered":"United States: parties united in asking the pharmaceutical industry to lower prices: the time for uncontrolled increases in drug prices is over"},"content":{"rendered":"<p><i>Washington, 30 gen 00:55 &#8211; (<a href=\"https:\/\/www.agenzianova.com\/a\/5c5177acceeec9.08935480\/2285567\/2019-01-30\/finestra-sul-mondo-stati-uniti-partiti-chiedono-a-industria-farmaceutica-di-calmierare-prezzi\" target=\"_blank\" rel=\"noopener\">Nova Agency<\/a>)<\/i> &#8211; I membri del Congresso statunitense dei due partiti politici hanno comunicato alle societ\u00e0 farmaceutiche il 29 gennaio che il tempo di aumenti incontrollati dei prezzi dei farmaci \u00e8 terminato e che sarebbero state ritenute politicamente responsabili per prezzi esorbitanti.<\/p>\n<p>La nuova realt\u00e0, riferisce il quotidiano &#8220;New York Times&#8221;, \u00e8 diventata evidente nel corso delle audizioni contemporanee ma separate delle commissioni di Camera dei rappresentanti e del Senato dove i parlamentari hanno affermavato che i continui aumenti sono insostenibili e inaccettabili.<\/p>\n<p>&#8220;Esiste un forte consenso bipartisan sul fatto che dobbiamo fare qualcosa per frenare gli aumenti dei prezzi fuori controllo&#8221;, ha affermato il deputato democratico Elijah Cummings, presidente della commissione della Camera per la il Controllo e le Riforme. &#8220;Le compagnie farmaceutiche fanno soldi innalzando i prezzi dei loro farmaci &#8211; spesso senza giustificazione e a volte durante la notte &#8211; mentre i pazienti vengono lasciati con il conto in mano&#8221;<\/p>\n<p>(\u2026 continue on <a href=\"https:\/\/www.agenzianova.com\/a\/5c5177acceeec9.08935480\/2285567\/2019-01-30\/finestra-sul-mondo-stati-uniti-partiti-chiedono-a-industria-farmaceutica-di-calmierare-prezzi\" target=\"_blank\" rel=\"noopener\">Agenzia Nova del 30 gennaio 2019<\/a>)<\/p>\n<hr \/>\n<div class=\"section article\">\n<h1>Farmaci a prezzi stratosferici, Public Eye chiede l&#8217;intervento di Berset<\/h1>\n<h4>\u00abI prezzi esorbitanti impediscono sempre pi\u00f9 spesso l&#8217;accesso a terapie vitali\u00bb, sottolinea l&#8217;ong<\/h4>\n<div id=\"bkk_1349574\" class=\"bookmark-article\" title=\"Favorites\" data-link=\"@bookmark\" data-id=\"1349574\" data-processed=\"1\"><a href=\"https:\/\/www.tio.ch\/svizzera\/attualita\/1349574\/farmaci-a-prezzi-stratosferici-public-eye-chiede-l-intervento-di-berset\" target=\"_blank\" rel=\"noopener\">tio20 &#8211; 31\/01\/2019<\/a><\/div>\n<\/div>\n<div class=\"section\">\n<p>LOSANNA\/ZURIGO\u00a0&#8211; Il Consiglio federale deve forzare i giganti farmaceutici ad aprire i diritti sui loro brevetti in relazione ad alcuni farmaci dai costi stratosferici: lo chiede l&#8217;ong elvetica Public Eye in una lettera al consigliere federale Alain Berset.<\/p>\n<p>\u00abI prezzi esorbitanti dei medicamenti impediscono sempre pi\u00f9 spesso l&#8217;accesso a terapie vitali e portano all&#8217;esplosione dei costi della salute\u00bb, si legge in un comunicato odierno.<\/p>\n<p>L&#8217;ex Dichiarazione di Berna (DB) critica quello che considera l&#8217;immobilismo dell&#8217;esecutivo federale, a cui starebbero maggiormente a cuore gli utili miliardari delle aziende che il benessere dei malati. L&#8217;ong propone di intervenire con lo strumento della licenza obbligatoria, attraverso cui un governo pu\u00f2 imporre ai possessori di diritti esclusivi di cederli ad altri. La cosa \u00e8 prevista dagli articoli 40 e 40e della legge sui brevetti.<\/p>\n<div class=\"ad inread  ad-complete\" data-link=\"@loadAd\" data-fire-on=\"load\" data-position=\"inread\" data-processed=\"1\">\n<div id=\"inread-content-ad\">\n<div id=\"tatm-inread-content-ad_header\" class=\"ad_header\">NO<\/div>\n<\/div>\n<\/div>\n<\/div>","protected":false},"excerpt":{"rendered":"<p>Washington, 30 gen 00:55 &#8211; (Agenzia Nova) &#8211; I membri del Congresso statunitense dei due partiti politici hanno comunicato alle societ\u00e0 farmaceutiche il 29 gennaio che il tempo di aumenti incontrollati dei prezzi dei farmaci \u00e8 terminato e che sarebbero state ritenute politicamente responsabili per prezzi esorbitanti. La nuova realt\u00e0, riferisce il quotidiano &#8220;New York &hellip;<\/p>","protected":false},"author":4,"featured_media":6469,"comment_status":"closed","ping_status":"closed","sticky":false,"template":"","format":"standard","meta":{"footnotes":""},"categories":[1],"tags":[29],"class_list":["post-40654","post","type-post","status-publish","format-standard","has-post-thumbnail","hentry","category-notizie","tag-prezzo-farmaci"],"amp_enabled":true,"_links":{"self":[{"href":"https:\/\/www.fedaiisf.it\/en\/wp-json\/wp\/v2\/posts\/40654","targetHints":{"allow":["GET"]}}],"collection":[{"href":"https:\/\/www.fedaiisf.it\/en\/wp-json\/wp\/v2\/posts"}],"about":[{"href":"https:\/\/www.fedaiisf.it\/en\/wp-json\/wp\/v2\/types\/post"}],"author":[{"embeddable":true,"href":"https:\/\/www.fedaiisf.it\/en\/wp-json\/wp\/v2\/users\/4"}],"replies":[{"embeddable":true,"href":"https:\/\/www.fedaiisf.it\/en\/wp-json\/wp\/v2\/comments?post=40654"}],"version-history":[{"count":0,"href":"https:\/\/www.fedaiisf.it\/en\/wp-json\/wp\/v2\/posts\/40654\/revisions"}],"wp:featuredmedia":[{"embeddable":true,"href":"https:\/\/www.fedaiisf.it\/en\/wp-json\/wp\/v2\/media\/6469"}],"wp:attachment":[{"href":"https:\/\/www.fedaiisf.it\/en\/wp-json\/wp\/v2\/media?parent=40654"}],"wp:term":[{"taxonomy":"category","embeddable":true,"href":"https:\/\/www.fedaiisf.it\/en\/wp-json\/wp\/v2\/categories?post=40654"},{"taxonomy":"post_tag","embeddable":true,"href":"https:\/\/www.fedaiisf.it\/en\/wp-json\/wp\/v2\/tags?post=40654"}],"curies":[{"name":"wp","href":"https:\/\/api.w.org\/{rel}","templated":true}]}}