{"id":40677,"date":"2019-01-31T12:50:46","date_gmt":"2019-01-31T11:50:46","guid":{"rendered":"https:\/\/www.fedaiisf.it\/?p=40677"},"modified":"2019-03-18T16:34:39","modified_gmt":"2019-03-18T15:34:39","slug":"interrogazione-a-risposta-immediata-in-commissione-ministro-intende-assumere-iniziative-sulla-professionalita-dellinformatore-scientifico-del-farmaco-anche-attraverso-un-adeguato-inquadramento-c","status":"publish","type":"post","link":"https:\/\/www.fedaiisf.it\/en\/interrogazione-a-risposta-immediata-in-commissione-ministro-intende-assumere-iniziative-sulla-professionalita-dellinformatore-scientifico-del-farmaco-anche-attraverso-un-adeguato-inquadramento-c\/","title":{"rendered":"Question for immediate answer in committee. &quot;Does the Minister intend to take initiatives on the professionalism of drug sales reps, including through an adequate contractual framework, in order to preserve the citizen&#039;s right to treatment?&quot;"},"content":{"rendered":"<p><a href=\"https:\/\/www.fedaiisf.it\/wp-content\/uploads\/2019\/01\/ISF-interrogazione-on-Menga.png\"><img loading=\"lazy\" decoding=\"async\" class=\"alignnone size-large wp-image-40678\" src=\"https:\/\/www.fedaiisf.it\/wp-content\/uploads\/2019\/01\/ISF-interrogazione-on-Menga-1024x776.png\" alt=\"\" width=\"1000\" height=\"758\" srcset=\"https:\/\/www.fedaiisf.it\/wp-content\/uploads\/2019\/01\/ISF-interrogazione-on-Menga-1024x776.png 1024w, https:\/\/www.fedaiisf.it\/wp-content\/uploads\/2019\/01\/ISF-interrogazione-on-Menga-300x227.png 300w, https:\/\/www.fedaiisf.it\/wp-content\/uploads\/2019\/01\/ISF-interrogazione-on-Menga-768x582.png 768w, https:\/\/www.fedaiisf.it\/wp-content\/uploads\/2019\/01\/ISF-interrogazione-on-Menga.png 1102w\" sizes=\"auto, (max-width: 1000px) 100vw, 1000px\" \/><\/a><\/p>\n<h6>Process status:<\/h6>\n<p>IN PROGRESS<\/p>\n<div class=\"testoAtto\">\n<div class=\"centra\">\n<div class=\"centrabold\">\n<p>Chamber act<\/p>\n<p><a href=\"https:\/\/aic.camera.it\/aic\/scheda.html?numero=5\/01354&amp;ramo=CAMERA&amp;leg=18\" target=\"_blank\" rel=\"noopener\">Interrogazione a risposta immediata in commissione 5-01354<\/a><\/p>\n<\/div>\n<p>presentato da<\/p>\n<div class=\"centrabold\">MENGA Rosa<\/div>\n<p>testo di<\/p>\n<\/div>\n<div class=\"centra\">Mercoled\u00ec 30 gennaio 2019, seduta n. 117<\/div>\n<p><a title=\"MENGA Rosa\" name=\"idAnagrafe.307372\" shape=\"rect\"><\/a>MENGA, <a title=\"D'ARRANDO Celeste\" name=\"idAnagrafe.307472\" shape=\"rect\"><\/a>D&#8217;ARRANDO, <a title=\"BARONI Massimo Enrico\" name=\"idAnagrafe.305800\" shape=\"rect\"><\/a>MASSIMO ENRICO BARONI, <a title=\"BOLOGNA Fabiola\" name=\"idAnagrafe.307607\" shape=\"rect\"><\/a>BOLOGNA, <a title=\"LAPIA Mara\" name=\"idAnagrafe.307107\" shape=\"rect\"><\/a>LAPIA, <a title=\"MAMM\u00cc Stefania\" name=\"idAnagrafe.307672\" shape=\"rect\"><\/a>MAMM\u00cc, <a title=\"NAPPI Silvana\" name=\"idAnagrafe.307213\" shape=\"rect\"><\/a>NAPPI, <a title=\"NESCI Dalila\" name=\"idAnagrafe.306109\" shape=\"rect\"><\/a>NESCI, <a title=\"PROVENZA Nicola\" name=\"idAnagrafe.307537\" shape=\"rect\"><\/a>PROVENZA, <a title=\"SAPIA Francesco\" name=\"idAnagrafe.307563\" shape=\"rect\"><\/a>SAPIA, <a title=\"SARLI Doriana\" name=\"idAnagrafe.307191\" shape=\"rect\"><\/a>SARLI, <a title=\"SPORTIELLO Gilda\" name=\"idAnagrafe.307202\" shape=\"rect\"><\/a>SPORTIELLO, <a title=\"TRIZZINO Giorgio\" name=\"idAnagrafe.307113\" shape=\"rect\"><\/a>TRIZZINO, <a title=\"TROIANO Francesca\" name=\"idAnagrafe.307352\" shape=\"rect\"><\/a>TROIANO e <a title=\"VOLPI Leda\" name=\"idAnagrafe.307519\" shape=\"rect\"><\/a>VOLPI. \u2014 <em> <span class=\"destinatari\" title=\"min.41\">Al Ministro della salute<\/span>.<\/em> \u2014 Per sapere \u2013 premesso che:<\/p>\n<h3>l&#8217;attivit\u00e0 dell&#8217;informatore scientifico del farmaco (Isf) \u00e8 definita dal decreto legislativo n. 219 del 24 aprile 2006 come il complesso di informazioni relative alla composizione dei farmaci ad uso umano, alla loro attivit\u00e0 terapeutica, alle precauzioni e modalit\u00e0 d&#8217;uso, compresa la concedibilit\u00e0 da parte del servizio sanitario nazionale, ai risultati degli studi clinici controllati concernenti la efficacia e tossicit\u00e0 immediata <a href=\"https:\/\/www.fedaiisf.it\/wp-content\/uploads\/2019\/01\/Rosa-Menga-M5S.jpg\"><img loading=\"lazy\" decoding=\"async\" class=\"wp-image-40681 alignright\" src=\"https:\/\/www.fedaiisf.it\/wp-content\/uploads\/2019\/01\/Rosa-Menga-M5S.jpg\" alt=\"\" width=\"190\" height=\"263\" \/><\/a>ed a distanza, destinato ai medici ed ai farmacisti, avente lo scopo di assicurare un corretto uso del farmaco;<\/h3>\n<h3>l&#8217;Isf, quale tramite tra ricerca scientifica e medico, deve essere in possesso di un diploma di laurea in una disciplina scientifica, come statuito dell&#8217;articolo 122, comma 2, del decreto legislativo n. 219 del 2006, ed \u00e8 l&#8217;unico professionista qualificato a portare l&#8217;informazione sui medicinali ai medici;<\/h3>\n<h3>al fine di garantire il diritto alla cura del cittadino, il richiamato decreto legislativo n. 219 del 2006 sancisce che l&#8217;Isf deve instaurare un rapporto di lavoro con un&#8217;unica impresa farmaceutica, e riferire al Servizio scientifico, di cui ogni impresa farmaceutica deve dotarsi e che deve essere indipendente dal servizio <em>marketing <\/em>della stessa, tutte le informazioni sugli effetti indesiderati dei medicinali;<\/h3>\n<h3>la giurisprudenza di merito e di legittimit\u00e0 si \u00e8 confrontata con l&#8217;annosa questione dell&#8217;inquadramento contrattuale dell&#8217;Isf, statuendo la necessit\u00e0 di ricondurre nell&#8217;alveo del lavoro autonomo o subordinato il rapporto di chi svolga prevalentemente l&#8217;attivit\u00e0 di informatore medico-scientifico e non quella di agente di commercio (Tribunale di Marsala, sent. n. 131\/2017; Cassazione civile sezione lavoro, n. 19394\/2014);<\/h3>\n<h3>in data 19 luglio 2018 tra Federchimica, Farmindustria e Filctem-Cgil, Femca-Cisl, Uiltec-Ult si \u00e8 concordato il rinnovo del contratto collettivo nazionale del lavoro comparto dei chimici, dal 1\u00b0 gennaio 2019 al 30 giugno 2022;<\/h3>\n<h3>tuttavia tale ipotesi di contratto non \u00e8 intervenuta a modificare l&#8217;area funzionale di appartenenza degli Isf, che rimangono allocati nel settore <em>marketing<\/em>, consentendo il loro impiego come agenti di commercio, spesso non laureati;<\/h3>\n<h3>da ci\u00f2 deriva totale assenza di tutela della categoria degli Isf, con conseguenti ricadute negative sulla qualit\u00e0 dell&#8217;informazione scientifica offerta alla classe medica, il cui livello di aggiornamento scientifico si ripercuote sulla salute del cittadino \u2013:<\/h3>\n<h3>se il Ministro interrogato intenda assumere iniziative professionalit\u00e0 dell&#8217;informatore scientifico del farmaco, anche attraverso un adeguato inquadramento contrattuale, al fine di preservare il diritto alla cura del cittadino.<br \/>\n(<a href=\"https:\/\/aic.camera.it\/aic\/scheda.html?numero=5\/01354&amp;ramo=CAMERA&amp;leg=18\" target=\"_blank\" rel=\"noopener\">5-01354<\/a>)<\/h3>\n<hr \/>\n<p>NB: <em>Nell&#8217;interrogazioine si dice: &#8220;&#8230;statuendo la necessit\u00e0 di ricondurre nell&#8217;alveo del lavoro autonomo o subordinato&#8221;. Per subordinato ovviamente s&#8217;intende il CCNL dei chimici.<\/em><\/p>\n<p><em>The <strong>self-employment<\/strong> \u00e8 la forma di lavoro svolta da un tipo di lavoratore previsto dal diritto del lavoro italiano, definito dall&#8217;art. 2222 del codice civile italiano come colui che si obblighi a compiere, a prezzo di un corrispettivo, un&#8217;opera o un servizio con lavoro prevalentemente proprio e senza vincolo di subordinazione nei confronti di un committente. Esso identifica dunque l&#8217;attivit\u00e0 di lavoro dei liberi professionisti e dei lavoratori autonomi manuali, con esclusione delle figure imprenditoriali, e necessita dell&#8217;apertura di partita IVA. Tale tipologia di contratto pu\u00f2 prevedere che la conclusione dello stesso avvenga al completamento dell&#8217;opera\/servizio senza vincolo temporale, oppure pu\u00f2 essere a tempo determinato quando \u00e8 previsto che l&#8217;opera o il servizio venga effettuato fino alla scadenza temporale indicata nel contratto stesso.<\/em><\/p>\n<p><em>Nel caso degli ISF il lavoro autonomo non \u00e8 certo vietato, \u00e8 vietato nei casi previsti dagli art. 1742 e 1752 del C.C., cio\u00e8 per coloro che hanno l&#8217;incarico di concludere contratti.<\/em><\/p>\n<\/div>","protected":false},"excerpt":{"rendered":"<p>Stato iter: IN CORSO Atto Camera Interrogazione a risposta immediata in commissione 5-01354 presentato da MENGA Rosa testo di Mercoled\u00ec 30 gennaio 2019, seduta n. 117 MENGA, D&#8217;ARRANDO, MASSIMO ENRICO BARONI, BOLOGNA, LAPIA, MAMM\u00cc, NAPPI, NESCI, PROVENZA, SAPIA, SARLI, SPORTIELLO, TRIZZINO, TROIANO e VOLPI. \u2014 Al Ministro della salute. \u2014 Per sapere \u2013 premesso che: &hellip;<\/p>","protected":false},"author":4,"featured_media":38732,"comment_status":"closed","ping_status":"closed","sticky":false,"template":"","format":"standard","meta":{"footnotes":""},"categories":[16],"tags":[],"class_list":["post-40677","post","type-post","status-publish","format-standard","has-post-thumbnail","hentry","category-primo-piano"],"amp_enabled":true,"_links":{"self":[{"href":"https:\/\/www.fedaiisf.it\/en\/wp-json\/wp\/v2\/posts\/40677","targetHints":{"allow":["GET"]}}],"collection":[{"href":"https:\/\/www.fedaiisf.it\/en\/wp-json\/wp\/v2\/posts"}],"about":[{"href":"https:\/\/www.fedaiisf.it\/en\/wp-json\/wp\/v2\/types\/post"}],"author":[{"embeddable":true,"href":"https:\/\/www.fedaiisf.it\/en\/wp-json\/wp\/v2\/users\/4"}],"replies":[{"embeddable":true,"href":"https:\/\/www.fedaiisf.it\/en\/wp-json\/wp\/v2\/comments?post=40677"}],"version-history":[{"count":0,"href":"https:\/\/www.fedaiisf.it\/en\/wp-json\/wp\/v2\/posts\/40677\/revisions"}],"wp:featuredmedia":[{"embeddable":true,"href":"https:\/\/www.fedaiisf.it\/en\/wp-json\/wp\/v2\/media\/38732"}],"wp:attachment":[{"href":"https:\/\/www.fedaiisf.it\/en\/wp-json\/wp\/v2\/media?parent=40677"}],"wp:term":[{"taxonomy":"category","embeddable":true,"href":"https:\/\/www.fedaiisf.it\/en\/wp-json\/wp\/v2\/categories?post=40677"},{"taxonomy":"post_tag","embeddable":true,"href":"https:\/\/www.fedaiisf.it\/en\/wp-json\/wp\/v2\/tags?post=40677"}],"curies":[{"name":"wp","href":"https:\/\/api.w.org\/{rel}","templated":true}]}}