{"id":40760,"date":"2019-02-04T20:14:15","date_gmt":"2019-02-04T19:14:15","guid":{"rendered":"https:\/\/www.fedaiisf.it\/?p=40760"},"modified":"2019-02-04T20:17:21","modified_gmt":"2019-02-04T19:17:21","slug":"sez-fedaiisf-lecce-assemblea-aperta-a-tutti-l8-febbraio","status":"publish","type":"post","link":"https:\/\/www.fedaiisf.it\/en\/sez-fedaiisf-lecce-assemblea-aperta-a-tutti-l8-febbraio\/","title":{"rendered":"Sez. Fedaiisf Lecce. Assemblea aperta a tutti l&#8217;8 febbraio"},"content":{"rendered":"<p><a href=\"https:\/\/www.fedaiisf.it\/wp-content\/uploads\/2019\/01\/Lecce-Convegno-AIISF-OMCeO.png\"><img loading=\"lazy\" decoding=\"async\" class=\"wp-image-40469 alignright\" src=\"https:\/\/www.fedaiisf.it\/wp-content\/uploads\/2019\/01\/Lecce-Convegno-AIISF-OMCeO-1024x679.png\" alt=\"\" width=\"257\" height=\"170\" srcset=\"https:\/\/www.fedaiisf.it\/wp-content\/uploads\/2019\/01\/Lecce-Convegno-AIISF-OMCeO-1024x679.png 1024w, https:\/\/www.fedaiisf.it\/wp-content\/uploads\/2019\/01\/Lecce-Convegno-AIISF-OMCeO-300x199.png 300w, https:\/\/www.fedaiisf.it\/wp-content\/uploads\/2019\/01\/Lecce-Convegno-AIISF-OMCeO-768x509.png 768w, https:\/\/www.fedaiisf.it\/wp-content\/uploads\/2019\/01\/Lecce-Convegno-AIISF-OMCeO-80x54.png 80w, https:\/\/www.fedaiisf.it\/wp-content\/uploads\/2019\/01\/Lecce-Convegno-AIISF-OMCeO-130x87.png 130w, https:\/\/www.fedaiisf.it\/wp-content\/uploads\/2019\/01\/Lecce-Convegno-AIISF-OMCeO-85x57.png 85w, https:\/\/www.fedaiisf.it\/wp-content\/uploads\/2019\/01\/Lecce-Convegno-AIISF-OMCeO-165x109.png 165w, https:\/\/www.fedaiisf.it\/wp-content\/uploads\/2019\/01\/Lecce-Convegno-AIISF-OMCeO-112x75.png 112w, https:\/\/www.fedaiisf.it\/wp-content\/uploads\/2019\/01\/Lecce-Convegno-AIISF-OMCeO-170x113.png 170w, https:\/\/www.fedaiisf.it\/wp-content\/uploads\/2019\/01\/Lecce-Convegno-AIISF-OMCeO-81x55.png 81w, https:\/\/www.fedaiisf.it\/wp-content\/uploads\/2019\/01\/Lecce-Convegno-AIISF-OMCeO-765x510.png 765w, https:\/\/www.fedaiisf.it\/wp-content\/uploads\/2019\/01\/Lecce-Convegno-AIISF-OMCeO.png 1099w\" sizes=\"auto, (max-width: 257px) 100vw, 257px\" \/><\/a>L&#8217;8 febbraio 2019 presso la Sala Esagono dei Salesiani di Lecce, si terr\u00e0 l&#8217;Assemblea della Sezione Fedaiisf Provinciale. Un&#8217;assemblea aperta anche ai non iscritti volta a stabilire linee guida per onorare il &#8220;Protocollo d&#8217;intesa&#8221; siglato con l&#8217;Ordine dei Medici.<\/p>\n<p>Parteciper\u00e0 il nostro Presidente nazionale Antonio Mazzarella che illustrer\u00e0 l&#8217;interrogazione sugli ISF dell&#8217;On. Rosa Menga e verr\u00e0 sottolineato l&#8217;importanza e l&#8217;opportunit\u00e0 che offrono questi due importanti riconoscimenti&#8230; quali occasioni da non sottovalutare.<\/p>\n<p>Il Presidente Sezionale<\/p>\n<p>Pasquale Melancholy<\/p>\n<p>&nbsp;<\/p>","protected":false},"excerpt":{"rendered":"<p>L&#8217;8 febbraio 2019 presso la Sala Esagono dei Salesiani di Lecce, si terr\u00e0 l&#8217;Assemblea della Sezione Fedaiisf Provinciale. Un&#8217;assemblea aperta anche ai non iscritti volta a stabilire linee guida per onorare il &#8220;Protocollo d&#8217;intesa&#8221; siglato con l&#8217;Ordine dei Medici. Parteciper\u00e0 il nostro Presidente nazionale Antonio Mazzarella che illustrer\u00e0 l&#8217;interrogazione sugli ISF dell&#8217;On. Rosa Menga e &hellip;<\/p>","protected":false},"author":4,"featured_media":40761,"comment_status":"closed","ping_status":"closed","sticky":false,"template":"","format":"standard","meta":{"footnotes":""},"categories":[14],"tags":[45],"class_list":["post-40760","post","type-post","status-publish","format-standard","has-post-thumbnail","hentry","category-news-fedaiisf","tag-fedaiisf"],"amp_enabled":true,"_links":{"self":[{"href":"https:\/\/www.fedaiisf.it\/en\/wp-json\/wp\/v2\/posts\/40760","targetHints":{"allow":["GET"]}}],"collection":[{"href":"https:\/\/www.fedaiisf.it\/en\/wp-json\/wp\/v2\/posts"}],"about":[{"href":"https:\/\/www.fedaiisf.it\/en\/wp-json\/wp\/v2\/types\/post"}],"author":[{"embeddable":true,"href":"https:\/\/www.fedaiisf.it\/en\/wp-json\/wp\/v2\/users\/4"}],"replies":[{"embeddable":true,"href":"https:\/\/www.fedaiisf.it\/en\/wp-json\/wp\/v2\/comments?post=40760"}],"version-history":[{"count":0,"href":"https:\/\/www.fedaiisf.it\/en\/wp-json\/wp\/v2\/posts\/40760\/revisions"}],"wp:featuredmedia":[{"embeddable":true,"href":"https:\/\/www.fedaiisf.it\/en\/wp-json\/wp\/v2\/media\/40761"}],"wp:attachment":[{"href":"https:\/\/www.fedaiisf.it\/en\/wp-json\/wp\/v2\/media?parent=40760"}],"wp:term":[{"taxonomy":"category","embeddable":true,"href":"https:\/\/www.fedaiisf.it\/en\/wp-json\/wp\/v2\/categories?post=40760"},{"taxonomy":"post_tag","embeddable":true,"href":"https:\/\/www.fedaiisf.it\/en\/wp-json\/wp\/v2\/tags?post=40760"}],"curies":[{"name":"wp","href":"https:\/\/api.w.org\/{rel}","templated":true}]}}