{"id":41126,"date":"2019-02-27T08:04:46","date_gmt":"2019-02-27T07:04:46","guid":{"rendered":"https:\/\/www.fedaiisf.it\/?p=41126"},"modified":"2019-02-27T12:27:52","modified_gmt":"2019-02-27T11:27:52","slug":"agitazione-alla-pfizer-di-ascoli-piceno-sindacati-confindustria-difende-modi-padronali-e-vecchia-e-inadeguata-confindustria-sindacati-irresponsabili","status":"publish","type":"post","link":"https:\/\/www.fedaiisf.it\/en\/agitazione-alla-pfizer-di-ascoli-piceno-sindacati-confindustria-difende-modi-padronali-e-vecchia-e-inadeguata-confindustria-sindacati-irresponsabili\/","title":{"rendered":"Agitation at Pfizer in Ascoli Piceno. Unions: &quot;Confindustria: it defends employers&#039; ways, it is old and inadequate&quot;. Confindustria: &quot;Unions irresponsible&quot;"},"content":{"rendered":"<h1 class=\"title\">Pfizer, i sindacati criticano \u201cConfindustria: difende modi padronali, \u00e8 vecchia e inadeguata alla rinascita\u201d<\/h1>\n<p>Duro comunicato di Cgil, Cisl e Uil in merito all\u2019agitazione in corso nello stabilimento ascolano: \u201cIl presidente Simone Mariani ha gettato la maschera. Offensivo pensare che consideriamo le aziende come vacche da mungere\u201d<\/p>\n<p><a href=\"https:\/\/www.picenooggi.it\/2019\/02\/26\/64147\/pfizer-i-sindacati-criticano-confindustria-difende-modi-padronali-e-vecchia-e-inadeguata-alla-rinascita\/\" target=\"_blank\" rel=\"noopener\">Piceno oggi &#8211; 26 febbraio 2019<\/a><\/p>\n<p>ASCOLI PICENO \u2013 Frizioni tra i sindacati e il Presidente di Confindustria<strong> Simone Mariani<\/strong> in merito all\u2019agitazione dei lavoratori allo stabilimento Pfizer di Ascoli. Scrivono i rappresentanti di <strong>Cgil, Cisl e Uil<\/strong>: \u201cLeggiamo con non poca meraviglia le dichiarazioni del Presidente di Confindustria apparse sulla stampa in merito allo sciopero indetto dalle organizzazioni sindacali di categoria alla Pfizer, dalle quali trapela una difesa d\u2019ufficio del comportamento aziendale ed un attacco gratuito alle Organizzazioni Sindacali e al loro esercizio di tutela dei lavoratori, anche attraverso processi di partecipazione agli obiettivi di crescita e sviluppo dell\u2019impresa\u201d.<\/p>\n<p><a href=\"https:\/\/www.fedaiisf.it\/wp-content\/uploads\/2019\/02\/Pfizer-Ascoli-presidio.jpg\"><img loading=\"lazy\" decoding=\"async\" class=\"wp-image-41129 alignright\" src=\"https:\/\/www.fedaiisf.it\/wp-content\/uploads\/2019\/02\/Pfizer-Ascoli-presidio.jpg\" alt=\"\" width=\"541\" height=\"302\" srcset=\"https:\/\/www.fedaiisf.it\/wp-content\/uploads\/2019\/02\/Pfizer-Ascoli-presidio.jpg 600w, https:\/\/www.fedaiisf.it\/wp-content\/uploads\/2019\/02\/Pfizer-Ascoli-presidio-300x168.jpg 300w\" sizes=\"auto, (max-width: 541px) 100vw, 541px\" \/><\/a>\u201cUna politica, quest\u2019ultima, assunta e formalizzata da Confindustria e sindacati, attraverso\u00a0 accordi nazionali e spesso enunciata e condivisa dalle loro articolazioni locali; un impegno che purtroppo fa fatica a tradursi in comportamenti conseguenti presso le imprese del nostro territorio \u2013 continua la nota \u2013\u00a0Che la cultura della partecipazione faccia fatica ad affermarsi nelle piccole imprese \u00e8 giustificabile, ma che una<strong> multinazionale come la Pfizer attui comportamenti padronali<\/strong> e si sottragga al confronto costruttivo \u00e8 inconcepibile, soprattutto in un territorio che ha scommesso, attraverso la reindustrializzazione finanziata grazie al riconoscimento dell\u2019Area di Crisi Complessa, sullo sviluppo innovativo e partecipato\u201d.<\/p>\n<p>\u201cNello specifico occorre puntualizzare che nel confronto avuto con la Pfizer, assistita dalla Confindustria locale, le Organizzazioni Sindacali\u00a0 hanno sempre evidenziato l\u2019esigenza di concordare una organizzazione del lavoro che meglio rispondesse alle esigenze poste dall\u2019azienda, anche attraverso un regime di orario diverso da quello standard, come \u00e8 sempre accaduto in precedenza.\u00a0A fronte della <strong>richiesta di lavoro del sabato e della domenica<\/strong>, peraltro gi\u00e0 concesso in ogni occasione in cui \u00e8 stato richiesto, \u00e8 stato evidenziato che fosse ingiusto chiedere sacrifici ai lavoratori senza contestualmente risolvere problemi organizzativi aziendali che, come gi\u00e0 scritto dai rappresentanti interni, vedono sistematiche fermate dei turni infrasettimanali a causa di mancanza di materiale da lavorare o non equilibrata distribuzione dei lavoratori sui diversi turni\u201d scrivono i sindacati.<\/p>\n<p><a href=\"https:\/\/www.fedaiisf.it\/wp-content\/uploads\/2019\/02\/Nicolai-CGIL-Ascoli.png\"><img loading=\"lazy\" decoding=\"async\" class=\"size-full wp-image-41132 alignleft\" src=\"https:\/\/www.fedaiisf.it\/wp-content\/uploads\/2019\/02\/Nicolai-CGIL-Ascoli.png\" alt=\"\" width=\"315\" height=\"239\" srcset=\"https:\/\/www.fedaiisf.it\/wp-content\/uploads\/2019\/02\/Nicolai-CGIL-Ascoli.png 315w, https:\/\/www.fedaiisf.it\/wp-content\/uploads\/2019\/02\/Nicolai-CGIL-Ascoli-300x228.png 300w\" sizes=\"auto, (max-width: 315px) 100vw, 315px\" \/><\/a>Che continuano: \u201cE\u2019 inoltr<strong>e falsa l\u2019affermazione secondo la quale siano stati richiesti benefici economici o permessi aggiuntivi in contropartita<\/strong>; le proposte fatte dal sindacato, per rispondere efficacemente alle esigenze rappresentate, sono state di ordine organizzativo e senza costi aggiuntivi per l\u2019azienda proprio per raggiungere una mediazione condivisa. Riteniamo offensivo affermare che il sindacato pensi alla Pfizer, o a qualsiasi altra impresa, come <strong>\u201cuna vacca da mungere<\/strong>\u201d, ci\u00f2 offende la dignit\u00e0 dei lavoratori di questo territorio e di coloro che in questi anni li ha rappresentati con responsabilit\u00e0 e che hanno fatto degli interessi generali\u00a0 di un territorio il fulcro del loro agire\u201d.<\/p>\n<p>\u201cCi siamo impegnati in questi ultimi anni, insieme alla Confindustria, in una serie di iniziative per accrescere la competitivit\u00e0 della nostra provincia e la sua appetibilit\u00e0 per nuovi insediamenti produttivi. Per inciso ricordiamo al Presidente l\u2019indiscutibile impegno di Cgil Cisl e Uil sul riconoscimento dell\u2019Area di Crisi Complessa, accordi sulla produttivit\u00e0 e contrasto all\u2019assenteismo. Il Presidente degli industriali, a<strong>ffermando falsamente che qui ci sono persone che aspettano nuovi investimenti per poter \u201cmungere\u201d\u00a0 le imprese non sta facendo certamente un buon servizio questo territorio<\/strong>\u201d \u00e8 l\u2019accusa.<\/p>\n<p>Ci si rivolge poi direttamente a <strong>Mariani<\/strong>: \u201cAl Presidente vorremmo anche rappresentare che a noi viene molto pi\u00f9 di un sorriso amaro nel leggere che il declino industriale \u00e8 stato indotto dal comportamento delle Organizzazioni Sindacali, un\u2019affermazione\u00a0 che chiunque conosca la storia economico-sindacale della nostra area pu\u00f2 valutare nella sua <strong>falsit\u00e0 e che contestualmente d\u00e0 essa stessa una risposta sulle responsabilit\u00e0 di tale declino<\/strong>; un sistema imprenditoriale che si sottrae dal riconoscere le proprie inadeguatezze e scarica sugli altri soggetti, istituzionali e sociali, le proprie colpe.\u00a0Attraverso il comunicato stampa, <strong>la Confindustria getta la maschera<\/strong>,\u00a0 rappresenta il mondo industriale locale per quello che \u00e8<strong>, vecchio, impermeabile all\u2019innovazione ed inadeguato a sostenere un \u201cnuovo rinascimento industriale\u201d,<\/strong> che continua a rifiutarsi di pensare che i lavoratori siano la\u00a0 risorsa fondamentale per il futuro delle loro aziende.<\/p>\n<hr \/>\n<h1 class=\"title\">Confindustria: \u201cSindacati irresponsabili, la Pfizer ha dato un premio di 1.700 euro a lavoratore\u201d<\/h1>\n<p>Che uno sciopero come questo abbia come tematica \u201cla salvaguardia dello stabilimento in termini di obiettivi produttivi\u201d, come si legge nel comunicato delle Organizzazioni Sindacali, francamente fa un p\u00f2 ridere; un riso amaro purtroppo \u2013 conclude Simone Mariani, Presidente di Confindustria Centro Adriatico \u2013 perch\u00e8 in fondo si palesa ancora una volta la triste verit\u00e0 che \u00e8 tutta racchiusa nel declino industriale di questa citt\u00e0.<\/p>\n<p><a href=\"https:\/\/www.picenooggi.it\/2019\/02\/26\/64179\/confindustria-sindacati-irresponsabili-la-pfizer-ha-dato-un-premio-di-1-700-euro-a-lavoratore\/\" target=\"_blank\" rel=\"noopener\">Piceno oggi &#8211; 26 febbraio 2019<\/a><\/p>\n<p>ASCOLI PICENO \u2013 <em>Il comunicato<\/em> <em>Confindustria Centro Adriatico sulla Pfizer.<\/em><\/p>\n<p><a href=\"https:\/\/www.fedaiisf.it\/wp-content\/uploads\/2019\/02\/Mariani-Confindustria-Ascoli.png\"><img loading=\"lazy\" decoding=\"async\" class=\"size-full wp-image-41133 alignright\" src=\"https:\/\/www.fedaiisf.it\/wp-content\/uploads\/2019\/02\/Mariani-Confindustria-Ascoli.png\" alt=\"\" width=\"292\" height=\"233\" \/><\/a>Confindustria Centro Adriatico interviene a seguito delle dichiarazioni rese dalle Organizzazioni Sindacali in merito allo sciopero proclamato contro l\u2019istituzione dei <strong>turni 3\u00d76 presso la Pfizer.<\/strong><\/p>\n<p>Ci preme sottolineare, in primo luogo, che l\u2019orario di lavoro predisposto dall\u2019azienda \u00e8 un <strong>orario gi\u00e0 contemplato come normale<\/strong>, e come tale regolamentato dal contratto collettivo nazionale di lavoro per l\u2019industria chimica farmaceutica \u2013 condiviso a livello nazionale dalle stesse Organizzazioni Sindacali \u2013 in base alla considerazione che \u201cle esigenze di produttivit\u00e0 e di competitivit\u00e0 delle imprese richiedono anche un continuo ricorso a prestazioni lavorative legate a regimi di orario che realizzino il pieno utilizzo degli impianti e rispondano alle reali variabilit\u00e0 dei mercati, cogliendone tutte le opportunit\u00e0\u201d.<\/p>\n<p>A fronte di esigenze quindi perfettamente coincidenti con le disposizioni del Contratto Nazionale del Lavoro, si sono svolti con le rappresentanze sindacali aziendali e provinciali presso la sede di Confindustria in Ascoli Piceno<strong> almeno quattro incontri formali<\/strong>, durante i quali sono state approfondite e discusse sia le necessit\u00e0 produttive ed organizzative sottese alla modifica dell\u2019orario di lavoro, sia le modalit\u00e0 gestionali connesse alla nuova articolazione degli orari; stupisce pertanto che le stesse parti sindacali presenti al tavolo abbiano motivato la protesta in base a una \u201cscelta unilaterale senza un confronto\u201d.<\/p>\n<p>Ma queste premesse tecnico-sindacali appaiono irrilevanti rispetto all\u2019atteggiamento delle Organizzazioni Sindacali di assoluta i<strong>rresponsabilit\u00e0 di fronte alla situazione economico produttiva di un territorio,<\/strong> come quello piceno, cos\u00ec a rischio di deindustrializzazione da \u201cmeritare\u201d il riconoscimento di Area di Crisi Industriale Complessa, riconoscimento al quale le stesse organizzazioni sindacali si vantano di aver contribuito.<\/p>\n<p><strong>Riteniamo la protesta messa in atto presso la Pfizer una grave manifestazione di incoerenza<\/strong>, anzi un vero e proprio tradimento nei confronti di tutto il sistema economico locale: l\u2019esperienza dell\u2019abbandono del territorio da parte di diverse multinazionali evidentemente <a href=\"https:\/\/www.fedaiisf.it\/wp-content\/uploads\/2015\/10\/confindustria-3.jpg\"><img loading=\"lazy\" decoding=\"async\" class=\"wp-image-21987 alignleft\" src=\"https:\/\/www.fedaiisf.it\/wp-content\/uploads\/2015\/10\/confindustria-3.jpg\" alt=\"\" width=\"415\" height=\"222\" srcset=\"https:\/\/www.fedaiisf.it\/wp-content\/uploads\/2015\/10\/confindustria-3.jpg 798w, https:\/\/www.fedaiisf.it\/wp-content\/uploads\/2015\/10\/confindustria-3-300x161.jpg 300w, https:\/\/www.fedaiisf.it\/wp-content\/uploads\/2015\/10\/confindustria-3-768x411.jpg 768w\" sizes=\"auto, (max-width: 415px) 100vw, 415px\" \/><\/a>non ha insegnato nulla e ci si permette di contrastare scelte aziendali che vanno nel verso dello sviluppo e della competitivit\u00e0 del sito, e che danno <strong>un segnale forte alle speranze di rinascita industriale e sociale del territorio<\/strong> (non dimentichiamoci le assunzioni, effettuate e programmate, dall\u2019azienda), sulla base di \u201cmalumori e disagi\u201d, scomodando e mistificando anche concetti, come quello di stress lavoro correlato, che hanno un diverso e ben pi\u00f9 preciso significato, tra l\u2019altro oggetto, per legge, di specifica valutazione in ambito di sicurezza aziendale.<\/p>\n<p>Malumori e disagi che, si badi bene, sarebbero rientrati (a detta delle Organizzazioni Sindacali), a fronte di <strong>\u201caggiustamenti marginali a costo zero\u201d, come ad esempio il riconoscimento di 8 giorni l\u2019anno di permessi retribuiti in pi\u00f9 per ciascun lavoratore! <\/strong>E\u2019 la solita storia che ha accompagnato la parabola delle multinazionali nel nostro territorio: la considerazione che siano una \u201cvacca da mungere\u201d.<\/p>\n<p>Ma la parabola ha avuto, come sappiamo, una caduta libera, e se, bont\u00e0 sua<strong>, la Pfizer ha potuto ancora permettersi lo scorso anno di firmare un accordo sul premio di partecipazione che vale mediamente 1.700 euro a dipendente<\/strong>, non bisogna dimenticare che gli equilibri economici che consentono di mantere sul territorio imprese ed investimenti sono mutevoli, e che iniziative come quella in atto in azienda rischiano di destabilizzarli irrimediabilmente.<\/p>\n<p>Perci\u00f2, che uno sciopero come questo abbia come tematica \u201cla salvaguardia dello stabilimento in termini di obiettivi produttivi\u201d, come si legge nel comunicato delle Organizzazioni Sindacali, francamente fa un p\u00f2 ridere; un riso amaro purtroppo \u2013 conclude <strong>Simone Mariani<\/strong>, Presidente di Confindustria Centro Adriatico \u2013 perch\u00e8 in fondo si palesa ancora una volta la triste verit\u00e0 che \u00e8 tutta racchiusa nel declino industriale di questa citt\u00e0.<\/p>\n<p>Related news: <a href=\"https:\/\/www.ilfattoquotidiano.it\/in-edicola\/articoli\/2019\/02\/27\/scaricarono-mille-lavoratori-su-una-bad-company-condannati-i-vertici-di-due-big-pharma\/5000780\/\" target=\"_blank\" rel=\"noopener\">Scaricarono mille lavoratori su una bad company: condannati i vertici di due Big pharma<\/a><\/p>","protected":false},"excerpt":{"rendered":"<p>Pfizer, i sindacati criticano \u201cConfindustria: difende modi padronali, \u00e8 vecchia e inadeguata alla rinascita\u201d Duro comunicato di Cgil, Cisl e Uil in merito all\u2019agitazione in corso nello stabilimento ascolano: \u201cIl presidente Simone Mariani ha gettato la maschera. Offensivo pensare che consideriamo le aziende come vacche da mungere\u201d Piceno oggi &#8211; 26 febbraio 2019 ASCOLI PICENO &hellip;<\/p>","protected":false},"author":4,"featured_media":41130,"comment_status":"closed","ping_status":"closed","sticky":false,"template":"","format":"standard","meta":{"footnotes":""},"categories":[1],"tags":[],"class_list":["post-41126","post","type-post","status-publish","format-standard","has-post-thumbnail","hentry","category-notizie"],"amp_enabled":true,"_links":{"self":[{"href":"https:\/\/www.fedaiisf.it\/en\/wp-json\/wp\/v2\/posts\/41126","targetHints":{"allow":["GET"]}}],"collection":[{"href":"https:\/\/www.fedaiisf.it\/en\/wp-json\/wp\/v2\/posts"}],"about":[{"href":"https:\/\/www.fedaiisf.it\/en\/wp-json\/wp\/v2\/types\/post"}],"author":[{"embeddable":true,"href":"https:\/\/www.fedaiisf.it\/en\/wp-json\/wp\/v2\/users\/4"}],"replies":[{"embeddable":true,"href":"https:\/\/www.fedaiisf.it\/en\/wp-json\/wp\/v2\/comments?post=41126"}],"version-history":[{"count":0,"href":"https:\/\/www.fedaiisf.it\/en\/wp-json\/wp\/v2\/posts\/41126\/revisions"}],"wp:featuredmedia":[{"embeddable":true,"href":"https:\/\/www.fedaiisf.it\/en\/wp-json\/wp\/v2\/media\/41130"}],"wp:attachment":[{"href":"https:\/\/www.fedaiisf.it\/en\/wp-json\/wp\/v2\/media?parent=41126"}],"wp:term":[{"taxonomy":"category","embeddable":true,"href":"https:\/\/www.fedaiisf.it\/en\/wp-json\/wp\/v2\/categories?post=41126"},{"taxonomy":"post_tag","embeddable":true,"href":"https:\/\/www.fedaiisf.it\/en\/wp-json\/wp\/v2\/tags?post=41126"}],"curies":[{"name":"wp","href":"https:\/\/api.w.org\/{rel}","templated":true}]}}